{"id":15351,"date":"2022-12-16T14:42:54","date_gmt":"2022-12-16T12:42:54","guid":{"rendered":"https:\/\/edublog.educastur.es\/ixuxu\/?p=15351"},"modified":"2022-12-16T14:45:36","modified_gmt":"2022-12-16T12:45:36","slug":"cual-ye-lorixe-del-arbol-de-navida","status":"publish","type":"post","link":"https:\/\/edublog.educastur.es\/ixuxu\/2022\/12\/cual-ye-lorixe-del-arbol-de-navida\/","title":{"rendered":"\u00bfCu\u00e1l ye l&#8217;orixe del \u00e1rbol de Navid\u00e1?"},"content":{"rendered":"<ul>\n<li><a href=\"https:\/\/www.ngenespanol.com\/historia\/cual-es-el-origen-del-arbol-de-navidad-y-como-se-hizo-una-tradicion\/?fbclid=IwAR2_YswqXp5vIpNzbpfGHePD9jflN-I4UAnL73MWLLmx15OgxyTltaGxZ2U\">Fonte: NG en espa\u00f1ol<\/a><\/li>\n<\/ul>\n<p style=\"text-align: center\"><a href=\"https:\/\/www.ngenespanol.com\/wp-content\/uploads\/2022\/12\/cual-es-el-origen-del-arbol-de-navidad-y-como-se-hizo-una-costumbre.jpg\"><img loading=\"lazy\" decoding=\"async\" class=\"alignnone\" src=\"https:\/\/www.ngenespanol.com\/wp-content\/uploads\/2022\/12\/cual-es-el-origen-del-arbol-de-navidad-y-como-se-hizo-una-costumbre.jpg\" alt=\"\" width=\"682\" height=\"382\" \/><\/a><\/p>\n<p>Anque l&#8217;orixe del \u00e1rbol de Navid\u00e1 nun correspuende a Inglaterra, foi nesi pa\u00eds onde empez\u00f3 a estendese la tradici\u00f3n<\/p>\n<p>Nel hemisferiu norte, l&#8217;iviernu llega escontra los \u00faltimos d\u00edes d&#8217;avientu. La nieve y les baxes temperatures acomu\u00f1en a l&#8217;atm\u00f3sfera navidiega . De xac\u00edu, los motivos cristianos, como les nacencies y la corona d&#8217;advientu, son clave na festivid\u00e1. Sicas\u00ed, cuando se piensa nesto, tien de reconocese qu&#8217;hai un icono de trescendencia especial. Poques persones conocen, sicas\u00ed, l&#8217;orixe del \u00e1rbol de Navid\u00e1.<\/p>\n<p><!--more--><br \/>\nOrixe del \u00e1rbol de Navid\u00e1<\/p>\n<p>Antes del cristianismu, y\u00e1 taba espublizada una creencia con al respective de los \u00e1rboles que permanecen verdes y frondosos cuando l&#8217;iviernu llega. Acordies con History, en dellos pa\u00edses colgaben ca\u00f1es d&#8217;estes plantes en ventanes y puertes. La idea yera que la vitalid\u00e1 y pureza de la naturaleza estornara a pantasmes, bruxes, esp\u00edritos malinos y enfermedaes.<\/p>\n<p>En concretu, de los antiguos exipcios esprendiose un exemplu similar. Mientres el solsticiu, ellos celebraben el trunfu de Ra, dios del Sol, sobre la enfermed\u00e1, enllenando les sos cases con xuncos y palmes pa representar la victoria de la vida frente a la muerte.<br \/>\n\u00bfCu\u00e1l ye l&#8217;orixe del \u00e1rbol de Navid\u00e1?<\/p>\n<p>L&#8217;\u00e1rbol de navid\u00e1, tal que se-y conoz na actualid\u00e1, tien el so orixe n&#8217;Alema\u00f1a, mientres el sieglu XVI. Britannica apunta que tou empez\u00f3 como una representaci\u00f3n que&#8217;l pueblu d&#8217;esti pa\u00eds fa\u00eda del \u00e1rbol del para\u00edsu\u201d. Esta tradici\u00f3n desenvolv\u00edase, espec\u00edficamente, el 24 d&#8217;avientu, fecha que se dedica a l&#8217;alcordanza d&#8217;Ad\u00e1n y Eva. Al entamu, na planta conmemorativa colg\u00e1bense oblees, signu cristianu de la redenci\u00f3n. Darr\u00e9u, \u00e9stes fueron sustituy\u00edes por galletes de diverses formes.<\/p>\n","protected":false},"excerpt":{"rendered":"<p>Fonte: NG en espa\u00f1ol Anque l&#8217;orixe del \u00e1rbol de Navid\u00e1 nun correspuende a Inglaterra, foi nesi pa\u00eds onde empez\u00f3 a estendese la tradici\u00f3n Nel hemisferiu norte, l&#8217;iviernu llega escontra los \u00faltimos d\u00edes d&#8217;avientu. La nieve y les baxes temperatures acomu\u00f1en a l&#8217;atm\u00f3sfera navidiega . De xac\u00edu, los motivos cristianos, como les nacencies y la corona [&hellip;]<\/p>\n","protected":false},"author":117,"featured_media":0,"comment_status":"open","ping_status":"open","sticky":false,"template":"","format":"standard","meta":{"footnotes":""},"categories":[25,81],"tags":[],"class_list":["post-15351","post","type-post","status-publish","format-standard","hentry","category-curiosidaes","category-nadal"],"_links":{"self":[{"href":"https:\/\/edublog.educastur.es\/ixuxu\/wp-json\/wp\/v2\/posts\/15351","targetHints":{"allow":["GET"]}}],"collection":[{"href":"https:\/\/edublog.educastur.es\/ixuxu\/wp-json\/wp\/v2\/posts"}],"about":[{"href":"https:\/\/edublog.educastur.es\/ixuxu\/wp-json\/wp\/v2\/types\/post"}],"author":[{"embeddable":true,"href":"https:\/\/edublog.educastur.es\/ixuxu\/wp-json\/wp\/v2\/users\/117"}],"replies":[{"embeddable":true,"href":"https:\/\/edublog.educastur.es\/ixuxu\/wp-json\/wp\/v2\/comments?post=15351"}],"version-history":[{"count":4,"href":"https:\/\/edublog.educastur.es\/ixuxu\/wp-json\/wp\/v2\/posts\/15351\/revisions"}],"predecessor-version":[{"id":15355,"href":"https:\/\/edublog.educastur.es\/ixuxu\/wp-json\/wp\/v2\/posts\/15351\/revisions\/15355"}],"wp:attachment":[{"href":"https:\/\/edublog.educastur.es\/ixuxu\/wp-json\/wp\/v2\/media?parent=15351"}],"wp:term":[{"taxonomy":"category","embeddable":true,"href":"https:\/\/edublog.educastur.es\/ixuxu\/wp-json\/wp\/v2\/categories?post=15351"},{"taxonomy":"post_tag","embeddable":true,"href":"https:\/\/edublog.educastur.es\/ixuxu\/wp-json\/wp\/v2\/tags?post=15351"}],"curies":[{"name":"wp","href":"https:\/\/api.w.org\/{rel}","templated":true}]}}