{"id":15383,"date":"2022-12-19T15:17:20","date_gmt":"2022-12-19T13:17:20","guid":{"rendered":"https:\/\/edublog.educastur.es\/ixuxu\/?p=15383"},"modified":"2022-12-19T15:57:20","modified_gmt":"2022-12-19T13:57:20","slug":"dalgunes-recomendaciones-llectores","status":"publish","type":"post","link":"https:\/\/edublog.educastur.es\/ixuxu\/2022\/12\/dalgunes-recomendaciones-llectores\/","title":{"rendered":"Dalgunes recomendaciones llectores"},"content":{"rendered":"<div>\n<div>\n<div>\n<div><a href=\"https:\/\/www.pintar-pintar.com\/p10199855-los-paxaros.html\"><img loading=\"lazy\" decoding=\"async\" class=\"alignnone\" src=\"https:\/\/cdn.palbincdn.com\/users\/11282\/images\/cubierta-web-1662541517.jpg\" alt=\"\" width=\"205\" height=\"205\" \/><\/a>\/<a href=\"https:\/\/www.pintar-pintar.com\/p10445574-cuntacuentos-taller-los-paxaros.html\"><img loading=\"lazy\" decoding=\"async\" class=\"alignnone\" src=\"https:\/\/cdn.palbincdn.com\/users\/11282\/images\/22enero-1670494499.jpeg\" alt=\"\" width=\"210\" height=\"210\" \/><\/a><\/div>\n<blockquote>\n<div><\/div>\n<div><b>Noved\u00e1 pa la reciella<\/b>: <b>\u00abLos p\u00e1xaros\u00bb<\/b><a id=\"LPlnkOWALinkPreview\" title=\"https:\/\/www.pintar-pintar.com\/p10199855-los-paxaros.html\" href=\"https:\/\/www.pintar-pintar.com\/p10199855-los-paxaros.html\" target=\"_blank\" rel=\"noopener noreferrer\" data-auth=\"NotApplicable\" data-safelink=\"true\" data-linkindex=\"2\"> Ficha<\/a><\/div>\n<\/blockquote>\n<ul>\n<li>\n<div id=\"LPDescription616718\"><em><span style=\"color: #008080\">Resume: El d\u00eda en que fai cuatro a\u00f1os, Leo recibe un regalu inesper\u00e1u, una guitarra que lu conquista y que lu va camudar pa siempres. Dende&#8217;l principiu, Leo nun apea l&#8217;instrumentu, prauticando pa convertise, de mayor, nun m\u00fasicu formidable.<\/span><\/em><\/div>\n<\/li>\n<\/ul>\n<div>\n<div id=\"LPBorder_GTaHR0cHM6Ly93d3cucGludGFyLXBpbnRhci5jb20vcDEwMTk5ODU1LWxvcy1wYXhhcm9zLmh0bWw.\">\n<table id=\"LPContainer616718\" style=\"width: 5.43872%;height: 5px\" role=\"presentation\">\n<tbody>\n<tr valign=\"top\">\n<td style=\"width: 8.55693%\"><\/td>\n<td style=\"width: 90.8629%\"><\/td>\n<\/tr>\n<\/tbody>\n<\/table>\n<\/div>\n<\/div>\n<div title=\"Quitar vista previa de v\u00ednculo\" role=\"button\"><\/div>\n<\/div>\n<div><strong><span style=\"color: #008080\">Ivana Casta\u00f1\u00f3n \/ P\u00e1xines: 36\u00a0 \/ Editorial Pintar-Pintar : <\/span><\/strong><b><span style=\"color: #008080\">6 \u20ac<\/span> \/\u00a0 <\/b>Plaza Xuan XXIII &#8211;\u00a0 Uvi\u00e9u<\/div>\n<div><span style=\"color: #008080\"><strong>Cuntacuentos + taller: 8 \u20ac<\/strong> (Domingu 22 Xineru, 12.30 hores) Materiales +<b> un exemplar <\/b>del \u00e1lbum infantil incluy\u00edos<\/span> nel preciu<a id=\"LPlnkOWALinkPreview_1\" title=\"https:\/\/www.pintar-pintar.com\/p10445574-cuntacuentos-taller-los-paxaros.html\" href=\"https:\/\/www.pintar-pintar.com\/p10445574-cuntacuentos-taller-los-paxaros.html\" target=\"_blank\" rel=\"noopener noreferrer\" data-auth=\"NotApplicable\" data-safelink=\"true\" data-linkindex=\"5\"> + info<\/a><\/div>\n<div>\n<div id=\"LPBorder_GTaHR0cHM6Ly93d3cucGludGFyLXBpbnRhci5jb20vcDEwNDQ1NTc0LWN1bnRhY3VlbnRvcy10YWxsZXItbG9zLXBheGFyb3MuaHRtbA..\">\n<table id=\"LPContainer932513\" role=\"presentation\">\n<tbody>\n<tr valign=\"top\">\n<td><\/td>\n<td><\/td>\n<\/tr>\n<\/tbody>\n<\/table>\n<\/div>\n<\/div>\n<\/div>\n<div><!--more--><\/div>\n<div><\/div>\n<div style=\"text-align: center\"><a href=\"https:\/\/pbs.twimg.com\/media\/FLUPC-PWYAMBkNQ.jpg:large\"><img loading=\"lazy\" decoding=\"async\" class=\"alignnone\" src=\"https:\/\/pbs.twimg.com\/media\/FLUPC-PWYAMBkNQ.jpg:large\" alt=\"\" width=\"240\" height=\"325\" \/><\/a><\/div>\n<div><b>Primer diccionariu n&#8217;asturianu: <\/b><\/div>\n<blockquote>\n<div><span style=\"color: #008080\"><b>\u00abEl mio primer vocabulariu n&#8217;asturianu\u00bb<\/b><\/span><a id=\"LPlnk145731\" title=\"https:\/\/politicallinguistica.asturias.es\/ast\/axenda\/-\/asset_publisher\/ePcpMIQ3f7GU\/content\/el-mio-primer-vocabulariu-n-asturianu\" href=\"https:\/\/politicallinguistica.asturias.es\/ast\/axenda\/-\/asset_publisher\/ePcpMIQ3f7GU\/content\/el-mio-primer-vocabulariu-n-asturianu\" target=\"_blank\" rel=\"noopener noreferrer\" data-auth=\"NotApplicable\" data-safelink=\"true\" data-linkindex=\"0\">Ficha<\/a><\/div>\n<\/blockquote>\n<div>\n<div>Academia de la Llingua, 2021<\/div>\n<div>Autor: Enrique Carballeira<\/div>\n<div>P\u00e1xines: 42\u00a0 \/ ISBN: 9788481685985\u00a0 \/<br \/>\n<b>Preciu: 12 \u20ac<\/b><\/div>\n<div><\/div>\n<div><img loading=\"lazy\" decoding=\"async\" class=\"alignnone \" src=\"https:\/\/encrypted-tbn0.gstatic.com\/images?q=tbn:ANd9GcTR28kVyfgd3qwCkn2ICP6JNBpKea-RZS3fF5sLEuFyAkmWuml3Qyn-alg-FidZmJD8Ug&amp;usqp=CAU\" width=\"197\" height=\"21\" \/><\/div>\n<\/div>\n<div style=\"text-align: center\"><a href=\"https:\/\/cdn.palbincdn.com\/users\/11282\/images\/Carta-dArturollibru-1413798395.jpg\"><img loading=\"lazy\" decoding=\"async\" class=\"alignnone\" src=\"https:\/\/cdn.palbincdn.com\/users\/11282\/images\/Carta-dArturollibru-1413798395.jpg\" alt=\"\" width=\"465\" height=\"425\" \/><\/a><\/div>\n<div>\n<div>\n<p><b>Poes\u00eda:<\/b> <b>\u00abVersonaxes\u00bb <\/b><a title=\"https:\/\/www.pintar-pintar.com\/p800189-versonaxes.html\" href=\"https:\/\/www.pintar-pintar.com\/p800189-versonaxes.html\" target=\"_blank\" rel=\"noopener noreferrer\" data-auth=\"NotApplicable\" data-safelink=\"true\" data-linkindex=\"1\">Ficha<\/a><\/p>\n<div>\n<div>Aurelio Gonz\u00e1lez Ovies<\/div>\n<\/div>\n<div>Editorial Pintar-Pintar :<b> 6 \u20ac<\/b>\/ P\u00e1xines: 56<br aria-hidden=\"true\" \/><strong>ISBN:<\/strong> 9788492964512<\/div>\n<\/div>\n<div><img loading=\"lazy\" decoding=\"async\" class=\"alignnone \" src=\"https:\/\/encrypted-tbn0.gstatic.com\/images?q=tbn:ANd9GcTR28kVyfgd3qwCkn2ICP6JNBpKea-RZS3fF5sLEuFyAkmWuml3Qyn-alg-FidZmJD8Ug&amp;usqp=CAU\" width=\"197\" height=\"21\" \/><\/div>\n<\/div>\n<\/div>\n<div><b>Noved\u00e1 pa lectores 3\u00ba ciclu<\/b><\/div>\n<div style=\"text-align: center\"><a href=\"https:\/\/lafabriquina.myshopify.com\/products\/asturianas-veinte-mujeres-y-colectivos-inspiradores?variant=43465108979953\"><img loading=\"lazy\" decoding=\"async\" class=\"alignnone\" src=\"https:\/\/www.cervantes.com\/imagen.php?ean=9788409451722&amp;ancho=250\" alt=\"\" width=\"250\" height=\"308\" \/><\/a><\/div>\n<blockquote>\n<div><b>\u00abAsturianes: venti muyeres y colectivos inspiradores\u00bb <a id=\"LPlnkOWALinkPreview_2\" title=\"https:\/\/lafabriquina.myshopify.com\/products\/asturianas-veinte-mujeres-y-colectivos-inspiradores?variant=43465108979953\" href=\"https:\/\/lafabriquina.myshopify.com\/products\/asturianas-veinte-mujeres-y-colectivos-inspiradores?variant=43465108979953\" target=\"_blank\" rel=\"noopener noreferrer\" data-auth=\"NotApplicable\" data-safelink=\"true\" data-linkindex=\"8\">Ficha<\/a><\/b><\/div>\n<\/blockquote>\n<ul>\n<li>Autores: <a href=\"https:\/\/www.cervantes.com\/autor\/229828\/alvarez-sanguino-alicia\/\">Alicia \u00c1lvarez Sanguino <\/a> ; <a href=\"https:\/\/www.cervantes.com\/index.php?titulo=&amp;ilustrador=Ortiz, Mar\u00eda&amp;e=1&amp;submit2=buscar&amp;pag=modulo&amp;IdModulo=11\"> Mar\u00eda Ortiz<\/a> (Ilustrador) ; <a href=\"https:\/\/www.cervantes.com\/index.php?titulo=&amp;traductor=Guardado Diez,David&amp;e=1&amp;submit2=buscar&amp;pag=modulo&amp;IdModulo=11\">David Guardado Diez<\/a> (Traductor)<\/li>\n<li>Editorial: La Fabriquina \/\u00a0 P\u00e1xines: 44 \/ <b>Preciu: 18 \u20ac <\/b><\/li>\n<\/ul>\n<div><em><span style=\"color: #008080\">Nun ye necesario dir mui llo\u00f1e pa buscar referentes femeninos. Aida Lafuente, Margarita Salas, Cor\u00edn Tellado, les cigarreres, Xosefa Xovellanos, la Busdonga o Rosa Fern\u00e1ndez son dellos de los nomes que formen esta escoyeta de muyeres y colectivos que n&#8217;Asturies, dende distintes \u00e1rees y en diferentes momentos hist\u00f3ricos, contribuyeron colos sos llogros a rozar el cam\u00edn de la iguald\u00e1. <\/span><\/em><em><span style=\"color: #008080\">Ensin el so inconformismu y la so valent\u00eda nun sedr\u00eda posible recuperar el papel activu que per sieglos se-yos neg\u00f3 a les muyeres na socied\u00e1.<\/span><\/em><br \/>\nLos testos d&#8217;Alicia \u00c1lvarez y les ilustraciones de Mar\u00eda Ortiz all\u00e9guennos de forma \u00fanica a les vides, profesiones, conquistes y momentos determinantes d&#8217;estes asturianes que participaron de manera fundamental na construcci\u00f3n de la nuestra historia.<\/div>\n<div><\/div>\n","protected":false},"excerpt":{"rendered":"<p>\/ Noved\u00e1 pa la reciella: \u00abLos p\u00e1xaros\u00bb Ficha Resume: El d\u00eda en que fai cuatro a\u00f1os, Leo recibe un regalu inesper\u00e1u, una guitarra que lu conquista y que lu va camudar pa siempres. Dende&#8217;l principiu, Leo nun apea l&#8217;instrumentu, prauticando pa convertise, de mayor, nun m\u00fasicu formidable. Ivana Casta\u00f1\u00f3n \/ P\u00e1xines: 36\u00a0 \/ Editorial Pintar-Pintar [&hellip;]<\/p>\n","protected":false},"author":117,"featured_media":0,"comment_status":"open","ping_status":"open","sticky":false,"template":"","format":"standard","meta":{"footnotes":""},"categories":[10,36],"tags":[],"class_list":["post-15383","post","type-post","status-publish","format-standard","hentry","category-llibros-reciella","category-recomendaciones"],"_links":{"self":[{"href":"https:\/\/edublog.educastur.es\/ixuxu\/wp-json\/wp\/v2\/posts\/15383","targetHints":{"allow":["GET"]}}],"collection":[{"href":"https:\/\/edublog.educastur.es\/ixuxu\/wp-json\/wp\/v2\/posts"}],"about":[{"href":"https:\/\/edublog.educastur.es\/ixuxu\/wp-json\/wp\/v2\/types\/post"}],"author":[{"embeddable":true,"href":"https:\/\/edublog.educastur.es\/ixuxu\/wp-json\/wp\/v2\/users\/117"}],"replies":[{"embeddable":true,"href":"https:\/\/edublog.educastur.es\/ixuxu\/wp-json\/wp\/v2\/comments?post=15383"}],"version-history":[{"count":6,"href":"https:\/\/edublog.educastur.es\/ixuxu\/wp-json\/wp\/v2\/posts\/15383\/revisions"}],"predecessor-version":[{"id":15395,"href":"https:\/\/edublog.educastur.es\/ixuxu\/wp-json\/wp\/v2\/posts\/15383\/revisions\/15395"}],"wp:attachment":[{"href":"https:\/\/edublog.educastur.es\/ixuxu\/wp-json\/wp\/v2\/media?parent=15383"}],"wp:term":[{"taxonomy":"category","embeddable":true,"href":"https:\/\/edublog.educastur.es\/ixuxu\/wp-json\/wp\/v2\/categories?post=15383"},{"taxonomy":"post_tag","embeddable":true,"href":"https:\/\/edublog.educastur.es\/ixuxu\/wp-json\/wp\/v2\/tags?post=15383"}],"curies":[{"name":"wp","href":"https:\/\/api.w.org\/{rel}","templated":true}]}}