{"id":15474,"date":"2022-12-23T10:25:01","date_gmt":"2022-12-23T08:25:01","guid":{"rendered":"https:\/\/edublog.educastur.es\/ixuxu\/?p=15474"},"modified":"2022-12-23T10:29:19","modified_gmt":"2022-12-23T08:29:19","slug":"el-tiempu-nasturies-3","status":"publish","type":"post","link":"https:\/\/edublog.educastur.es\/ixuxu\/2022\/12\/el-tiempu-nasturies-3\/","title":{"rendered":"El Tiempu n&#8217;Asturies"},"content":{"rendered":"<p style=\"text-align: center\">\n<!-- iframe plugin v.6.0 wordpress.org\/plugins\/iframe\/ -->\n<iframe loading=\"lazy\" src=\"https:\/\/www.facebook.com\/plugins\/post.php?href=https%3A%2F%2Fwww.facebook.com%2Fphoto%2F%3Ffbid%3D476731281274953%26set%3Da.408802511401164&#038;show_text=true&#038;width=500\" width=\"500\" height=\"419\" style=\"border:none;overflow:hidden\" scrolling=\"no\" frameborder=\"0\" allowfullscreen=\"true\" allow=\"autoplay; clipboard-write; encrypted-media; picture-in-picture; web-share\" 0=\"\/iframe\" class=\"iframe-class\"><\/iframe>\n<\/p>\n<div class=\"\" dir=\"auto\">\n<div id=\"jsc_c_gi\" class=\"x1iorvi4 x1pi30zi x1l90r2v x1swvt13\" data-ad-comet-preview=\"message\" data-ad-preview=\"message\">\n<div class=\"x78zum5 xdt5ytf xz62fqu x16ldp7u\">\n<div class=\"xu06os2 x1ok221b\">\n<div class=\"x11i5rnm xat24cr x1mh8g0r x1vvkbs xtlvy1s x126k92a\">\n<div dir=\"auto\">Bonos d\u00edes, bona xente.<\/div>\n<\/div>\n<div class=\"x11i5rnm xat24cr x1mh8g0r x1vvkbs xtlvy1s x126k92a\">\n<div dir=\"auto\"><strong>Alborecemos<\/strong> col cielu empuerc\u00e1u de nubes medies y altes con raches moderaes de vientu tantu na costa como en zones altes ya con unes temperatures que tan alrodiu de los 18\u00baC nel llitoral, pelos 12\u00baC nel interior y rexistr\u00e1ndose nel puirtu Payares 7,1\u00baC.<\/div>\n<div dir=\"auto\"><\/div>\n<\/div>\n<div class=\"x11i5rnm xat24cr x1mh8g0r x1vvkbs xtlvy1s x126k92a\">\n<div dir=\"auto\"><strong>G\u00fcei<\/strong> vamos tener un d\u00eda seliqu\u00edn con nubosid\u00e1 pero sin malpenes precipitaciones que puen dase y\u00e1 col camudu&#8217;l d\u00eda. Les temperatures van seguir siendo mui suaves y l&#8217;aire \u00e1brigu va dir coyendo puxu, sobre too al mediud\u00eda.<\/div>\n<div dir=\"auto\"><!--more--><\/div>\n<\/div>\n<div class=\"x11i5rnm xat24cr x1mh8g0r x1vvkbs xtlvy1s x126k92a\">\n<div dir=\"auto\"><strong>Ma\u00f1ana s\u00e1badu<\/strong> vamos tener nubosid\u00e1 abondosa, principalmente de tipu baxu que mos dexar\u00e1 un ambiente h\u00famedo con precipitaciones febles y disperses ya con un descensu de les temperatures con una variaci\u00f3n t\u00e9rmica pequena que rondando los 11-12\u00baC durante tol d\u00eda, l&#8217;aire \u00e1brigu seguir\u00e1 siendo molestu en zones altes de monta\u00f1a quedando sele ya variable nel restu.<\/div>\n<div dir=\"auto\"><\/div>\n<\/div>\n<div class=\"x11i5rnm xat24cr x1mh8g0r x1vvkbs xtlvy1s x126k92a\">\n<div dir=\"auto\"><strong>El domingu<\/strong> seguiremos cola mesma din\u00e1mica, cielu mui nuboso, principalmente de nubosid\u00e1 baxa que mos apurrir\u00e1 abondosa humed\u00e1 que vendr\u00e1 acompangada de precipitaciones, febles en xeneral anque cola posibilid\u00e1 de dalg\u00fan xarabatu de calter moder\u00e1u na alborada, les temperatures descender\u00e1n un poqui\u00f1in m\u00e1s y la nieve pue surdir nes cumes m\u00e1s altes de Picos d&#8217;Europa.<\/div>\n<\/div>\n<div class=\"x11i5rnm xat24cr x1mh8g0r x1vvkbs xtlvy1s x126k92a\">\n<div dir=\"auto\">El llunes puen abrise dellos claros pero entov\u00eda con riesgu de precipitaciones, am\u00e1s les temperatures volver\u00e1n a baxar un par de graos m\u00e1s.<\/div>\n<div dir=\"auto\"><\/div>\n<\/div>\n<div class=\"x11i5rnm xat24cr x1mh8g0r x1vvkbs xtlvy1s x126k92a\">\n<div dir=\"auto\">Que pas\u00e9is un bon vienres collacies ya collacios.<\/div>\n<\/div>\n<\/div>\n<\/div>\n<\/div>\n<\/div>\n<p>&nbsp;<\/p>\n<div>\n<div id=\"jsc_c_gj\" class=\"x1n2onr6\">\n<div class=\"x6ikm8r x10wlt62\" aria-hidden=\"false\"><\/div>\n<\/div>\n<\/div>\n<div>\n<div class=\"x168nmei x13lgxp2 x30kzoy x9jhf4c x6ikm8r x10wlt62\" data-visualcompletion=\"ignore-dynamic\">\n<div>\n<div>\n<div>\n<div class=\"x1n2onr6\">\n<div class=\"x6s0dn4 xi81zsa x78zum5 x6prxxf x13a6bvl xvq8zen xdj266r xktsk01 xat24cr x1d52u69 x889kno x4uap5 x1a8lsjc xkhd6sd xdppsyt\">\n<div class=\"x6s0dn4 x78zum5 x1iyjqo2 x6ikm8r x10wlt62\"><\/div>\n<\/div>\n<\/div>\n<\/div>\n<\/div>\n<\/div>\n<\/div>\n<\/div>\n<div class=\"x1n2onr6 x1ja2u2z x9f619 x78zum5 xdt5ytf x2lah0s x193iq5w x12nagc x1gslohp\">\n<div class=\"x9f619 x1n2onr6 x1ja2u2z x78zum5 xdt5ytf x1iyjqo2 x2lwn1j\">\n<div class=\"x9f619 x1n2onr6 x1ja2u2z x78zum5 xdt5ytf x2lah0s x193iq5w x1swvt13 x1pi30zi\">\n<div class=\"\">\n<div class=\"x78zum5 x1q0g3np x1a2a7pz\">\n<div class=\"x1r8uery x1iyjqo2 x6ikm8r x10wlt62 x4uap5\">\n<div class=\"x1iyjqo2\"><\/div>\n<div class=\"x1iyjqo2\"><\/div>\n<div class=\"x1iyjqo2\"><\/div>\n<\/div>\n<\/div>\n<\/div>\n<\/div>\n<\/div>\n<\/div>\n<div><\/div>\n","protected":false},"excerpt":{"rendered":"<p>Bonos d\u00edes, bona xente. Alborecemos col cielu empuerc\u00e1u de nubes medies y altes con raches moderaes de vientu tantu na costa como en zones altes ya con unes temperatures que tan alrodiu de los 18\u00baC nel llitoral, pelos 12\u00baC nel interior y rexistr\u00e1ndose nel puirtu Payares 7,1\u00baC. G\u00fcei vamos tener un d\u00eda seliqu\u00edn con nubosid\u00e1 [&hellip;]<\/p>\n","protected":false},"author":117,"featured_media":0,"comment_status":"open","ping_status":"open","sticky":false,"template":"","format":"standard","meta":{"footnotes":""},"categories":[5],"tags":[],"class_list":["post-15474","post","type-post","status-publish","format-standard","hentry","category-tiempu"],"_links":{"self":[{"href":"https:\/\/edublog.educastur.es\/ixuxu\/wp-json\/wp\/v2\/posts\/15474","targetHints":{"allow":["GET"]}}],"collection":[{"href":"https:\/\/edublog.educastur.es\/ixuxu\/wp-json\/wp\/v2\/posts"}],"about":[{"href":"https:\/\/edublog.educastur.es\/ixuxu\/wp-json\/wp\/v2\/types\/post"}],"author":[{"embeddable":true,"href":"https:\/\/edublog.educastur.es\/ixuxu\/wp-json\/wp\/v2\/users\/117"}],"replies":[{"embeddable":true,"href":"https:\/\/edublog.educastur.es\/ixuxu\/wp-json\/wp\/v2\/comments?post=15474"}],"version-history":[{"count":2,"href":"https:\/\/edublog.educastur.es\/ixuxu\/wp-json\/wp\/v2\/posts\/15474\/revisions"}],"predecessor-version":[{"id":15476,"href":"https:\/\/edublog.educastur.es\/ixuxu\/wp-json\/wp\/v2\/posts\/15474\/revisions\/15476"}],"wp:attachment":[{"href":"https:\/\/edublog.educastur.es\/ixuxu\/wp-json\/wp\/v2\/media?parent=15474"}],"wp:term":[{"taxonomy":"category","embeddable":true,"href":"https:\/\/edublog.educastur.es\/ixuxu\/wp-json\/wp\/v2\/categories?post=15474"},{"taxonomy":"post_tag","embeddable":true,"href":"https:\/\/edublog.educastur.es\/ixuxu\/wp-json\/wp\/v2\/tags?post=15474"}],"curies":[{"name":"wp","href":"https:\/\/api.w.org\/{rel}","templated":true}]}}