{"id":15719,"date":"2023-01-13T15:50:26","date_gmt":"2023-01-13T13:50:26","guid":{"rendered":"https:\/\/edublog.educastur.es\/ixuxu\/?p=15719"},"modified":"2023-01-17T12:40:14","modified_gmt":"2023-01-17T10:40:14","slug":"laeropuertu-asturianu-medra-hasta-rozar-el-millon-y-mediu-de-pasaxeros-en-2022","status":"publish","type":"post","link":"https:\/\/edublog.educastur.es\/ixuxu\/2023\/01\/laeropuertu-asturianu-medra-hasta-rozar-el-millon-y-mediu-de-pasaxeros-en-2022\/","title":{"rendered":"L&#8217;aeropuertu asturianu medra hasta rozar el mill\u00f3n y mediu de pasaxeros en 2022"},"content":{"rendered":"<p style=\"text-align: center\"><a href=\"https:\/\/migijon.com\/wp-content\/uploads\/2022\/09\/Fb9z4RtXgAEnCTA-1280x720.jpeg\"><img loading=\"lazy\" decoding=\"async\" class=\"alignnone\" src=\"https:\/\/migijon.com\/wp-content\/uploads\/2022\/09\/Fb9z4RtXgAEnCTA-1280x720.jpeg\" alt=\"\" width=\"1280\" height=\"720\" \/><\/a><\/p>\n<ul>\n<li>Fonte: <a href=\"https:\/\/www.rtpa.es\/noticias-asturias-ast:El-aeropuerto-asturiano-crece-hasta-rozar-el-millon-y-medio-de-pasajeros-en-2022_111673353689.html?fbclid=IwAR2HT_1CUSi6cmqV08x1Xo-0cvaEIjBrF2KvCjlsl3okJhmOgPT38V4quZM\">RTPA<\/a> \/L&#8217;aeropuertu asturianu medra hasta rozar el mill\u00f3n y mediu de pasaxeros en 2022<\/li>\n<li><a href=\"https:\/\/www.aena.es\/es\/asturias.html\">Aeropuertu de Ran\u00f3n<\/a> \/<a href=\"https:\/\/es.wikipedia.org\/wiki\/Aeropuerto_de_Asturias\">WIKI<\/a> \/\u00a0 <a href=\"https:\/\/www.aena.es\/es\/asturias\/aerolineas-y-destinos\/aerolineas.html\">Aerol\u00ednies<\/a> \/ <a href=\"https:\/\/migijon.com\/wp-content\/uploads\/2022\/09\/Fb9z4RtXgAEnCTA-1280x720.jpeg\">Destinos<\/a> \/<a href=\"https:\/\/www.google.com\/search?q=aeropuerto+ranon&amp;client=firefox-b-d&amp;sxsrf=AJOqlzUFd-1MyMxgQVEDTNnK3oTffH4iSQ:1673531148629&amp;source=lnms&amp;tbm=isch&amp;sa=X&amp;ved=2ahUKEwjyu4mtlcL8AhVEQ_EDHasDCzoQ_AUoA3oECAIQBQ&amp;biw=1760&amp;bih=850&amp;dpr=1.09\">imaxes<\/a> \/<\/li>\n<\/ul>\n<div id=\"multimedia\" class=\"capa_imagen_player img-det-not\">\n<div id=\"mediaplayer\">\n<div id=\"video-a-reproducir\" class=\"video-js vjs-default-skin vjs-16-9 vjs-big-play-centered vjs-paused vjs-controls-enabled vjs-workinghover vjs-v7 vjs-user-active video-a-reproducir-dimensions\" lang=\"\" role=\"region\" aria-label=\"Video Player\">\n<ul>\n<li>1.454.763 pasaxeros en 2022<\/li>\n<li>12.189 operaciones en 2022<\/li>\n<li>9 tonelaes de carga en 2022<\/li>\n<\/ul>\n<\/div>\n<\/div>\n<\/div>\n<div id=\"noticiacompleta\" class=\"contenido-padding-resp parragraph-padding font-c-conent\"><!--more-->Un total de 106.405 pasaxeros estranxeros y 1.343.532 viaxeros nacionales pasaron pela infraestructura.<\/div>\n<div class=\"contenido-padding-resp parragraph-padding font-c-conent\">\n<p style=\"text-align: center\"><img loading=\"lazy\" decoding=\"async\" class=\"alignnone size-full\" src=\"https:\/\/upload.wikimedia.org\/wikipedia\/commons\/d\/d4\/Aeropuerto_20.11.21.jpg\" width=\"1329\" height=\"748\" \/><\/p>\n<p>L\u2019Aeropuertu d\u2019Asturies super\u00f3\u2019l tr\u00e1ficu rexistr\u00e1u en 2019 y roz\u00f3\u2019l mill\u00f3n y mediu de pasaxeros l\u2019exerciciu pas\u00e1u, seg\u00fan el balance qu\u2019ufiert\u00f3 esti martes Aena, que tami\u00e9n destac\u00f3\u2019l datu de que la terminal algam\u00f3\u2019l meyor avientu de la so historia con cerca de 140.000 viaxeros.<\/p>\n<p>En concreto, l\u2019er\u00f3dromu asturianu zarr\u00f3 2022 con un total de 1.454.763 pasaxeros, una cifra que sup\u00f3n una medr\u00eda d\u2019un 2,6% del total a\u00f1al de 2019 y qu\u2019afita la recuperaci\u00f3n del tr\u00e1ficu na infraestructura asturiana, seg\u00fan l\u2019ente p\u00fablicu.<\/p>\n<p>El balance del a\u00f1u 2022 dexa datos positivos na terminal a\u00e9rea que, de sigu\u00edo dende\u2019l mes de mayu, afit\u00f3 una tendencia al alza y super\u00f3 los rexistros de tr\u00e1ficu de los a\u00f1os enantes de la crisis sanitaria.<\/p>\n<p style=\"text-align: center\"><a href=\"https:\/\/static1.elcomercio.es\/www\/multimedia\/201707\/28\/media\/cortadas\/26370711-kRRB--624x295@El%20Comercio.jpg\"><img loading=\"lazy\" decoding=\"async\" class=\"alignnone\" src=\"https:\/\/static1.elcomercio.es\/www\/multimedia\/201707\/28\/media\/cortadas\/26370711-kRRB--624x295@El%20Comercio.jpg\" alt=\"\" width=\"624\" height=\"295\" \/><\/a><\/p>\n<p>L&#8217;Aeropuertu d&#8217;Asturies at\u00f3pase asiti\u00e1u nel t\u00e9rminu municipal de Castrill\u00f3n, a 15 kil\u00f3metros d&#8217;Avil\u00e9s,\u00a040 de Xix\u00f3n y 47 d&#8217;Uvi\u00e9u.<\/p>\n<p>Mientres los \u00faltimos a\u00f1os acometi\u00e9ronse diverses reformes (adecuaci\u00f3n del campu de vuelos, ampliaci\u00f3n de la plataforma d&#8217;estacionamientu d&#8217;aeronaves y ampliaci\u00f3n del edificiu terminal) col fin de dotar al aeropuertu d&#8217;unes meyores infraestructures y servicios.<\/p>\n<p>El tr\u00e1ficu esistente nel Aeropuertu d&#8217;Asturies correspuende principalmente a vuelos d&#8217;aviaci\u00f3n comercial con un marc\u00e1u calter regular, tantu de procedencia nacional como internacional.<\/p>\n<p style=\"text-align: center\"><a href=\"https:\/\/cdn.flightsim.to\/images\/13\/QwABIE5M.jpg?width=1400&amp;auto_optimize=medium\"><img loading=\"lazy\" decoding=\"async\" class=\"alignnone\" src=\"https:\/\/cdn.flightsim.to\/images\/13\/QwABIE5M.jpg?width=1400&amp;auto_optimize=medium\" alt=\"\" width=\"1024\" height=\"577\" \/><\/a><\/p>\n<p>&nbsp;<\/p>\n<\/div>\n<p>&nbsp;<\/p>\n","protected":false},"excerpt":{"rendered":"<p>Fonte: RTPA \/L&#8217;aeropuertu asturianu medra hasta rozar el mill\u00f3n y mediu de pasaxeros en 2022 Aeropuertu de Ran\u00f3n \/WIKI \/\u00a0 Aerol\u00ednies \/ Destinos \/imaxes \/ 1.454.763 pasaxeros en 2022 12.189 operaciones en 2022 9 tonelaes de carga en 2022<\/p>\n","protected":false},"author":117,"featured_media":0,"comment_status":"open","ping_status":"open","sticky":false,"template":"","format":"standard","meta":{"footnotes":""},"categories":[19,232,18],"tags":[],"class_list":["post-15719","post","type-post","status-publish","format-standard","hentry","category-asturies","category-tresportes","category-turismu"],"_links":{"self":[{"href":"https:\/\/edublog.educastur.es\/ixuxu\/wp-json\/wp\/v2\/posts\/15719","targetHints":{"allow":["GET"]}}],"collection":[{"href":"https:\/\/edublog.educastur.es\/ixuxu\/wp-json\/wp\/v2\/posts"}],"about":[{"href":"https:\/\/edublog.educastur.es\/ixuxu\/wp-json\/wp\/v2\/types\/post"}],"author":[{"embeddable":true,"href":"https:\/\/edublog.educastur.es\/ixuxu\/wp-json\/wp\/v2\/users\/117"}],"replies":[{"embeddable":true,"href":"https:\/\/edublog.educastur.es\/ixuxu\/wp-json\/wp\/v2\/comments?post=15719"}],"version-history":[{"count":1,"href":"https:\/\/edublog.educastur.es\/ixuxu\/wp-json\/wp\/v2\/posts\/15719\/revisions"}],"predecessor-version":[{"id":15720,"href":"https:\/\/edublog.educastur.es\/ixuxu\/wp-json\/wp\/v2\/posts\/15719\/revisions\/15720"}],"wp:attachment":[{"href":"https:\/\/edublog.educastur.es\/ixuxu\/wp-json\/wp\/v2\/media?parent=15719"}],"wp:term":[{"taxonomy":"category","embeddable":true,"href":"https:\/\/edublog.educastur.es\/ixuxu\/wp-json\/wp\/v2\/categories?post=15719"},{"taxonomy":"post_tag","embeddable":true,"href":"https:\/\/edublog.educastur.es\/ixuxu\/wp-json\/wp\/v2\/tags?post=15719"}],"curies":[{"name":"wp","href":"https:\/\/api.w.org\/{rel}","templated":true}]}}