{"id":15754,"date":"2023-01-14T18:12:56","date_gmt":"2023-01-14T16:12:56","guid":{"rendered":"https:\/\/edublog.educastur.es\/ixuxu\/?p=15754"},"modified":"2023-02-01T15:43:40","modified_gmt":"2023-02-01T13:43:40","slug":"pangea","status":"publish","type":"post","link":"https:\/\/edublog.educastur.es\/ixuxu\/2023\/01\/pangea\/","title":{"rendered":"Pangea"},"content":{"rendered":"<p style=\"text-align: center\"><a href=\"https:\/\/upload.wikimedia.org\/wikipedia\/commons\/6\/60\/Ant%C3%A1rtida.png\"><img loading=\"lazy\" decoding=\"async\" class=\"alignnone\" src=\"https:\/\/upload.wikimedia.org\/wikipedia\/commons\/6\/60\/Ant%C3%A1rtida.png\" alt=\"\" width=\"195\" height=\"195\" \/><\/a><\/p>\n<p>El supercontinente Pangea incluyendo la placa ant\u00e1rtica (en color anaranx\u00e1u) primero que esta estaz\u00e1rase por cuenta de derives continentales o tect\u00f3niques.<\/p>\n<ul>\n<li>Pangea: <a href=\"https:\/\/es.wikipedia.org\/wiki\/Pangea\">wiki<\/a> \/<\/li>\n<li><a href=\"https:\/\/ecoosfera.com\/sci-innovacion\/como-se-vera-el-mundo-en-el-ano-250002018\/?fbclid=IwAR1rM7zu1-Cs5001qEpUJSRKmLkTJbbnXKZMSd7Mm_fKmQfar6BO7P4VXHo\">Ecoosfera<\/a> \/<\/li>\n<\/ul>\n<p>Dientro de muncho, enforma tiempu, los territorios de la Tierra volver\u00e1n formar una especie de supercontinente paec\u00edu a esto.<\/p>\n<p style=\"text-align: center\"><a href=\"https:\/\/ecoosfera.com\/wp-content\/uploads\/2022\/11\/DDO2FQAGMFA7HIIRTN44W5ZMB4.jpg\"><img loading=\"lazy\" decoding=\"async\" class=\"alignnone\" src=\"https:\/\/ecoosfera.com\/wp-content\/uploads\/2022\/11\/DDO2FQAGMFA7HIIRTN44W5ZMB4.jpg\" alt=\"\" width=\"1024\" height=\"768\" \/><\/a><\/p>\n<p><!--more--><\/p>\n<p><strong>Pangea (del griegu: \u03c0\u1fb6\u03bd &#8216;tou&#8217; y \u0393\u03b1\u1fd6\u03b1 &#8216;tierra&#8217;)1\u200b foi&#8217;l gran supercontinente qu&#8217;esisti\u00f3 a la fin de la era Paleozoica y empiezos de la era Mesozoica qu&#8217;arrexuntaba la mayor parte de les tierres remanec\u00edes del planeta<\/strong>. Formose pol movimientu de les plaques tect\u00f3niques, que fai unos 335 millones d&#8217;a\u00f1os xuni\u00f3 tolos continentes anteriores n&#8217;unu solu. Darr\u00e9u, fai unos 175 millones d&#8217;a\u00f1os, empez\u00f3 a quebrase y a esvalixase hasta algamar la situaci\u00f3n actual de los continentes, nun procesu qu&#8217;ent\u00e1 sigue. \u200b Esti nome foi aparentemente us\u00e1u per primer vegada pol alem\u00e1n Alfred Wegener, principal autor de la teor\u00eda de derivaci\u00f3n continental, en 1912.<\/p>\n<p><strong>Cr\u00e9ese que la forma orixinal de Pangea yera una masa de tierra con forma de \u00abO\u00bb o de \u00abC\u00bb distribuyida al travi\u00e9s del ecuador.<\/strong> Una y bones el tama\u00f1u masivu de Pangea yera bien ampliu, les rexones internes de tierra tuvieron de ser bien seques pola falta de precipitaci\u00f3n. Nel gran supercontinente los animales terrestres podr\u00eden emigrar llibremente d&#8217;un estremu a otru.<\/p>\n<p style=\"text-align: center\"><a href=\"https:\/\/upload.wikimedia.org\/wikipedia\/commons\/thumb\/c\/cb\/Pangaea_continents.svg\/langes-800px-Pangaea_continents.svg.png\"><img loading=\"lazy\" decoding=\"async\" class=\"alignnone\" src=\"https:\/\/upload.wikimedia.org\/wikipedia\/commons\/thumb\/c\/cb\/Pangaea_continents.svg\/langes-800px-Pangaea_continents.svg.png\" alt=\"\" width=\"800\" height=\"942\" \/><\/a><\/p>\n<p style=\"text-align: center\"><a href=\"https:\/\/fotografias.lasexta.com\/clipping\/cmsimages01\/2018\/08\/11\/A3F0A580-DFBD-49CF-9ABF-5F1A36FFC352\/69.jpg?crop=1:1,smart&amp;width=1200&amp;height=1200&amp;optimize=low&amp;format=webply\"><img loading=\"lazy\" decoding=\"async\" class=\"alignnone\" src=\"https:\/\/fotografias.lasexta.com\/clipping\/cmsimages01\/2018\/08\/11\/A3F0A580-DFBD-49CF-9ABF-5F1A36FFC352\/69.jpg?crop=1:1,smart&amp;width=1200&amp;height=1200&amp;optimize=low&amp;format=webply\" alt=\"\" width=\"1200\" height=\"1200\" \/><\/a><\/p>\n<p style=\"text-align: center\"><img loading=\"lazy\" decoding=\"async\" class=\"alignnone size-full\" src=\"https:\/\/upload.wikimedia.org\/wikipedia\/commons\/3\/30\/Pangaea_%28230_million_years_ago%29.png\" width=\"550\" height=\"400\" \/><\/p>\n<p style=\"text-align: center\"><a href=\"https:\/\/pbs.twimg.com\/media\/FcsZIOpWYAMSa9_.jpg\"><img loading=\"lazy\" decoding=\"async\" class=\"alignnone\" src=\"https:\/\/pbs.twimg.com\/media\/FcsZIOpWYAMSa9_.jpg\" alt=\"\" width=\"640\" height=\"853\" \/><\/a><\/p>\n","protected":false},"excerpt":{"rendered":"<p>El supercontinente Pangea incluyendo la placa ant\u00e1rtica (en color anaranx\u00e1u) primero que esta estaz\u00e1rase por cuenta de derives continentales o tect\u00f3niques. Pangea: wiki \/ Ecoosfera \/ Dientro de muncho, enforma tiempu, los territorios de la Tierra volver\u00e1n formar una especie de supercontinente paec\u00edu a esto.<\/p>\n","protected":false},"author":117,"featured_media":0,"comment_status":"open","ping_status":"open","sticky":false,"template":"","format":"standard","meta":{"footnotes":""},"categories":[25,4],"tags":[],"class_list":["post-15754","post","type-post","status-publish","format-standard","hentry","category-curiosidaes","category-natura"],"_links":{"self":[{"href":"https:\/\/edublog.educastur.es\/ixuxu\/wp-json\/wp\/v2\/posts\/15754","targetHints":{"allow":["GET"]}}],"collection":[{"href":"https:\/\/edublog.educastur.es\/ixuxu\/wp-json\/wp\/v2\/posts"}],"about":[{"href":"https:\/\/edublog.educastur.es\/ixuxu\/wp-json\/wp\/v2\/types\/post"}],"author":[{"embeddable":true,"href":"https:\/\/edublog.educastur.es\/ixuxu\/wp-json\/wp\/v2\/users\/117"}],"replies":[{"embeddable":true,"href":"https:\/\/edublog.educastur.es\/ixuxu\/wp-json\/wp\/v2\/comments?post=15754"}],"version-history":[{"count":3,"href":"https:\/\/edublog.educastur.es\/ixuxu\/wp-json\/wp\/v2\/posts\/15754\/revisions"}],"predecessor-version":[{"id":16205,"href":"https:\/\/edublog.educastur.es\/ixuxu\/wp-json\/wp\/v2\/posts\/15754\/revisions\/16205"}],"wp:attachment":[{"href":"https:\/\/edublog.educastur.es\/ixuxu\/wp-json\/wp\/v2\/media?parent=15754"}],"wp:term":[{"taxonomy":"category","embeddable":true,"href":"https:\/\/edublog.educastur.es\/ixuxu\/wp-json\/wp\/v2\/categories?post=15754"},{"taxonomy":"post_tag","embeddable":true,"href":"https:\/\/edublog.educastur.es\/ixuxu\/wp-json\/wp\/v2\/tags?post=15754"}],"curies":[{"name":"wp","href":"https:\/\/api.w.org\/{rel}","templated":true}]}}