{"id":15795,"date":"2023-01-14T09:00:36","date_gmt":"2023-01-14T07:00:36","guid":{"rendered":"https:\/\/edublog.educastur.es\/ixuxu\/?p=15795"},"modified":"2023-01-23T12:14:10","modified_gmt":"2023-01-23T10:14:10","slug":"xvii-fiesta-de-los-nabos-en-morcin","status":"publish","type":"post","link":"https:\/\/edublog.educastur.es\/ixuxu\/2023\/01\/xvii-fiesta-de-los-nabos-en-morcin\/","title":{"rendered":"XVII Fiesta de los Nabos en Morc\u00edn y XL Certamen del queso Afuega\u2019l Pitu"},"content":{"rendered":"<p>El Gran Cap\u00edtulu de la Confrer\u00eda d&#8217;Amigos de los Nabos de Morc\u00edn en 2023 vuelve festexar la so fiesta per San Ant\u00f3n. Esti d\u00eda na Foz de Morc\u00edn toca \u201cbesar el nabu\u201d.<\/p>\n<p style=\"text-align: center\"><img loading=\"lazy\" decoding=\"async\" class=\"alignnone size-full\" src=\"https:\/\/estaticos-cdn.prensaiberica.es\/clip\/f71e227c-31ae-476c-b33a-32761b565716_21-9-aspect-ratio_default_1195780.jpg\" width=\"1280\" height=\"548\" \/><\/p>\n<ul>\n<li>Noticies: <a href=\"https:\/\/www.lne.es\/cuencas\/2023\/01\/11\/besar-nabo-foz-morcin-cofradia-81025360.html\">LNE<\/a> \/<a href=\"https:\/\/www.rtpa.es\/video:conexion%20asturias_551673693044.html\">Videu TPA<\/a> \/<\/li>\n<li>Confrer\u00eda de los Nabos: web \/ <a href=\"https:\/\/www.facebook.com\/CofradiaAmigosDeLosNabos\/\">Facebook<\/a> \/<\/li>\n<\/ul>\n<p>Los presidentes de Cruz Roja Espa\u00f1ola y Reny Pictot, y los cronistes oficiales de Riosa y Morc\u00edn van ser investidos como cofrades d&#8217;honor.<\/p>\n<p><!--more--><\/p>\n<ul>\n<li><strong>Vienres 13 de xineru \u00b7<\/strong><br \/>\nA les 18 hores, col recibimientu a la Confrer\u00eda de \u201cNabos y Companh\u00eda\u201d, de Carapelhos, en Portugal.<br \/>\nCena d&#8217;hermand\u00e1 nel edificiu municipal de servicios m\u00faltiples de Morc\u00edn.<\/li>\n<li><strong>S\u00e1badu 14 de xineru \u00b7<\/strong><br \/>\nA les 10.30 hores va tener llugar la misa cantada pol coru \u201cArs Senatorum\u201d.<br \/>\n\u00b7 Desfile de confrer\u00edes poles cais de La Foz, l&#8217;acompa\u00f1amientu de la banda de gaites \u201cX\u00e1cara\u201d d&#8217;Uvi\u00e9u y l&#8217;agrupaci\u00f3n folcl\u00f3rica \u201cPucu Villa\u201d de Ria\u00f1u (Llangr\u00e9u).<br \/>\n\u00b7 A les 12:00 hores va haber degustaci\u00f3n de productos agroalimentarios nel \u201cmerc\u00e1u\u201d: vinos de Cangas, quesos Afuega\u2019l Pitu, embut\u00edos, nabos, casadielles, miel, otros quesos asturianos\u2026 Tami\u00e9n va haber sidra y cerveza asturiano.<\/li>\n<\/ul>\n\n<!-- iframe plugin v.6.0 wordpress.org\/plugins\/iframe\/ -->\n<iframe loading=\"lazy\" src=\"https:\/\/www.facebook.com\/plugins\/post.php?href=https%3A%2F%2Fwww.facebook.com%2Fphoto.php%3Ffbid%3D463158599257126%26set%3Da.420916636814656%26type%3D3&#038;show_text=false&#038;width=500\" width=\"500\" height=\"258\" style=\"border:none;overflow:hidden\" scrolling=\"no\" frameborder=\"0\" allowfullscreen=\"true\" allow=\"autoplay; clipboard-write; encrypted-media; picture-in-picture; web-share\" 0=\"\/iframe\" class=\"iframe-class\"><\/iframe>\n\n<p><span class=\"x193iq5w xeuugli x13faqbe x1vvkbs x1xmvt09 x1lliihq x1s928wv xhkezso x1gmr53x x1cpjm7i x1fgarty x1943h6x xudqn12 x3x7a5m x1f6kntn xvq8zen xo1l8bm xzsf02u x1yc453h\" dir=\"auto\"><span style=\"color: #008080\">COFRADES DE HONOR DEL XVII GRAN CAP\u00cdTULO DE LA COFRAD\u00cdA DE LOS AMIGOS DE LOS NABOS<\/span>. 14 de enero de 2023. Javier Senent Garc\u00eda. Presidente de Cruz Roja Espa\u00f1ola. Fr\u00e1ncico Rodriguez Garc\u00eda. Presidente de industrias l\u00e1cteas asturianas (Reny Picot) . Jos\u00e9 Luis Cabo Sariego (cronista oficial de Riosa). Fernando Delgado (cronista oficial de Morc\u00edn). COFRADE DE N\u00daMERO. Carlos Toro (Puerto de Santa Mar\u00eda).<\/span><\/p>\n<p>\u00b7 A les 12:45 hores la ceremonia del<strong> Gran Cap\u00edtulu<\/strong>, na ilesia, col nomamientu de los cofrades d&#8217;honor. Entrega de los premios del X Concursu \u201cNabos na cocina\u201d, nel que van participar alumnos de les escueles d&#8217;Hosteler\u00eda d&#8217;Asturies. Dempu\u00e9s va tener llugar la <strong>comida d&#8217;hermand\u00e1 para tolos presentes -a base de pote de nabos con compangu, quesu d&#8217;Afuega\u00b4l Pitu y casadielles-.<\/strong><\/p>\n<ul>\n<li>Quesu Afuega&#8217;l Pitu: wiki \/ <a href=\"https:\/\/www.google.com\/search?q=queso+afuega%27l+pitu&amp;client=firefox-b-d&amp;sxsrf=AJOqlzW6MKpVhuay-I0qgZsPwWoJ7Akvdg:1673860928768&amp;tbm=isch&amp;source=iu&amp;ictx=1&amp;vet=1&amp;fir=i6WTx8s4YZizwM%252CenkwE0HPmL2SGM%252C%252Fm%252F02q4y4v%253BnRyWIveKrclQfM%252COSO3rnvIb7ib_M%252C_%253B78peJOMpBb1WeM%252CQHtjYcr6QZOpcM%252C_%253BZMgqKzrenWLoXM%252CP3LaHypm6WInaM%252C_%253B2rFoEbd4r6yrdM%252CBIJZqiHeNeFIFM%252C_%253BaGP5uLqmS6Vh2M%252CsW6k3WlMBkt7tM%252C_%253BGSOk_m35UnuDXM%252CxzpVbU97QPGc3M%252C_&amp;usg=AI4_-kRMGBYqzyLhChQz89sMfpaSqVwVgw&amp;sa=X&amp;ved=2ahUKEwj-2b_w4cv8AhUSVKQEHS4CDkcQ_B16BAh7EAE#imgrc=i6WTx8s4YZizwM\">imaxes<\/a> \/<a href=\"http:\/\/www.doafuegalpitu.com\/\">DOP<\/a><\/li>\n<\/ul>\n<p style=\"text-align: center\">\n<!-- iframe plugin v.6.0 wordpress.org\/plugins\/iframe\/ -->\n<iframe loading=\"lazy\" src=\"https:\/\/www.facebook.com\/plugins\/post.php?href=https%3A%2F%2Fwww.facebook.com%2FLaCavadeFloroOviedo%2Fposts%2Fpfbid02y3PrPrumGURhgt6axDYg36SKc62DFHHkpPEQiheEPWvszhZYW1xmK5zEMbn8fnesl&#038;show_text=false&#038;width=500\" width=\"500\" height=\"498\" style=\"border:none;overflow:hidden\" scrolling=\"no\" frameborder=\"0\" allowfullscreen=\"true\" allow=\"autoplay; clipboard-write; encrypted-media; picture-in-picture; web-share\" 0=\"\/iframe\" class=\"iframe-class\"><\/iframe>\n<\/p>\n<p>&nbsp;<\/p>\n<div class=\"post-item-single-container\">\n<div class=\"post-single-meta\">\n<blockquote>\n<h1 style=\"text-align: center\"><span style=\"color: #008080\">Morc\u00edn celebra la gastronom\u00eda asturiana<br \/>\ncon casadielles y Afuega\u2019l pitu\u00a0<\/span><i class=\"fa fa-bookmark-o\"><\/i><\/h1>\n<\/blockquote>\n<div class=\"post-meta\">\n<ul>\n<li class=\"post-meta-content\"><span class=\"post-auhor-date post-auhor-date-full\"> <a href=\"https:\/\/verasturies.com\/author\/ast-1260\/\"> <img loading=\"lazy\" decoding=\"async\" class=\"avatar avatar-28 photo post-author-image\" src=\"https:\/\/verasturies.com\/wp-content\/uploads\/2020\/07\/favicon-verasturies-80x80.png\" alt=\"\" width=\"28\" height=\"28\" \/> <\/a> <a class=\"post-author\" href=\"https:\/\/verasturies.com\/author\/ast-1260\/\">Redacci\u00f3n<\/a>,<a href=\"https:\/\/verasturies.com\/morcin-celebra-la-gastronomia-asturiana-con-casadielles-y-afuegal-pitu\/\">Fonte: VER ASTURIES<\/a><br \/>\n<\/span><\/li>\n<\/ul>\n<\/div>\n<\/div>\n<div class=\"post-content post-single-content\">\n<p>Un a\u00f1o m\u00e1s, el concejo de Morc\u00edn celebra nuestra rica gastronom\u00eda asturiana con la celebraci\u00f3n de dos cert\u00e1menes en torno a dos de los productos m\u00e1s demandados tanto por los asturianos como por los turistas: les casadielles y el quesu Afuega\u2019l Pitu. En VerAsturies queremos invitaros a visitarlos.<\/p>\n<p><span style=\"color: #008080;font-size: 20px\"><strong>XII Edici\u00f3n del Concurso Mundial de Casadielles<\/strong><\/span><br \/>\nOrganizado por la Hermandad de la Probe, de La Foz de Morc\u00edn, con la colaboraci\u00f3n y el asesoramiento del Gremio de Artesanos Confiteros del Principau d\u2019Asturies, se convoca la XII edici\u00f3n del Concurso Mundial de Casadielles. Los y las participantes en este certamen, de acceso libre y gratuito previa inscripci\u00f3n, entregar\u00e1n al jurado seis casadielles para deliberar cu\u00e1l es la mejor. Existen tres categor\u00edas: Casera, profesional y escuelas. Se entregan cuatro premios, una por categor\u00eda, m\u00e1s el premio a la mejor casadiella de Morc\u00edn. \u00bfTodav\u00eda no tienes hambre de casadiella? \u00a1Corre y visita este concurso!<\/p>\n<p>Si solamente con la gastronom\u00eda no te sirve\u2026 tambi\u00e9n podr\u00e1s ver un elemento tradicional de Asturies, como es la puya\u2019l ramu, que se realiza antes de conocer el veredicto del jurado.<\/p>\n<figure class=\"wp-block-image size-large\"><img loading=\"lazy\" decoding=\"async\" class=\"wp-image-7644\" src=\"https:\/\/verasturies.com\/wp-content\/uploads\/2023\/01\/a6f2aee2-9373-4399-acca-0792edacddf4-1024x728.jpg\" alt=\"\" width=\"1024\" height=\"728\" \/><\/figure>\n<\/div>\n<div class=\"post-tags-container\">\n<div class=\"sh-clear\"><\/div>\n<\/div>\n<\/div>\n","protected":false},"excerpt":{"rendered":"<p>El Gran Cap\u00edtulu de la Confrer\u00eda d&#8217;Amigos de los Nabos de Morc\u00edn en 2023 vuelve festexar la so fiesta per San Ant\u00f3n. Esti d\u00eda na Foz de Morc\u00edn toca \u201cbesar el nabu\u201d. Noticies: LNE \/Videu TPA \/ Confrer\u00eda de los Nabos: web \/ Facebook \/ Los presidentes de Cruz Roja Espa\u00f1ola y Reny Pictot, y [&hellip;]<\/p>\n","protected":false},"author":117,"featured_media":0,"comment_status":"open","ping_status":"open","sticky":false,"template":"","format":"standard","meta":{"footnotes":""},"categories":[175],"tags":[],"class_list":["post-15795","post","type-post","status-publish","format-standard","hentry","category-festival-gastronomicu"],"_links":{"self":[{"href":"https:\/\/edublog.educastur.es\/ixuxu\/wp-json\/wp\/v2\/posts\/15795","targetHints":{"allow":["GET"]}}],"collection":[{"href":"https:\/\/edublog.educastur.es\/ixuxu\/wp-json\/wp\/v2\/posts"}],"about":[{"href":"https:\/\/edublog.educastur.es\/ixuxu\/wp-json\/wp\/v2\/types\/post"}],"author":[{"embeddable":true,"href":"https:\/\/edublog.educastur.es\/ixuxu\/wp-json\/wp\/v2\/users\/117"}],"replies":[{"embeddable":true,"href":"https:\/\/edublog.educastur.es\/ixuxu\/wp-json\/wp\/v2\/comments?post=15795"}],"version-history":[{"count":10,"href":"https:\/\/edublog.educastur.es\/ixuxu\/wp-json\/wp\/v2\/posts\/15795\/revisions"}],"predecessor-version":[{"id":16041,"href":"https:\/\/edublog.educastur.es\/ixuxu\/wp-json\/wp\/v2\/posts\/15795\/revisions\/16041"}],"wp:attachment":[{"href":"https:\/\/edublog.educastur.es\/ixuxu\/wp-json\/wp\/v2\/media?parent=15795"}],"wp:term":[{"taxonomy":"category","embeddable":true,"href":"https:\/\/edublog.educastur.es\/ixuxu\/wp-json\/wp\/v2\/categories?post=15795"},{"taxonomy":"post_tag","embeddable":true,"href":"https:\/\/edublog.educastur.es\/ixuxu\/wp-json\/wp\/v2\/tags?post=15795"}],"curies":[{"name":"wp","href":"https:\/\/api.w.org\/{rel}","templated":true}]}}