{"id":16033,"date":"2023-01-23T11:51:51","date_gmt":"2023-01-23T09:51:51","guid":{"rendered":"https:\/\/edublog.educastur.es\/ixuxu\/?p=16033"},"modified":"2023-02-01T15:38:23","modified_gmt":"2023-02-01T13:38:23","slug":"16033","status":"publish","type":"post","link":"https:\/\/edublog.educastur.es\/ixuxu\/2023\/01\/16033\/","title":{"rendered":"Los or\u00edxenes de la vida"},"content":{"rendered":"<p>\u00abLos or\u00edxenes de la vida. Equ\u00ed pres\u00e9ntase una reimaxinaci\u00f3n conceptual de la teor\u00eda del mundu l\u00edpidu\u00bb que postula que la vida aniciose a partir de l\u00edpidos formando membranes que depu\u00e9s envolubrar\u00eden materia y nutrientes. \u00a1Les c\u00e9lules biol\u00f3xiques son esencialmente membranes dientro de les membranes! \u201d<a href=\"https:\/\/www.facebook.com\/watch\/?v=1020680008711177\"> VIDEU<\/a><\/p>\n<ul>\n<li>Fonte: <a href=\"https:\/\/www.facebook.com\/visualatelier8\/videos\/1020680008711177\">Visual Atelier 8<\/a><\/li>\n<\/ul>\n","protected":false},"excerpt":{"rendered":"<p>\u00abLos or\u00edxenes de la vida. Equ\u00ed pres\u00e9ntase una reimaxinaci\u00f3n conceptual de la teor\u00eda del mundu l\u00edpidu\u00bb que postula que la vida aniciose a partir de l\u00edpidos formando membranes que depu\u00e9s envolubrar\u00eden materia y nutrientes. \u00a1Les c\u00e9lules biol\u00f3xiques son esencialmente membranes dientro de les membranes! \u201d VIDEU Fonte: Visual Atelier 8<\/p>\n","protected":false},"author":117,"featured_media":0,"comment_status":"open","ping_status":"open","sticky":false,"template":"","format":"aside","meta":{"footnotes":""},"categories":[25],"tags":[],"class_list":["post-16033","post","type-post","status-publish","format-aside","hentry","category-curiosidaes","post_format-post-format-aside"],"_links":{"self":[{"href":"https:\/\/edublog.educastur.es\/ixuxu\/wp-json\/wp\/v2\/posts\/16033","targetHints":{"allow":["GET"]}}],"collection":[{"href":"https:\/\/edublog.educastur.es\/ixuxu\/wp-json\/wp\/v2\/posts"}],"about":[{"href":"https:\/\/edublog.educastur.es\/ixuxu\/wp-json\/wp\/v2\/types\/post"}],"author":[{"embeddable":true,"href":"https:\/\/edublog.educastur.es\/ixuxu\/wp-json\/wp\/v2\/users\/117"}],"replies":[{"embeddable":true,"href":"https:\/\/edublog.educastur.es\/ixuxu\/wp-json\/wp\/v2\/comments?post=16033"}],"version-history":[{"count":5,"href":"https:\/\/edublog.educastur.es\/ixuxu\/wp-json\/wp\/v2\/posts\/16033\/revisions"}],"predecessor-version":[{"id":16201,"href":"https:\/\/edublog.educastur.es\/ixuxu\/wp-json\/wp\/v2\/posts\/16033\/revisions\/16201"}],"wp:attachment":[{"href":"https:\/\/edublog.educastur.es\/ixuxu\/wp-json\/wp\/v2\/media?parent=16033"}],"wp:term":[{"taxonomy":"category","embeddable":true,"href":"https:\/\/edublog.educastur.es\/ixuxu\/wp-json\/wp\/v2\/categories?post=16033"},{"taxonomy":"post_tag","embeddable":true,"href":"https:\/\/edublog.educastur.es\/ixuxu\/wp-json\/wp\/v2\/tags?post=16033"}],"curies":[{"name":"wp","href":"https:\/\/api.w.org\/{rel}","templated":true}]}}