{"id":16093,"date":"2023-01-30T09:28:23","date_gmt":"2023-01-30T07:28:23","guid":{"rendered":"https:\/\/edublog.educastur.es\/ixuxu\/?p=16093"},"modified":"2023-01-31T11:32:22","modified_gmt":"2023-01-31T09:32:22","slug":"tiempu-nasturies","status":"publish","type":"post","link":"https:\/\/edublog.educastur.es\/ixuxu\/2023\/01\/tiempu-nasturies\/","title":{"rendered":"Tiempu n&#8217;Asturies"},"content":{"rendered":"<ul>\n<li><a href=\"https:\/\/www.facebook.com\/eltiempuenasturies\">(1) El Tiempu n&#8217;Asturies. | Facebook<\/a><\/li>\n<\/ul>\n<div class=\"x11i5rnm xat24cr x1mh8g0r x1vvkbs xtlvy1s x126k92a\">\n<div dir=\"auto\">Alborecemos con dalgo de nubosid\u00e1 na met\u00e1 norte d&#8217;Asturies, tando m\u00e1s escampl\u00e1u pela cordelera onde ta xelando fonderamente, rexistr\u00e1ndose nel puirtu Payares -8,5\u00baC.<\/div>\n<\/div>\n<div dir=\"auto\"><\/div>\n<div dir=\"auto\">\n<!-- iframe plugin v.6.0 wordpress.org\/plugins\/iframe\/ -->\n<iframe loading=\"lazy\" src=\"https:\/\/www.facebook.com\/plugins\/post.php?href=https%3A%2F%2Fwww.facebook.com%2Feltiempuenasturies%2Fposts%2Fpfbid02hrqoYTGxcb29mFaCHxk6x4v4bEK8P77CZYrAKZ6FejyQuHhS2HKjSNcwR6GYN29Cl&#038;show_text=false&#038;width=500\" width=\"500\" height=\"281\" style=\"border:none;overflow:hidden\" scrolling=\"no\" frameborder=\"0\" allowfullscreen=\"true\" allow=\"autoplay; clipboard-write; encrypted-media; picture-in-picture; web-share\" 0=\"\/iframe\" class=\"iframe-class\"><\/iframe>\n<\/div>\n<div dir=\"auto\"><\/div>\n<div class=\"x11i5rnm xat24cr x1mh8g0r x1vvkbs xtlvy1s x126k92a\">\n<div dir=\"auto\">G\u00fcei entov\u00eda va caltenese dalg\u00fan intervalo de nubes baxes o estratificaes nel llitoral y fastera central asturiana, tando escampl\u00e1u na cordelera y surocidente con unes temperatures m\u00e1simes que van subir mui poco, dex\u00e1ndonos durante tol d\u00eda un ambiente fr\u00edu ya ivernal. L&#8217;aire sedr\u00e1 sele ya variable en xeneral con predominiu del nord\u00e9s.<\/div>\n<div dir=\"auto\"><\/div>\n<\/div>\n<p><!--more--><\/p>\n<div class=\"x11i5rnm xat24cr x1mh8g0r x1vvkbs xtlvy1s x126k92a\">\n<div dir=\"auto\">El pr\u00f3simu riscar paez que tendremos el cielu m\u00e1s escampl\u00e1u y les xelaes puen ser m\u00e1s xeneralizaes polo que alboreceremos baxu ceru na mayor parte d&#8217;Asturies. Durante&#8217;l d\u00eda la llume del sol calecer\u00e1 l&#8217;ambiente dalgo m\u00e1s qu&#8217;estos d\u00edes y pela tarde aumentar\u00e1 la nubosid\u00e1 qu&#8217;impedir\u00e1 que xele na alborada del mi\u00e9rcoles, salvo nes zones de monta\u00f1a.<\/div>\n<div dir=\"auto\"><\/div>\n<\/div>\n<div class=\"x11i5rnm xat24cr x1mh8g0r x1vvkbs xtlvy1s x126k92a\">\n<div dir=\"auto\">El mi\u00e9rcoles va dir disminuyendo la nubosid\u00e1 pa quedar al finar el d\u00eda escampl\u00e1u cuando entamar\u00e1 a xelar de nuevu con unes temperatures m\u00e1simes que vuelven a subir un poqui\u00f1\u00edn m\u00e1s.<\/div>\n<div dir=\"auto\"><\/div>\n<\/div>\n<div class=\"x11i5rnm xat24cr x1mh8g0r x1vvkbs xtlvy1s x126k92a\">\n<div dir=\"auto\">Tantu&#8217;l xueves, vienres, s\u00e1badu y domingu va tar escampl\u00e1u con xelaes pela nueche y temperatures m\u00e1simes que nun calecer\u00e1n muncho al mediud\u00eda.<\/div>\n<\/div>\n<div class=\"x11i5rnm xat24cr x1mh8g0r x1vvkbs xtlvy1s x126k92a\">\n<div dir=\"auto\"><\/div>\n<\/div>\n","protected":false},"excerpt":{"rendered":"<p>(1) El Tiempu n&#8217;Asturies. | Facebook Alborecemos con dalgo de nubosid\u00e1 na met\u00e1 norte d&#8217;Asturies, tando m\u00e1s escampl\u00e1u pela cordelera onde ta xelando fonderamente, rexistr\u00e1ndose nel puirtu Payares -8,5\u00baC. G\u00fcei entov\u00eda va caltenese dalg\u00fan intervalo de nubes baxes o estratificaes nel llitoral y fastera central asturiana, tando escampl\u00e1u na cordelera y surocidente con unes temperatures [&hellip;]<\/p>\n","protected":false},"author":117,"featured_media":0,"comment_status":"open","ping_status":"open","sticky":false,"template":"","format":"standard","meta":{"footnotes":""},"categories":[5],"tags":[],"class_list":["post-16093","post","type-post","status-publish","format-standard","hentry","category-tiempu"],"_links":{"self":[{"href":"https:\/\/edublog.educastur.es\/ixuxu\/wp-json\/wp\/v2\/posts\/16093","targetHints":{"allow":["GET"]}}],"collection":[{"href":"https:\/\/edublog.educastur.es\/ixuxu\/wp-json\/wp\/v2\/posts"}],"about":[{"href":"https:\/\/edublog.educastur.es\/ixuxu\/wp-json\/wp\/v2\/types\/post"}],"author":[{"embeddable":true,"href":"https:\/\/edublog.educastur.es\/ixuxu\/wp-json\/wp\/v2\/users\/117"}],"replies":[{"embeddable":true,"href":"https:\/\/edublog.educastur.es\/ixuxu\/wp-json\/wp\/v2\/comments?post=16093"}],"version-history":[{"count":2,"href":"https:\/\/edublog.educastur.es\/ixuxu\/wp-json\/wp\/v2\/posts\/16093\/revisions"}],"predecessor-version":[{"id":16095,"href":"https:\/\/edublog.educastur.es\/ixuxu\/wp-json\/wp\/v2\/posts\/16093\/revisions\/16095"}],"wp:attachment":[{"href":"https:\/\/edublog.educastur.es\/ixuxu\/wp-json\/wp\/v2\/media?parent=16093"}],"wp:term":[{"taxonomy":"category","embeddable":true,"href":"https:\/\/edublog.educastur.es\/ixuxu\/wp-json\/wp\/v2\/categories?post=16093"},{"taxonomy":"post_tag","embeddable":true,"href":"https:\/\/edublog.educastur.es\/ixuxu\/wp-json\/wp\/v2\/tags?post=16093"}],"curies":[{"name":"wp","href":"https:\/\/api.w.org\/{rel}","templated":true}]}}