{"id":16101,"date":"2023-01-31T11:53:22","date_gmt":"2023-01-31T09:53:22","guid":{"rendered":"https:\/\/edublog.educastur.es\/ixuxu\/?p=16101"},"modified":"2023-02-01T15:33:33","modified_gmt":"2023-02-01T13:33:33","slug":"16101","status":"publish","type":"post","link":"https:\/\/edublog.educastur.es\/ixuxu\/2023\/01\/16101\/","title":{"rendered":"La zapica"},"content":{"rendered":"<div dir=\"auto\">Llamada popularmente \u00abzapica\u00bb, o \u00abpeyu\u00bb na zona oriental d&#8217;Asturies, estes zapiques, feches de casta\u00f1al o de nozal, utiliz\u00e1bense tradicionalmente para&#8217;l trasiegu de la sidra dende la pipa (tonel) a la mesa. Col tiempu fu\u00e9ronse sustituyendo poles de folla y depu\u00e9s metal. El so usu qued\u00f3 apostr\u00e1u al xeneralizase n&#8217;embotellado de la sidra.<\/div>\n<div dir=\"auto\" style=\"text-align: center\">\n\n<!-- iframe plugin v.6.0 wordpress.org\/plugins\/iframe\/ -->\n<iframe loading=\"lazy\" src=\"https:\/\/www.facebook.com\/plugins\/post.php?href=https%3A%2F%2Fwww.facebook.com%2FCatedradelaSidradeAsturias%2Fposts%2Fpfbid02EJYxmB6C5pz7F21uCxnVDcdKpiBZ3SAHgTKsRg4dVwQRhBDdTb8tx3KJByj96Kmql&#038;show_text=false&#038;width=500\" width=\"500\" height=\"498\" style=\"border:none;overflow:hidden\" scrolling=\"no\" frameborder=\"0\" allowfullscreen=\"true\" allow=\"autoplay; clipboard-write; encrypted-media; picture-in-picture; web-share\" 0=\"\/iframe\" class=\"iframe-class\"><\/iframe>\n\n<p>Semeya d&#8217;\u00c1ngel Gonz\u00e1lez para Lne.es<\/p>\n<\/div>\n<ul>\n<li>Fonte: <a href=\"https:\/\/www.facebook.com\/photo\/?fbid=584647910342372&amp;set=a.466422032164961\">C\u00e1tedra de la Sidra d&#8217;Asturies<\/a><\/li>\n<\/ul>\n","protected":false},"excerpt":{"rendered":"<p>Llamada popularmente \u00abzapica\u00bb, o \u00abpeyu\u00bb na zona oriental d&#8217;Asturies, estes zapiques, feches de casta\u00f1al o de nozal, utiliz\u00e1bense tradicionalmente para&#8217;l trasiegu de la sidra dende la pipa (tonel) a la mesa. Col tiempu fu\u00e9ronse sustituyendo poles de folla y depu\u00e9s metal. El so usu qued\u00f3 apostr\u00e1u al xeneralizase n&#8217;embotellado de la sidra. Semeya d&#8217;\u00c1ngel Gonz\u00e1lez [&hellip;]<\/p>\n","protected":false},"author":117,"featured_media":0,"comment_status":"open","ping_status":"open","sticky":false,"template":"","format":"standard","meta":{"footnotes":""},"categories":[1],"tags":[],"class_list":["post-16101","post","type-post","status-publish","format-standard","hentry","category-sin-categoria"],"_links":{"self":[{"href":"https:\/\/edublog.educastur.es\/ixuxu\/wp-json\/wp\/v2\/posts\/16101","targetHints":{"allow":["GET"]}}],"collection":[{"href":"https:\/\/edublog.educastur.es\/ixuxu\/wp-json\/wp\/v2\/posts"}],"about":[{"href":"https:\/\/edublog.educastur.es\/ixuxu\/wp-json\/wp\/v2\/types\/post"}],"author":[{"embeddable":true,"href":"https:\/\/edublog.educastur.es\/ixuxu\/wp-json\/wp\/v2\/users\/117"}],"replies":[{"embeddable":true,"href":"https:\/\/edublog.educastur.es\/ixuxu\/wp-json\/wp\/v2\/comments?post=16101"}],"version-history":[{"count":3,"href":"https:\/\/edublog.educastur.es\/ixuxu\/wp-json\/wp\/v2\/posts\/16101\/revisions"}],"predecessor-version":[{"id":16195,"href":"https:\/\/edublog.educastur.es\/ixuxu\/wp-json\/wp\/v2\/posts\/16101\/revisions\/16195"}],"wp:attachment":[{"href":"https:\/\/edublog.educastur.es\/ixuxu\/wp-json\/wp\/v2\/media?parent=16101"}],"wp:term":[{"taxonomy":"category","embeddable":true,"href":"https:\/\/edublog.educastur.es\/ixuxu\/wp-json\/wp\/v2\/categories?post=16101"},{"taxonomy":"post_tag","embeddable":true,"href":"https:\/\/edublog.educastur.es\/ixuxu\/wp-json\/wp\/v2\/tags?post=16101"}],"curies":[{"name":"wp","href":"https:\/\/api.w.org\/{rel}","templated":true}]}}