{"id":16117,"date":"2023-01-31T13:36:41","date_gmt":"2023-01-31T11:36:41","guid":{"rendered":"https:\/\/edublog.educastur.es\/ixuxu\/?p=16117"},"modified":"2023-01-31T13:36:49","modified_gmt":"2023-01-31T11:36:49","slug":"la-llingua-asturiana-tien-tamien-olimpicos","status":"publish","type":"post","link":"https:\/\/edublog.educastur.es\/ixuxu\/2023\/01\/la-llingua-asturiana-tien-tamien-olimpicos\/","title":{"rendered":"La llingua asturiana tien tami\u00e9n \u00abol\u00edmpicos\u00bb."},"content":{"rendered":"<ul>\n<li><a href=\"https:\/\/www.lne.es\/la-pizarra\/2023\/01\/31\/llingua-asturiana-tien-sos-primeros-82228848.html\">La llingua asturiana y\u00e1 tien los sos primeros \u00abol\u00edmpicos\u00bb &#8211; La Nueva Espa\u00f1a (lne.es)<\/a><\/li>\n<\/ul>\n<p style=\"text-align: center\"><a href=\"https:\/\/estaticos-cdn.prensaiberica.es\/clip\/e39646ac-baca-46f5-bac4-7a863dae1962_16-9-discover-aspect-ratio_default_0.jpg\"><img loading=\"lazy\" decoding=\"async\" class=\"alignnone\" src=\"https:\/\/estaticos-cdn.prensaiberica.es\/clip\/e39646ac-baca-46f5-bac4-7a863dae1962_16-9-discover-aspect-ratio_default_0.jpg\" alt=\"\" width=\"1200\" height=\"675\" \/><\/a><\/p>\n<p><em>Finalistes de Secundaria: \u00c1lvaro Ord\u00f3\u00f1ez, Vidal Quidiello, Luc\u00eda Doce, Xulia Antu\u00f1a, Alberto Antu\u00f1a, Favila Velasco, Naiara Su\u00e1rez, Nerea Men\u00e9ndez y Carla Bote.<\/em><\/p>\n<h2 class=\"article-subtitle headline-article__subtitle\">L\u2019Academia entrega los premios de la primer edici\u00f3n del concursu de redaici\u00f3n \u00abUrbano Rodr\u00edguez\u00bb a escolinos de Secundaria, Bachilleratu y Primaria<\/h2>\n<p><!--more--><\/p>\n<p class=\"article-body__text article-body__text--entry article-body__text-middle\">La llingua asturiana tien falantes, escritores, acad\u00e9micos y, dende va delles selmanes, tami\u00e9n \u00abol\u00edmpicos\u00bb. Son estudiantes de Primaria, Secundaria y Bachilleratu que participaron nel primer concursu de redaici\u00f3n que lleva\u2019l nome de Urbano Rodr\u00edguez, acad\u00e9micu de la llingua, que morri\u00f3 en marzu de 2022. La Olimpiada escolar axunt\u00f3 alumn\u00e1u de dellos centros asturianos, que pasaren delles prebes enantes de la gran final, na sede de l\u2019Academia de la Llingua Asturiana, na cai del \u00c1guila d\u2019Uvi\u00e9u. Eh\u00ed, Xulia Antu\u00f1a Ezama, del IES Santa B\u00e1rbara de Ll\u00e1ngreu, algam\u00f3\u2019l primer premiu na categor\u00eda de Secundaria y Bachilleratu. El navetu Favila Velasco Benavides, del IES Pe\u00f1amayor, foi segundu. En Primaria, el primer premiu qued\u00f3 n\u2019Uvi\u00e9u y foi pa la escolina Daniela Gonz\u00e1lez Villota, del colexu p\u00fablicu de San Cloyo, y el segundu viax\u00f3 pa Bimenes, pa Gadea Iglesias Coto, del colexu de Martimporra.<\/p>\n<div class=\"article-body--seo-closed\">\n<div class=\"multimedia-block__element\" style=\"text-align: center\" data-lozad-loaded=\"true\"><a href=\"https:\/\/estaticos-cdn.prensaiberica.es\/clip\/d793ebe4-24c9-4956-a2a4-dbfb9b7201c4_source-aspect-ratio_default_0.jpg\"><img loading=\"lazy\" decoding=\"async\" class=\"alignnone\" src=\"https:\/\/estaticos-cdn.prensaiberica.es\/clip\/d793ebe4-24c9-4956-a2a4-dbfb9b7201c4_source-aspect-ratio_default_0.jpg\" alt=\"\" width=\"1600\" height=\"846\" \/><\/a><\/div>\n<article class=\"article-photo article-photo-- \">\n<p class=\"article-photo__footer\"><em>Los finalistes de la Olimpiada de Primaria: Daniela Gonz\u00e1lez Villota, Diego Men\u00e9ndez, Valeria Riestra Vald\u00e9s, Gadea Iglesias Coto, Fabi\u00e1n Montes Escobar y Adri\u00e1n Gonz\u00e1lez Pidal.<\/em><\/p>\n<\/article>\n<p class=\"article-body__text \">Cada categor\u00eda ten\u00eda la so dificult\u00e1. Si na de Secundaria los participantes de la final ten\u00eden qu\u2019escribir sobre alimentaci\u00f3n, nutrici\u00f3n y costumes de vida saludable, y con un testu nel qu\u2019apaecieran les pallabres \u00abt\u00e1n\u00bb y \u00abtan\u00bb, am\u00e1s de \u00abxinta\u00bb, \u00absicas\u00ed\u00bb y \u00abdafechu\u00bb y un neutru de materia, los de Primaria hab\u00eden cuntar una hestoria basada nunes vi\u00f1etes na que ten\u00eden que nomase un d\u00eda de la semana, les negaciones \u00abnon\u00bb y \u00abnun\u00bb y les pallabres \u00absua\u00f1u\u00bb, \u00abportiella\u00bb y \u00abmol\u00edn\u00bb.<\/p>\n<div id=\"intext-sunmedia-1\">\n<div id=\"sm-it-main-container-1675164833360\" class=\"sm-it-main-container\" data-it=\"b97c30a1-c0dc-48dd-898c-9e20b45b0650\" data-device=\"desktop\" data-index=\"0\"><\/div>\n<\/div>\n<\/div>\n","protected":false},"excerpt":{"rendered":"<p>La llingua asturiana y\u00e1 tien los sos primeros \u00abol\u00edmpicos\u00bb &#8211; La Nueva Espa\u00f1a (lne.es) Finalistes de Secundaria: \u00c1lvaro Ord\u00f3\u00f1ez, Vidal Quidiello, Luc\u00eda Doce, Xulia Antu\u00f1a, Alberto Antu\u00f1a, Favila Velasco, Naiara Su\u00e1rez, Nerea Men\u00e9ndez y Carla Bote. L\u2019Academia entrega los premios de la primer edici\u00f3n del concursu de redaici\u00f3n \u00abUrbano Rodr\u00edguez\u00bb a escolinos de Secundaria, Bachilleratu [&hellip;]<\/p>\n","protected":false},"author":117,"featured_media":0,"comment_status":"open","ping_status":"open","sticky":false,"template":"","format":"standard","meta":{"footnotes":""},"categories":[265],"tags":[],"class_list":["post-16117","post","type-post","status-publish","format-standard","hentry","category-escolinos-lne"],"_links":{"self":[{"href":"https:\/\/edublog.educastur.es\/ixuxu\/wp-json\/wp\/v2\/posts\/16117","targetHints":{"allow":["GET"]}}],"collection":[{"href":"https:\/\/edublog.educastur.es\/ixuxu\/wp-json\/wp\/v2\/posts"}],"about":[{"href":"https:\/\/edublog.educastur.es\/ixuxu\/wp-json\/wp\/v2\/types\/post"}],"author":[{"embeddable":true,"href":"https:\/\/edublog.educastur.es\/ixuxu\/wp-json\/wp\/v2\/users\/117"}],"replies":[{"embeddable":true,"href":"https:\/\/edublog.educastur.es\/ixuxu\/wp-json\/wp\/v2\/comments?post=16117"}],"version-history":[{"count":1,"href":"https:\/\/edublog.educastur.es\/ixuxu\/wp-json\/wp\/v2\/posts\/16117\/revisions"}],"predecessor-version":[{"id":16118,"href":"https:\/\/edublog.educastur.es\/ixuxu\/wp-json\/wp\/v2\/posts\/16117\/revisions\/16118"}],"wp:attachment":[{"href":"https:\/\/edublog.educastur.es\/ixuxu\/wp-json\/wp\/v2\/media?parent=16117"}],"wp:term":[{"taxonomy":"category","embeddable":true,"href":"https:\/\/edublog.educastur.es\/ixuxu\/wp-json\/wp\/v2\/categories?post=16117"},{"taxonomy":"post_tag","embeddable":true,"href":"https:\/\/edublog.educastur.es\/ixuxu\/wp-json\/wp\/v2\/tags?post=16117"}],"curies":[{"name":"wp","href":"https:\/\/api.w.org\/{rel}","templated":true}]}}