{"id":16131,"date":"2023-02-11T08:00:09","date_gmt":"2023-02-11T06:00:09","guid":{"rendered":"https:\/\/edublog.educastur.es\/ixuxu\/?p=16131"},"modified":"2023-02-13T15:41:22","modified_gmt":"2023-02-13T13:41:22","slug":"dia-internacional-de-la-muyer-y-la-nena-na-ciencia-3","status":"publish","type":"post","link":"https:\/\/edublog.educastur.es\/ixuxu\/2023\/02\/dia-internacional-de-la-muyer-y-la-nena-na-ciencia-3\/","title":{"rendered":"D\u00eda internacional de la Muyer y la Ne\u00f1a na Ciencia."},"content":{"rendered":"<p style=\"text-align: center\"><a href=\"https:\/\/www.educastur.es\/documents\/34868\/40291\/2019-02_efem_mujer-nina-ciencia_800.jpg\/e0440d56-14bc-6a86-59e9-8b540a9f3cce?t=1621800625687\"><img loading=\"lazy\" decoding=\"async\" class=\"alignnone\" src=\"https:\/\/www.educastur.es\/documents\/34868\/40291\/2019-02_efem_mujer-nina-ciencia_800.jpg\/e0440d56-14bc-6a86-59e9-8b540a9f3cce?t=1621800625687\" alt=\"\" width=\"471\" height=\"505\" \/><\/a><\/p>\n<ul>\n<li><a href=\"https:\/\/www.educastur.es\/-\/11-02-2022-dia-internacional-de-la-mujer-y-la-nina-en-la-ciencia?redirect=%2F\">Educastur<\/a> \/<a href=\"https:\/\/11defebrero.org\/\" target=\"_blank\" rel=\"noopener\">Web 11 de febrero<\/a><\/li>\n<li><a href=\"https:\/\/es.unesco.org\/commemorations\/womenandgirlinscienceday\" target=\"_blank\" rel=\"noopener\">UNESCO. D\u00eda Internacional de la Mujer y la Ni\u00f1a en la Ciencia<\/a><\/li>\n<li><a href=\"https:\/\/www.un.org\/es\/observances\/women-and-girls-in-science-day\" target=\"_blank\" rel=\"noopener\">ONU. D\u00eda Internacionald e la Mujer y la Ni\u00f1a en la Ciencia<\/a><\/li>\n<li><a href=\"https:\/\/delegacion.asturias.csic.es\/11-febrero-dia-internacional-de-la-mujer-y-la-nina-en-la-ciencia\/\">Carta de deseos<\/a> \/<\/li>\n<\/ul>\n<p>En 2015 la ONU declar\u00f3&#8217;l 11 de febreru como&#8217;l <strong><span style=\"color: #008080\">D\u00eda internacional de la Muyer y la Ne\u00f1a na Ciencia.<\/span><\/strong> L&#8217;oxetivu d&#8217;esta efem\u00e9ride ye promover l&#8217;accesu plenu y equitativo a la ciencia y reconocer el papel fundamental que desempe\u00f1en les muyeres y les ne\u00f1es nos campos STEM.<\/p>\n<p><!--more--><\/p>\n<p style=\"text-align: center\"><img loading=\"lazy\" decoding=\"async\" class=\"alignnone size-full\" src=\"https:\/\/delegacion.asturias.csic.es\/wp-content\/uploads\/2023\/01\/jornada-carta-deseos_page-0001.jpg\" width=\"2000\" height=\"1125\" \/><\/p>\n<p style=\"text-align: center\">\n<!-- iframe plugin v.6.0 wordpress.org\/plugins\/iframe\/ -->\n<iframe loading=\"lazy\" src=\"https:\/\/www.facebook.com\/plugins\/post.php?href=https%3A%2F%2Fwww.facebook.com%2Fphoto.php%3Ffbid%3D751342549889698%26set%3Da.453332436357379%26type%3D3&#038;show_text=true&#038;width=500\" width=\"500\" height=\"498\" style=\"border:none;overflow:hidden\" scrolling=\"no\" frameborder=\"0\" allowfullscreen=\"true\" allow=\"autoplay; clipboard-write; encrypted-media; picture-in-picture; web-share\" 0=\"\/iframe\" class=\"iframe-class\"><\/iframe>\n<\/p>\n","protected":false},"excerpt":{"rendered":"<p>Educastur \/Web 11 de febrero UNESCO. D\u00eda Internacional de la Mujer y la Ni\u00f1a en la Ciencia ONU. D\u00eda Internacionald e la Mujer y la Ni\u00f1a en la Ciencia Carta de deseos \/ En 2015 la ONU declar\u00f3&#8217;l 11 de febreru como&#8217;l D\u00eda internacional de la Muyer y la Ne\u00f1a na Ciencia. L&#8217;oxetivu d&#8217;esta efem\u00e9ride [&hellip;]<\/p>\n","protected":false},"author":117,"featured_media":0,"comment_status":"open","ping_status":"open","sticky":false,"template":"","format":"standard","meta":{"footnotes":""},"categories":[6],"tags":[],"class_list":["post-16131","post","type-post","status-publish","format-standard","hentry","category-dia-de"],"_links":{"self":[{"href":"https:\/\/edublog.educastur.es\/ixuxu\/wp-json\/wp\/v2\/posts\/16131","targetHints":{"allow":["GET"]}}],"collection":[{"href":"https:\/\/edublog.educastur.es\/ixuxu\/wp-json\/wp\/v2\/posts"}],"about":[{"href":"https:\/\/edublog.educastur.es\/ixuxu\/wp-json\/wp\/v2\/types\/post"}],"author":[{"embeddable":true,"href":"https:\/\/edublog.educastur.es\/ixuxu\/wp-json\/wp\/v2\/users\/117"}],"replies":[{"embeddable":true,"href":"https:\/\/edublog.educastur.es\/ixuxu\/wp-json\/wp\/v2\/comments?post=16131"}],"version-history":[{"count":5,"href":"https:\/\/edublog.educastur.es\/ixuxu\/wp-json\/wp\/v2\/posts\/16131\/revisions"}],"predecessor-version":[{"id":16133,"href":"https:\/\/edublog.educastur.es\/ixuxu\/wp-json\/wp\/v2\/posts\/16131\/revisions\/16133"}],"wp:attachment":[{"href":"https:\/\/edublog.educastur.es\/ixuxu\/wp-json\/wp\/v2\/media?parent=16131"}],"wp:term":[{"taxonomy":"category","embeddable":true,"href":"https:\/\/edublog.educastur.es\/ixuxu\/wp-json\/wp\/v2\/categories?post=16131"},{"taxonomy":"post_tag","embeddable":true,"href":"https:\/\/edublog.educastur.es\/ixuxu\/wp-json\/wp\/v2\/tags?post=16131"}],"curies":[{"name":"wp","href":"https:\/\/api.w.org\/{rel}","templated":true}]}}