{"id":16179,"date":"2023-01-31T09:00:11","date_gmt":"2023-01-31T07:00:11","guid":{"rendered":"https:\/\/edublog.educastur.es\/ixuxu\/?p=16179"},"modified":"2023-02-01T15:16:36","modified_gmt":"2023-02-01T13:16:36","slug":"dia-de-la-cebra","status":"publish","type":"post","link":"https:\/\/edublog.educastur.es\/ixuxu\/2023\/01\/dia-de-la-cebra\/","title":{"rendered":"D\u00eda Internacional de la Cebra"},"content":{"rendered":"<p>El 31 de xineru celebra&#8217;l D\u00eda de la Cebra que tien como finalid\u00e1 caltener a esti espectacular animal.<\/p>\n<p style=\"text-align: center\"><img loading=\"lazy\" decoding=\"async\" class=\"alignnone \" src=\"https:\/\/upload.wikimedia.org\/wikipedia\/commons\/7\/74\/Grevy%27s_Zebra_Stallion.jpg\" width=\"617\" height=\"452\" \/><\/p>\n<ul>\n<li>Cebra: <a href=\"https:\/\/es.wikipedia.org\/wiki\/Cebra\">wiki<\/a> \/<\/li>\n<\/ul>\n<p><!--more--><\/p>\n<p>Esisten tr\u00e9s especies de cebres nel mundu:<\/p>\n<p>La cebra d&#8217;enllanada.<br \/>\nLa cebra de Gr\u00e9vy.<br \/>\nLa cebra de monte.<\/p>\n<p>D&#8217;estes especies, la cebra de Gr\u00e9vy considerase en peligru d&#8217;estinci\u00f3n y forma parte de la Llista Colorada d&#8217;Especies Amenaciaes. Les cebres de les enllanaes tienen una poblaci\u00f3n relativamente pr\u00f3spera, pero la cebra de monte presente en Sur\u00e1frica, Angola y Namibia tami\u00e9n t\u00e1n esperimentando una fuerte amenorgamientu nel n\u00famberu d&#8217;individuos, por cuenta de la caza.<\/p>\n<p style=\"text-align: center\"><img loading=\"lazy\" decoding=\"async\" class=\"alignnone size-full\" src=\"https:\/\/upload.wikimedia.org\/wikipedia\/commons\/thumb\/1\/19\/Tanzanian_Animals.jpg\/1920px-Tanzanian_Animals.jpg\" width=\"1920\" height=\"966\" \/><\/p>\n<p>\u00bfOnde viven les cebres?<\/p>\n<p>Les cebres son equinos, que&#8217;l so h\u00e1bitat asitiase nes prader\u00edes ensin \u00e1rboles y montes de sabana nel este y sur d&#8217;\u00c1frica. Nun suelen habitar los desiertos, selves y g\u00fcelgues. Estremense de los caballos pola presencia de rayes blanques nel so cuerpu negru.<\/p>\n<p>\u00bfPor qu\u00e9 celebra&#8217;l D\u00eda Internacional de la Cebra?<\/p>\n<p>El prop\u00f3situ d&#8217;esti d\u00eda ye concenciar a la poblaci\u00f3n sobro la importancia de les cebres nel planeta, y espublizar el peligru que cuerren toles especies de cebres, principalmente pola perda del h\u00e1bitat.<\/p>\n<p>Seg\u00fan el Zool\u00f3xicu de Nikolaev n&#8217;Ucrania, la festivid\u00e1 foi fundada por un consorciu d&#8217;organizaciones*conservacionistes, incluy\u00edu&#8217;l Zool\u00f3xicu Nacional del *Smithsonian y l&#8217;Institutu de Biolox\u00eda del Caltenimientu.<\/p>\n<p>\u00bfPor qu\u00e9 les cebres tienen rayes?<\/p>\n<p>Los cient\u00edficos nun se ponen d&#8217;alcuerdu na utilid\u00e1 de les rayes de les cebres.<\/p>\n<p>Hai teor\u00edes que dicen que los sirven pa regular el calor corporal del animal.<br \/>\nOtres teor\u00edes tienen que ver cola protecci\u00f3n contra insectos como los tabanes o bien con los depredadores.<br \/>\nTami\u00e9n pueden sirvilos pa estremar a los individuos del grupu, una y bones les rayes de #cada cebra son distintes ente elles.<\/p>\n<p>&nbsp;<\/p>\n","protected":false},"excerpt":{"rendered":"<p>El 31 de xineru celebra&#8217;l D\u00eda de la Cebra que tien como finalid\u00e1 caltener a esti espectacular animal. Cebra: wiki \/<\/p>\n","protected":false},"author":117,"featured_media":0,"comment_status":"open","ping_status":"open","sticky":false,"template":"","format":"standard","meta":{"footnotes":""},"categories":[6],"tags":[],"class_list":["post-16179","post","type-post","status-publish","format-standard","hentry","category-dia-de"],"_links":{"self":[{"href":"https:\/\/edublog.educastur.es\/ixuxu\/wp-json\/wp\/v2\/posts\/16179","targetHints":{"allow":["GET"]}}],"collection":[{"href":"https:\/\/edublog.educastur.es\/ixuxu\/wp-json\/wp\/v2\/posts"}],"about":[{"href":"https:\/\/edublog.educastur.es\/ixuxu\/wp-json\/wp\/v2\/types\/post"}],"author":[{"embeddable":true,"href":"https:\/\/edublog.educastur.es\/ixuxu\/wp-json\/wp\/v2\/users\/117"}],"replies":[{"embeddable":true,"href":"https:\/\/edublog.educastur.es\/ixuxu\/wp-json\/wp\/v2\/comments?post=16179"}],"version-history":[{"count":5,"href":"https:\/\/edublog.educastur.es\/ixuxu\/wp-json\/wp\/v2\/posts\/16179\/revisions"}],"predecessor-version":[{"id":16184,"href":"https:\/\/edublog.educastur.es\/ixuxu\/wp-json\/wp\/v2\/posts\/16179\/revisions\/16184"}],"wp:attachment":[{"href":"https:\/\/edublog.educastur.es\/ixuxu\/wp-json\/wp\/v2\/media?parent=16179"}],"wp:term":[{"taxonomy":"category","embeddable":true,"href":"https:\/\/edublog.educastur.es\/ixuxu\/wp-json\/wp\/v2\/categories?post=16179"},{"taxonomy":"post_tag","embeddable":true,"href":"https:\/\/edublog.educastur.es\/ixuxu\/wp-json\/wp\/v2\/tags?post=16179"}],"curies":[{"name":"wp","href":"https:\/\/api.w.org\/{rel}","templated":true}]}}