{"id":16185,"date":"2023-02-01T15:22:01","date_gmt":"2023-02-01T13:22:01","guid":{"rendered":"https:\/\/edublog.educastur.es\/ixuxu\/?p=16185"},"modified":"2023-02-01T15:36:37","modified_gmt":"2023-02-01T13:36:37","slug":"16185","status":"publish","type":"post","link":"https:\/\/edublog.educastur.es\/ixuxu\/2023\/02\/16185\/","title":{"rendered":"Algaire presenta \u00abLlume\u00bb, la so collaboraci\u00f3n con Ahez"},"content":{"rendered":"<div>\n<ul>\n<li class=\"titulo\"><a href=\"https:\/\/www.europapress.es\/asturianu\/noticia-algaire-presenta-so-collaboracion-ahez-representantes-francia-neurovision-2022-20230131164205.html?fbclid=IwAR0znDUMCFhBuueyfMyzHNuO84_1ESq-Joen8HEn9U0jAl0BiXgfSHe3eaA\">E. Press: Algaire presenta la so collaboraci\u00f3n con Ahez, representantes de Francia n&#8217;Eurovisi\u00f3n 2022<\/a><\/li>\n<li><a href=\"https:\/\/www.youtube.com\/watch?v=7dYqwRdnpxA\">Videuclip oficial<\/a> \/<\/li>\n<\/ul>\n<p style=\"text-align: center\">\n<!-- iframe plugin v.6.0 wordpress.org\/plugins\/iframe\/ -->\n<iframe loading=\"lazy\" width=\"100%\" height=\"395\" src=\"https:\/\/www.youtube.com\/embed\/7dYqwRdnpxA\" 0=\"\/iframe\" scrolling=\"yes\" class=\"iframe-class\" frameborder=\"0\"><\/iframe>\n<\/p>\n<p style=\"text-align: center\"><span class=\"style-scope yt-formatted-string\" dir=\"auto\">Grab\u00e1u en Viella n\u00b4Avientu de 2022 <\/span><\/p>\n<p><span class=\"style-scope yt-formatted-string\" dir=\"auto\">Int\u00e9rpretes: Algaire (Carla Miranda, Iratxe Espina, Loreto Su\u00e1rez y Juan Yag\u00fce) y Ahez (Marine Lavigne, Sterenn Diridollou y Sterenn Le Guillou) Actores: Hugo Manso y Daniel Gal\u00e1n. Make up: In\u00e9s F. Arg\u00fcelles Estilismu: Algaire M\u00fasica: Luis \u00c1ngel Fdez. y Algaire Letra: Luis \u00c1ngel Fdez. <\/span><\/p>\n<p>El grupu asturianu Algaire present\u00f3&#8217;l videoclip del cantar &#8216;Llume&#8217;, onde collaboren col tr\u00edu bret\u00f3n Ahez, que xunto&#8217;l cantante y m\u00fasicu Alvan representaron a Francia n&#8217;Eurovisi\u00f3n 2022, en Tur\u00edn (Italia), col cantar en bret\u00f3n &#8216;Fulenn&#8217;.<\/p>\n<p><!--more--><\/p>\n<p>Algaire ta form\u00e1u Carla Miranda, Iratxe Espina y Loreto Su\u00e1rez &#8211;voz y percusi\u00f3n tradicional asturiana&#8211;, y Juan Yag\u00fce &#8211;guitarra&#8211;, qu&#8217;ufren una visi\u00f3n propia de la m\u00fasica tradicional asturiana dende una perspectiva actual y contempor\u00e1nea.<\/p>\n<div>\n<ul>\n<li><span class=\"style-scope yt-formatted-string\" dir=\"auto\">S\u00edguenos en RRSS: <\/span><\/li>\n<li><span class=\"style-scope yt-formatted-string\" dir=\"auto\">Facebook: <\/span><a class=\"yt-simple-endpoint style-scope yt-formatted-string\" href=\"https:\/\/www.youtube.com\/redirect?event=video_description&amp;redir_token=QUFFLUhqbmh4djFlVmVPT1ZzQUlfSXA1Y1VOMW1yWFBWUXxBQ3Jtc0trelcxRW9NeXpzUXFOb2UzaHRseFlYNnZQZjFyQU10dTNCZTJyVVdkTG9zTTZ1UlFqYThHVllBMWpDTHFfWXVyNDB5TmhCOFhMVFlPVzMzU3J1UDVyTXVBMmpYSUIyMkstT1lONFg1SEpYazdsRy1Obw&amp;q=https%3A%2F%2Fwww.facebook.com%2Falgairepercusion%2F&amp;v=7dYqwRdnpxA\" target=\"_blank\" rel=\"nofollow noopener\">https:\/\/www.facebook.com\/algairepercu&#8230;<\/a><\/li>\n<li><span class=\"style-scope yt-formatted-string\" dir=\"auto\">Instagram: <\/span><a class=\"yt-simple-endpoint style-scope yt-formatted-string\" href=\"https:\/\/www.youtube.com\/redirect?event=video_description&amp;redir_token=QUFFLUhqbVplUmdFbVlMZUswNExiUmRqUUU1TGlHUHFhQXxBQ3Jtc0tsVnZjOHNTMUctYTVhV2Q3NURud2FNT29aZ3V0NktNcXY5Y2w2WEJCdmVxaEZfangtYWZyQjZwYlY2alZHTmQzdnVDbGdFVHZRMks0VTBEWUsxLWl3UTlmUDlEQ2thNTJhbldtSnNSQ0wweW5Zdjh4UQ&amp;q=https%3A%2F%2Fwww.instagram.com%2Falgaire%2F&amp;v=7dYqwRdnpxA\" target=\"_blank\" rel=\"nofollow noopener\">https:\/\/www.instagram.com\/algaire\/<\/a><\/li>\n<\/ul>\n<p>El grupu ye una de les revelaciones de la m\u00fasica asturiana nel 2022. Asina, nel Festival de Lorient llevaron el premiu Loic Rais al meyor grupu y tami\u00e9n recibieron el Premiu Camaret\u00e1 al meyor cantar del a\u00f1u qu&#8217;entrega&#8217;l Gobiernu d&#8217;Asturies. El cantar &#8216;Llume&#8217; ta incluy\u00edu nel so primer discu, &#8216;Coral y Maera&#8217; y nesta versi\u00f3n nueva pal videoclip, que y\u00e1 ta en YouTube, canten n&#8217;asturianu y bret\u00f3n acompa\u00f1aes del tr\u00edu bret\u00f3n Ahez, forma\u00fa por Marine Lavigne, Sterenn Diridollou y Sterenn Le Guillou.<\/p>\n<p>El cantar &#8216;Llume&#8217; ta incluy\u00edu nel so primer discu, &#8216;Coral y Maera&#8217; y nesta versi\u00f3n nueva pal videoclip, que y\u00e1 ta en YouTube, canten n&#8217;asturianu y bret\u00f3n acompa\u00f1aes del tr\u00edu bret\u00f3n Ahez, forma\u00fa por Marine Lavigne, Sterenn Diridollou y Sterenn Le Guillou.<\/p>\n<div>\n<p>El tema, con lletra de Luis \u00c1ngel Fern\u00e1ndez y Algaire, fala d&#8217;una historia d&#8217;amor inspirada nos temes tradicionales asturianos y nel videoclip convi\u00e9rtese nuna reivindicaci\u00f3n de los derechos del colectivu LGTBI, am\u00e1s de les lling\u00fces y cultures del Arcu Atl\u00e1nticu.<\/p>\n<div class=\"TzHB6b cLjAic LMRCfc\" data-hveid=\"CCcQAA\" data-ved=\"2ahUKEwjssrD1tPT8AhWDhf0HHRD7Cl8Qy9oBKAB6BAgnEAA\">\n<div>\n<div class=\"sATSHe\">\n<div>\n<div class=\"B03h3d V14nKc EN1f2d ptcLIOszQJu__wholepage-card wp-ms\" data-hveid=\"CAMQAA\">\n<div class=\"UDZeY OTFaAf\">\n<div class=\"wDYxhc NFQFxe\" data-attrid=\"kc:\/music\/recording_cluster:lyrics\" data-md=\"113\">\n<div class=\"wGduib\" data-hveid=\"CAEQAA\" data-ved=\"2ahUKEwjssrD1tPT8AhWDhf0HHRD7Cl8QsEx6BAgBEAA\">\n<div class=\"Z1hOCe\">\n<div class=\"PZPZlf zloOqf\" data-lyricid=\"Lyricfind002-7288796\">\n<div class=\"xaAUmb\">\n<div>\n<blockquote>\n<div class=\"ujudUb\" style=\"text-align: center\"><span style=\"font-size: 20px\"><em><span style=\"color: #008080\">Ayer pela tarde<\/span><\/em><\/span><br aria-hidden=\"true\" \/><span style=\"font-size: 20px\"><em><span style=\"color: #008080\">pas\u00e9 per to casa<\/span><\/em><\/span><br aria-hidden=\"true\" \/><span style=\"font-size: 20px\"><em><span style=\"color: #008080\">nun tabes ell\u00ed<\/span><\/em><\/span><br aria-hidden=\"true\" \/><span style=\"font-size: 20px\"><em><span style=\"color: #008080\">q&#8217;andabes a las vacas.<br \/>\n<\/span><\/em><\/span><br aria-hidden=\"true\" \/><span style=\"font-size: 20px\"><em><span style=\"color: #008080\">To padre y el m\u00edu<\/span><\/em><\/span><br aria-hidden=\"true\" \/><span style=\"font-size: 20px\"><em><span style=\"color: #008080\">tuvieron falando<\/span><\/em><\/span><br aria-hidden=\"true\" \/><span style=\"font-size: 20px\"><em><span style=\"color: #008080\">como mos queremos<\/span><\/em><\/span><br aria-hidden=\"true\" \/><span style=\"font-size: 20px\"><span style=\"font-size: 20px\"><em><span style=\"color: #008080\">d\u00e9xenmos casamos.<\/span><\/em><\/span><\/span><\/div>\n<div class=\"ujudUb\" style=\"text-align: center\">\n<p><span style=\"font-size: 20px\"><em><span style=\"color: #008080\">Despidite, ne\u00f1u,<\/span><\/em><\/span><br aria-hidden=\"true\" \/><span style=\"font-size: 20px\"><em><span style=\"color: #008080\">garra les tos coses<\/span><\/em><\/span><br aria-hidden=\"true\" \/><span style=\"font-size: 20px\"><em><span style=\"color: #008080\">y d\u00ed-y a to madre<\/span><\/em><\/span><br aria-hidden=\"true\" \/><span style=\"font-size: 20px\"><em><span style=\"color: #008080\">que por ti nun llore.<\/span><\/em><\/span><\/p>\n<\/div>\n<div class=\"ujudUb WRZytc\" style=\"text-align: center\"><span style=\"font-size: 20px\"><em><span style=\"color: #008080\">Esta nueche, ne\u00f1u,<\/span><\/em><\/span><br aria-hidden=\"true\" \/><span style=\"font-size: 20px\"><em><span style=\"color: #008080\">vas durmir comigo<\/span><\/em><\/span><br aria-hidden=\"true\" \/><span style=\"font-size: 20px\"><em><span style=\"color: #008080\">al llau la mio llume<\/span><\/em><\/span><br aria-hidden=\"true\" \/><span style=\"font-size: 20px\"><em><span style=\"color: #008080\">debaxo&#8217;l mio abrigu.<\/span><\/em><\/span><\/div>\n<\/blockquote>\n<\/div>\n<\/div>\n<blockquote>\n<div class=\"f41I7 ai4HXb j04ED\" style=\"text-align: center\"><span style=\"font-size: 20px\"><em><span style=\"color: #008080\">Fuente:\u00a0<\/span><\/em><\/span><span class=\"S4TQId\"><a href=\"https:\/\/lyrics.lyricfind.com\/\" data-jsarwt=\"1\" data-usg=\"AOvVaw11Qs7nFdSqomE6hfoxhsVO\" data-ved=\"2ahUKEwjssrD1tPT8AhWDhf0HHRD7Cl8Q5s4FegQIARAC\"><span style=\"font-size: 20px\"><em><span style=\"color: #008080\">LyricFind<\/span><\/em><\/span><\/a><\/span><\/div>\n<\/blockquote>\n<div class=\"f41I7 ai4HXb\" data-ved=\"2ahUKEwjssrD1tPT8AhWDhf0HHRD7Cl8QycMBKAB6BAgBEAM\">\n<div class=\"auw0zb\"><\/div>\n<div class=\"auw0zb\" style=\"text-align: center\">\n<!-- iframe plugin v.6.0 wordpress.org\/plugins\/iframe\/ -->\n<iframe loading=\"lazy\" width=\"100%\" height=\"395\" src=\"https:\/\/www.youtube.com\/embed\/QG5nLd67kdA\" title=\"Llume\" frameborder=\"0\" allow=\"accelerometer; autoplay; clipboard-write; encrypted-media; gyroscope; picture-in-picture; web-share\" 0=\"allowfullscreen\" 1=\"\/iframe\" scrolling=\"yes\" class=\"iframe-class\"><\/iframe>\n<\/div>\n<div><\/div>\n<div style=\"text-align: center\">\n<!-- iframe plugin v.6.0 wordpress.org\/plugins\/iframe\/ -->\n<iframe loading=\"lazy\" width=\"100%\" height=\"395\" src=\"https:\/\/www.youtube.com\/embed\/05VkLZEbaKg\" title=\"AMOSANDO #20 ?\ufe0f Conciertu @algaire_ &#039;Coral y Maera&#039;\" frameborder=\"0\" allow=\"accelerometer; autoplay; clipboard-write; encrypted-media; gyroscope; picture-in-picture; web-share\" 0=\"allowfullscreen\" 1=\"\/iframe\" scrolling=\"yes\" class=\"iframe-class\"><\/iframe>\n<\/div>\n<\/div>\n<\/div>\n<\/div>\n<\/div>\n<\/div>\n<\/div>\n<\/div>\n<\/div>\n<\/div>\n<\/div>\n<\/div>\n<div class=\"TzHB6b cLjAic\" data-hveid=\"CCgQAA\" data-ved=\"2ahUKEwjssrD1tPT8AhWDhf0HHRD7Cl8Q-oUCKAB6BAgoEAA\">\n<div>\n<div class=\"sATSHe\">\n<div>\n<div class=\"WvKfwe a3spGf\">\n<div class=\"g Ww4FFb vt6azd tF2Cxc\" lang=\"es\" data-hveid=\"CA4QAA\" data-ved=\"2ahUKEwjssrD1tPT8AhWDhf0HHRD7Cl8QFSgAegQIDhAA\">\n<div class=\"kvH3mc BToiNc UK95Uc\" data-sokoban-container=\"ih6Jnb_WNBuBc\">\n<div class=\"Z26q7c UK95Uc jGGQ5e\" data-header-feature=\"0\" data-sokoban-feature=\"x5WNvb\">\n<div class=\"yuRUbf\"><\/div>\n<\/div>\n<\/div>\n<\/div>\n<\/div>\n<\/div>\n<\/div>\n<\/div>\n<\/div>\n<div class=\"Z26q7c UK95Uc jGGQ5e\" data-header-feature=\"0\" data-sokoban-feature=\"x5WNvb\">\n<div class=\"yuRUbf\">\n<div class=\"B6fmyf\">\n<div class=\"csDOgf\">\n<div data-bsextraheight=\"0\" data-isdesktop=\"true\" data-ved=\"2ahUKEwjssrD1tPT8AhWDhf0HHRD7Cl8Q2esEegQIBBAE\"><\/div>\n<\/div>\n<\/div>\n<\/div>\n<\/div>\n<div>\n<p>&nbsp;<\/p>\n<\/div>\n<\/div>\n<\/div>\n<\/div>\n","protected":false},"excerpt":{"rendered":"<p>E. Press: Algaire presenta la so collaboraci\u00f3n con Ahez, representantes de Francia n&#8217;Eurovisi\u00f3n 2022 Videuclip oficial \/ Grab\u00e1u en Viella n\u00b4Avientu de 2022 Int\u00e9rpretes: Algaire (Carla Miranda, Iratxe Espina, Loreto Su\u00e1rez y Juan Yag\u00fce) y Ahez (Marine Lavigne, Sterenn Diridollou y Sterenn Le Guillou) Actores: Hugo Manso y Daniel Gal\u00e1n. Make up: In\u00e9s F. Arg\u00fcelles [&hellip;]<\/p>\n","protected":false},"author":117,"featured_media":0,"comment_status":"open","ping_status":"open","sticky":false,"template":"","format":"standard","meta":{"footnotes":""},"categories":[35],"tags":[],"class_list":["post-16185","post","type-post","status-publish","format-standard","hentry","category-musica"],"_links":{"self":[{"href":"https:\/\/edublog.educastur.es\/ixuxu\/wp-json\/wp\/v2\/posts\/16185","targetHints":{"allow":["GET"]}}],"collection":[{"href":"https:\/\/edublog.educastur.es\/ixuxu\/wp-json\/wp\/v2\/posts"}],"about":[{"href":"https:\/\/edublog.educastur.es\/ixuxu\/wp-json\/wp\/v2\/types\/post"}],"author":[{"embeddable":true,"href":"https:\/\/edublog.educastur.es\/ixuxu\/wp-json\/wp\/v2\/users\/117"}],"replies":[{"embeddable":true,"href":"https:\/\/edublog.educastur.es\/ixuxu\/wp-json\/wp\/v2\/comments?post=16185"}],"version-history":[{"count":6,"href":"https:\/\/edublog.educastur.es\/ixuxu\/wp-json\/wp\/v2\/posts\/16185\/revisions"}],"predecessor-version":[{"id":16187,"href":"https:\/\/edublog.educastur.es\/ixuxu\/wp-json\/wp\/v2\/posts\/16185\/revisions\/16187"}],"wp:attachment":[{"href":"https:\/\/edublog.educastur.es\/ixuxu\/wp-json\/wp\/v2\/media?parent=16185"}],"wp:term":[{"taxonomy":"category","embeddable":true,"href":"https:\/\/edublog.educastur.es\/ixuxu\/wp-json\/wp\/v2\/categories?post=16185"},{"taxonomy":"post_tag","embeddable":true,"href":"https:\/\/edublog.educastur.es\/ixuxu\/wp-json\/wp\/v2\/tags?post=16185"}],"curies":[{"name":"wp","href":"https:\/\/api.w.org\/{rel}","templated":true}]}}