{"id":16206,"date":"2023-02-01T15:51:38","date_gmt":"2023-02-01T13:51:38","guid":{"rendered":"https:\/\/edublog.educastur.es\/ixuxu\/?p=16206"},"modified":"2023-02-13T15:21:41","modified_gmt":"2023-02-13T13:21:41","slug":"el-principau-anicial-procesu-pa-declarar-la-cultura-del-acebache-bien-dinteres-cultural-inmaterial","status":"publish","type":"post","link":"https:\/\/edublog.educastur.es\/ixuxu\/2023\/02\/el-principau-anicial-procesu-pa-declarar-la-cultura-del-acebache-bien-dinteres-cultural-inmaterial\/","title":{"rendered":"El Princip\u00e1u anicia&#8217;l procesu pa declarar la cultura del acebache bien d&#8217;inter\u00e9s cultural inmaterial"},"content":{"rendered":"<ul>\n<li class=\"titular\"><a href=\"https:\/\/www.europapress.es\/asturianu\/noticia-principau-anicial-procesu-pa-declarar-cultura-acebache-bien-dinteres-cultural-inmaterial-20230126133328.html?fbclid=IwAR1zzFzVdODvM__SNyEWRspLZ5nrKgiRI2x8Rsc01hiathPHXnL6hK4ovJY\"><span style=\"font-size: 14px\">Europa Press: El Princip\u00e1u anicia&#8217;l procesu pa declarar la cultura del acebache bien d&#8217;inter\u00e9s cultural inmaterial<\/span><\/a><\/li>\n<li><a href=\"https:\/\/rtpa.es\/noticias-asturias:Iniciado-el-proceso-para-declarar-la-cultura-del-azabache-como-BIC-inmaterial_111674741936.html?fbclid=IwAR1SFOh2F0RA2Jjgp9Te0Pa1AjzvLlRkp4qzor34m4ZvTvv32jJTb-_i5Eg\">RTPA<\/a> \/ <a href=\"https:\/\/incuna.es\/incuna-solicita-la-declaracion-de-bic-como-patrimonio-inmaterial-de-las-culturas-del-azabache\/\">INCUNA<\/a> \/<\/li>\n<\/ul>\n<p style=\"text-align: center\"><img loading=\"lazy\" decoding=\"async\" class=\"alignnone size-full\" src=\"https:\/\/www.rtpa.es\/fotos\/\/19\/04\/20190420140457_20190420_azabache.jpg\" width=\"853\" height=\"480\" \/><\/p>\n<div>\n<p class=\"titulo\">El Princip\u00e1u anicia&#8217;l procesu pa declarar la cultura del acebache bien d&#8217;inter\u00e9s cultural inmaterial. La tramitaci\u00f3n de la declaraci\u00f3n va durar un m\u00e1ximu de dos a\u00f1os.<\/p>\n<p>&nbsp;<\/p>\n<p><!--more--><\/p>\n<p class=\"titulo\">\u00a0La Conseyer\u00eda de Cultura, Pol\u00edtica Lling\u00fc\u00edstica y Turismu principi\u00f3&#8217;l procesu pa que la cultura del acebache s\u00eda<strong><span style=\"color: #008080\"> bien d&#8217;inter\u00e9s cultural (BIC)<\/span> <\/strong>de calter inmaterial. El procesu va durar un m\u00e1ximu de dos a\u00f1os y precisa d&#8217;informes de l&#8217;Academia de la Historia, la Universid\u00e1 d&#8217;Uvi\u00e9u y el Real Institutu d&#8217;Estudios Asturianos (Ridea).<\/p>\n<p>La esistencia d&#8217;un xacimientu d&#8217;acebache d&#8217;escepcional calid\u00e1 n&#8217;Asturies dex\u00f3, y\u00e1 dende d\u00f3mines remotes, la so esplotaci\u00f3n minera y el so aprovechamientu artesanal, de cuenta que surdi\u00f3 una cultura basada nes cualidaes d&#8217;esti singular mineral.<\/p>\n<p>Esta trayectoria hist\u00f3rico y art\u00edstico identificase con un \u00e1rea xeogr\u00e1fica determinada, Les Mari\u00f1es de Villaviciosa y la so redoma, onde pervivi\u00f3 la tradici\u00f3n minera hasta fai un par de d\u00e9cades y na que se concentra&#8217;l mayor n\u00famberu d&#8217;artesanos qu&#8217;ent\u00e1 siguen venceyaos al acebache.<\/p>\n<p><img loading=\"lazy\" decoding=\"async\" class=\"size-full aligncenter\" src=\"https:\/\/actualidad.asturias.es\/documents\/537115\/1010658\/azabache.jpg\/b9e3521d-60df-b91e-e02f-7c5abb0443b6?t=1674733886316\" width=\"708\" height=\"449\" \/><\/p>\n<p>L&#8217;oficiu d&#8217;acebacheru, g\u00fcei amenorg\u00e1u en n\u00famberu, ellabora y comercializa b\u00e1sicamente dos tipos de productos, per un sitiu, pieces tradicionales de les que xeneren una gran producci\u00f3n, y por otru, pieces de xoyer\u00eda que salen de talleres nos que se define un estilu propiu, trabayando&#8217;l dise\u00f1u y una ellaboraci\u00f3n distintiva ya innovadora, nuna ll\u00ednea qu&#8217;incorpora nuevos materiales.<\/p>\n<\/div>\n<p>&nbsp;<\/p>\n","protected":false},"excerpt":{"rendered":"<p>Europa Press: El Princip\u00e1u anicia&#8217;l procesu pa declarar la cultura del acebache bien d&#8217;inter\u00e9s cultural inmaterial RTPA \/ INCUNA \/ El Princip\u00e1u anicia&#8217;l procesu pa declarar la cultura del acebache bien d&#8217;inter\u00e9s cultural inmaterial. La tramitaci\u00f3n de la declaraci\u00f3n va durar un m\u00e1ximu de dos a\u00f1os. &nbsp;<\/p>\n","protected":false},"author":117,"featured_media":0,"comment_status":"open","ping_status":"open","sticky":false,"template":"","format":"standard","meta":{"footnotes":""},"categories":[89],"tags":[],"class_list":["post-16206","post","type-post","status-publish","format-standard","hentry","category-arte"],"_links":{"self":[{"href":"https:\/\/edublog.educastur.es\/ixuxu\/wp-json\/wp\/v2\/posts\/16206","targetHints":{"allow":["GET"]}}],"collection":[{"href":"https:\/\/edublog.educastur.es\/ixuxu\/wp-json\/wp\/v2\/posts"}],"about":[{"href":"https:\/\/edublog.educastur.es\/ixuxu\/wp-json\/wp\/v2\/types\/post"}],"author":[{"embeddable":true,"href":"https:\/\/edublog.educastur.es\/ixuxu\/wp-json\/wp\/v2\/users\/117"}],"replies":[{"embeddable":true,"href":"https:\/\/edublog.educastur.es\/ixuxu\/wp-json\/wp\/v2\/comments?post=16206"}],"version-history":[{"count":3,"href":"https:\/\/edublog.educastur.es\/ixuxu\/wp-json\/wp\/v2\/posts\/16206\/revisions"}],"predecessor-version":[{"id":16340,"href":"https:\/\/edublog.educastur.es\/ixuxu\/wp-json\/wp\/v2\/posts\/16206\/revisions\/16340"}],"wp:attachment":[{"href":"https:\/\/edublog.educastur.es\/ixuxu\/wp-json\/wp\/v2\/media?parent=16206"}],"wp:term":[{"taxonomy":"category","embeddable":true,"href":"https:\/\/edublog.educastur.es\/ixuxu\/wp-json\/wp\/v2\/categories?post=16206"},{"taxonomy":"post_tag","embeddable":true,"href":"https:\/\/edublog.educastur.es\/ixuxu\/wp-json\/wp\/v2\/tags?post=16206"}],"curies":[{"name":"wp","href":"https:\/\/api.w.org\/{rel}","templated":true}]}}