{"id":16212,"date":"2023-02-02T12:24:21","date_gmt":"2023-02-02T10:24:21","guid":{"rendered":"https:\/\/edublog.educastur.es\/ixuxu\/?p=16212"},"modified":"2023-02-06T12:28:02","modified_gmt":"2023-02-06T10:28:02","slug":"gueyu-de-gue-en-pena-mea-nevada-a-vista-de-dron","status":"publish","type":"post","link":"https:\/\/edublog.educastur.es\/ixuxu\/2023\/02\/gueyu-de-gue-en-pena-mea-nevada-a-vista-de-dron\/","title":{"rendered":"G\u00fceyu de G\u00fce en Pe\u00f1a Mea nevada a vista de dron"},"content":{"rendered":"<p>La naturaleza reg\u00e1lanos marav\u00edes como esta: G\u00fceyu de G\u00fce en Pe\u00f1a Mea nevada a vista de dron ?<\/p>\n<ul>\n<li>?\ufe0fFonte: @asturdavi<\/li>\n<li><a href=\"https:\/\/www.facebook.com\/turismo.aller\/videos\/1236999623556254\/\">Videu<\/a> \/<\/li>\n<li>Pe\u00f1a Mea: wiki \/ <a href=\"https:\/\/animalesviajeros.es\/ruta-ojo-de-buey-pena-mea-senderismo-en-asturias\/\">Ruta<\/a> \/<\/li>\n<\/ul>\n<p style=\"text-align: center\">\n<!-- iframe plugin v.6.0 wordpress.org\/plugins\/iframe\/ -->\n<iframe loading=\"lazy\" src=\"https:\/\/www.facebook.com\/plugins\/video.php?height=476&#038;href=https%3A%2F%2Fwww.facebook.com%2Fturismo.aller%2Fvideos%2F1236999623556254%2F&#038;show_text=false&#038;width=380&#038;t=0\" width=\"380\" height=\"476\" style=\"border:none;overflow:hidden\" scrolling=\"no\" frameborder=\"0\" allowfullscreen=\"true\" allow=\"autoplay; clipboard-write; encrypted-media; picture-in-picture; web-share\" 0=\"\/iframe\" class=\"iframe-class\"><\/iframe>\n<\/p>\n<p>G\u00fceyu de G\u00fce de Pe\u00f1a Mea, unu de los llugares m\u00e1s guapos d&#8217;Asturies para faer senderismu. El \u00fceyu de G\u00fce de Pe\u00f1a Mea ye una de los cumes m\u00e1s conoc\u00edos y emblem\u00e1tiques d&#8217;Asturies, y\u00e1 que nun rique neng\u00fan tipu d&#8217;esguilada para llegar a los sos 1557 metros d&#8217;altit\u00fa.<\/p>\n<p><!--more--><\/p>\n<p style=\"text-align: center\"><a href=\"https:\/\/th.bing.com\/th\/id\/R.54d570b9936a642e183da101656cdfd2?rik=5H9yETmELbOAHw&amp;pid=ImgRaw&amp;r=0\"><img loading=\"lazy\" decoding=\"async\" class=\"alignnone\" src=\"https:\/\/th.bing.com\/th\/id\/R.54d570b9936a642e183da101656cdfd2?rik=5H9yETmELbOAHw&amp;pid=ImgRaw&amp;r=0\" alt=\"\" width=\"1800\" height=\"1200\" \/><\/a><\/p>\n<p style=\"text-align: center\"><a href=\"https:\/\/animalesviajeros.es\/wp-content\/uploads\/2020\/08\/donde-esta-Pe%C3%B1a-Mea-Asturias.jpg\"><img loading=\"lazy\" decoding=\"async\" class=\"alignnone\" src=\"https:\/\/animalesviajeros.es\/wp-content\/uploads\/2020\/08\/donde-esta-Pe%C3%B1a-Mea-Asturias.jpg\" alt=\"\" width=\"800\" height=\"533\" \/><\/a><\/p>\n<p style=\"text-align: center\">\n<!-- iframe plugin v.6.0 wordpress.org\/plugins\/iframe\/ -->\n<iframe loading=\"lazy\" width=\"100%\" height=\"395\" src=\"https:\/\/www.youtube.com\/embed\/ahYuSo5QTm8\" title=\"El ojo de Buey de Pe\u00f1a Mea. Asturias\" frameborder=\"0\" allow=\"accelerometer; autoplay; clipboard-write; encrypted-media; gyroscope; picture-in-picture; web-share\" 0=\"allowfullscreen\" 1=\"\/iframe\" scrolling=\"yes\" class=\"iframe-class\"><\/iframe>\n<\/p>\n","protected":false},"excerpt":{"rendered":"<p>La naturaleza reg\u00e1lanos marav\u00edes como esta: G\u00fceyu de G\u00fce en Pe\u00f1a Mea nevada a vista de dron ? ?\ufe0fFonte: @asturdavi Videu \/ Pe\u00f1a Mea: wiki \/ Ruta \/ G\u00fceyu de G\u00fce de Pe\u00f1a Mea, unu de los llugares m\u00e1s guapos d&#8217;Asturies para faer senderismu. El \u00fceyu de G\u00fce de Pe\u00f1a Mea ye una de los [&hellip;]<\/p>\n","protected":false},"author":117,"featured_media":0,"comment_status":"open","ping_status":"open","sticky":false,"template":"","format":"standard","meta":{"footnotes":""},"categories":[4],"tags":[],"class_list":["post-16212","post","type-post","status-publish","format-standard","hentry","category-natura"],"_links":{"self":[{"href":"https:\/\/edublog.educastur.es\/ixuxu\/wp-json\/wp\/v2\/posts\/16212","targetHints":{"allow":["GET"]}}],"collection":[{"href":"https:\/\/edublog.educastur.es\/ixuxu\/wp-json\/wp\/v2\/posts"}],"about":[{"href":"https:\/\/edublog.educastur.es\/ixuxu\/wp-json\/wp\/v2\/types\/post"}],"author":[{"embeddable":true,"href":"https:\/\/edublog.educastur.es\/ixuxu\/wp-json\/wp\/v2\/users\/117"}],"replies":[{"embeddable":true,"href":"https:\/\/edublog.educastur.es\/ixuxu\/wp-json\/wp\/v2\/comments?post=16212"}],"version-history":[{"count":1,"href":"https:\/\/edublog.educastur.es\/ixuxu\/wp-json\/wp\/v2\/posts\/16212\/revisions"}],"predecessor-version":[{"id":16213,"href":"https:\/\/edublog.educastur.es\/ixuxu\/wp-json\/wp\/v2\/posts\/16212\/revisions\/16213"}],"wp:attachment":[{"href":"https:\/\/edublog.educastur.es\/ixuxu\/wp-json\/wp\/v2\/media?parent=16212"}],"wp:term":[{"taxonomy":"category","embeddable":true,"href":"https:\/\/edublog.educastur.es\/ixuxu\/wp-json\/wp\/v2\/categories?post=16212"},{"taxonomy":"post_tag","embeddable":true,"href":"https:\/\/edublog.educastur.es\/ixuxu\/wp-json\/wp\/v2\/tags?post=16212"}],"curies":[{"name":"wp","href":"https:\/\/api.w.org\/{rel}","templated":true}]}}