{"id":16222,"date":"2023-02-06T12:40:13","date_gmt":"2023-02-06T10:40:13","guid":{"rendered":"https:\/\/edublog.educastur.es\/ixuxu\/?p=16222"},"modified":"2023-02-06T12:40:13","modified_gmt":"2023-02-06T10:40:13","slug":"en-ruta-por-picos-deuropa-ensin-salir-dasturies","status":"publish","type":"post","link":"https:\/\/edublog.educastur.es\/ixuxu\/2023\/02\/en-ruta-por-picos-deuropa-ensin-salir-dasturies\/","title":{"rendered":"En ruta por Picos d&#8217;Europa ensin salir d&#8217;Asturies"},"content":{"rendered":"<ul>\n<li><a href=\"https:\/\/elpais.com\/elviajero\/2023-02-03\/en-ruta-por-picos-de-europa-sin-salir-de-asturias.html?fbclid=IwAR2vDSMHK5QUOFAzBRmV3VZI0eEr3tvVaEOozqtzofxmy_JEQPkT8nBOIpw\">El Pa\u00eds: En ruta por Picos d&#8217;Europa ensin salir d&#8217;Asturies<\/a><\/li>\n<\/ul>\n<p style=\"text-align: center\"><a href=\"https:\/\/imagenes.elpais.com\/resizer\/GOphpHnTe0pGRZEpwDZ1fTXVgQ0=\/980x0\/cloudfront-eu-central-1.images.arcpublishing.com\/prisa\/NZIN63JOLJHH7MJP7ZDDTQ3TLQ.jpg\"><img loading=\"lazy\" decoding=\"async\" class=\"alignnone\" src=\"https:\/\/imagenes.elpais.com\/resizer\/GOphpHnTe0pGRZEpwDZ1fTXVgQ0=\/980x0\/cloudfront-eu-central-1.images.arcpublishing.com\/prisa\/NZIN63JOLJHH7MJP7ZDDTQ3TLQ.jpg\" alt=\"\" width=\"980\" height=\"654\" \/><\/a><\/p>\n<p>Entamar una caminada pol parque nacional, catar un Cabrales o entrar na cueva de Pando son dalgunes de les actividaes nesti para\u00edsu para senderistes, escaladores, cielos la boca esixentes o para quien a cencielles busquen la naturaleza nel so est\u00e1u m\u00e1s puru.<\/p>\n<p><!--more--><\/p>\n<p style=\"text-align: center\"><a href=\"https:\/\/imagenes.elpais.com\/resizer\/xbMg6PZ_e6Z7rJ7S2-5XzcsoF0k=\/1960x0\/cloudfront-eu-central-1.images.arcpublishing.com\/prisa\/5MDKNSADSFFIRMG7L5WPJD66PA.jpg\"><img loading=\"lazy\" decoding=\"async\" class=\"alignnone\" src=\"https:\/\/imagenes.elpais.com\/resizer\/xbMg6PZ_e6Z7rJ7S2-5XzcsoF0k=\/1960x0\/cloudfront-eu-central-1.images.arcpublishing.com\/prisa\/5MDKNSADSFFIRMG7L5WPJD66PA.jpg\" alt=\"\" width=\"539\" height=\"808\" \/><\/a><\/p>\n<p>Abel Fern\u00e1ndez ye afinador de llueques\/cencerros y ganaderu. Na imaxe, apaez al pie de el so fat\u00e1u de cabres pela redolada de Sotres. Mientres cai la nueche oise golpeteo del martiellu d&#8217;Abel Fern\u00e1ndez afinando les llueques nel so taller. Les cabres pasaron va ratu pola cai principal cam\u00edn a los praos de menos altor y agorando esos falopos de nieve que van cubrir de blancu&#8217;l pueblu y tolo qu&#8217;algama la vista mientres dellos meses.<\/p>\n","protected":false},"excerpt":{"rendered":"<p>El Pa\u00eds: En ruta por Picos d&#8217;Europa ensin salir d&#8217;Asturies Entamar una caminada pol parque nacional, catar un Cabrales o entrar na cueva de Pando son dalgunes de les actividaes nesti para\u00edsu para senderistes, escaladores, cielos la boca esixentes o para quien a cencielles busquen la naturaleza nel so est\u00e1u m\u00e1s puru.<\/p>\n","protected":false},"author":117,"featured_media":0,"comment_status":"open","ping_status":"open","sticky":false,"template":"","format":"standard","meta":{"footnotes":""},"categories":[4,18],"tags":[],"class_list":["post-16222","post","type-post","status-publish","format-standard","hentry","category-natura","category-turismu"],"_links":{"self":[{"href":"https:\/\/edublog.educastur.es\/ixuxu\/wp-json\/wp\/v2\/posts\/16222","targetHints":{"allow":["GET"]}}],"collection":[{"href":"https:\/\/edublog.educastur.es\/ixuxu\/wp-json\/wp\/v2\/posts"}],"about":[{"href":"https:\/\/edublog.educastur.es\/ixuxu\/wp-json\/wp\/v2\/types\/post"}],"author":[{"embeddable":true,"href":"https:\/\/edublog.educastur.es\/ixuxu\/wp-json\/wp\/v2\/users\/117"}],"replies":[{"embeddable":true,"href":"https:\/\/edublog.educastur.es\/ixuxu\/wp-json\/wp\/v2\/comments?post=16222"}],"version-history":[{"count":1,"href":"https:\/\/edublog.educastur.es\/ixuxu\/wp-json\/wp\/v2\/posts\/16222\/revisions"}],"predecessor-version":[{"id":16223,"href":"https:\/\/edublog.educastur.es\/ixuxu\/wp-json\/wp\/v2\/posts\/16222\/revisions\/16223"}],"wp:attachment":[{"href":"https:\/\/edublog.educastur.es\/ixuxu\/wp-json\/wp\/v2\/media?parent=16222"}],"wp:term":[{"taxonomy":"category","embeddable":true,"href":"https:\/\/edublog.educastur.es\/ixuxu\/wp-json\/wp\/v2\/categories?post=16222"},{"taxonomy":"post_tag","embeddable":true,"href":"https:\/\/edublog.educastur.es\/ixuxu\/wp-json\/wp\/v2\/tags?post=16222"}],"curies":[{"name":"wp","href":"https:\/\/api.w.org\/{rel}","templated":true}]}}