{"id":16224,"date":"2023-02-03T09:00:00","date_gmt":"2023-02-03T07:00:00","guid":{"rendered":"https:\/\/edublog.educastur.es\/ixuxu\/?p=16224"},"modified":"2023-02-06T12:51:48","modified_gmt":"2023-02-06T10:51:48","slug":"vista-casi-ensin-nubes-diberia","status":"publish","type":"post","link":"https:\/\/edublog.educastur.es\/ixuxu\/2023\/02\/vista-casi-ensin-nubes-diberia\/","title":{"rendered":"Vista casi ensin nubes d&#8217;Iberia"},"content":{"rendered":"<p>El 2 de febreru #Copernicus #Sentinel3 ?? ?\ufe0f prind\u00f3 una vista casi ensin nubes d&#8217;Iberia.<\/p>\n<ul>\n<li><a href=\"https:\/\/www.copernicus.eu\/en?fbclid=IwAR0NTVq_2AuJUjyF1nKnIqYnOi3_9oLYWnjLH8wH_DgdVErxnJr_UINCua0\">Copernicus<\/a> \/<a href=\"https:\/\/pbs.twimg.com\/profile_banners\/978604706\/1593587891\/1500x500\">Qu\u00e9 fai<\/a>\/\u00a0 <a href=\"https:\/\/www.facebook.com\/photo\/?fbid=563633132472336&amp;set=a.295220785980240\">imaxe<\/a> \/ <a href=\"https:\/\/twitter.com\/CopernicusEU\">Twitter<\/a>\/ <a href=\"https:\/\/www.facebook.com\/CopernicusEU\">Facebook<\/a><\/li>\n<li><a href=\"https:\/\/www.esa.int\/Space_in_Member_States\/Spain\/El_programa_Copernico\">Qu\u00e9 ye<\/a> \/<\/li>\n<\/ul>\n<p style=\"text-align: center\">\n<!-- iframe plugin v.6.0 wordpress.org\/plugins\/iframe\/ -->\n<iframe loading=\"lazy\" src=\"https:\/\/www.facebook.com\/plugins\/post.php?href=https%3A%2F%2Fwww.facebook.com%2FCopernicusEU%2Fposts%2Fpfbid0dtJbPj3gyShyrRPDDuuwyWnYyRavzDWYe4MLnj9pk8hasACZYEdRU4saFRMRymxTl&#038;show_text=false&#038;width=500\" width=\"500\" height=\"498\" style=\"border:none;overflow:hidden\" scrolling=\"no\" frameborder=\"0\" allowfullscreen=\"true\" allow=\"autoplay; clipboard-write; encrypted-media; picture-in-picture; web-share\" 0=\"\/iframe\" class=\"iframe-class\"><\/iframe>\n<\/p>\n<p><!--more--><\/p>\n<p>Cop\u00e9rnico ye&#8217;l <strong>programa d&#8217;observaci\u00f3n de la Tierra<\/strong> m\u00e1s ambiciosu de la hestoria, dise\u00f1\u00e1u para apurrir informaci\u00f3n precisa, actualizada y de bon accesu para ameyorar la xesti\u00f3n del mediu ambiente, entender y apangar los efectos del camb\u00e9u clim\u00e1ticu y garantizar la segurid\u00e1 ciudadana.<\/p>\n<p>Cop\u00e9rnico ye&#8217;l nuevu nome del programa pa la Vixilancia Mundial del Mediu Ambiente y la Segurid\u00e1, antes conoc\u00edu como GMES.<\/p>\n<p>Esta iniciativa ta liderada pola Comisi\u00f3n Europea (CE), en collaboraci\u00f3n cola Axencia Espacial Europea (ESA).<\/p>\n<p style=\"text-align: center\"><a href=\"https:\/\/www.esa.int\/var\/esa\/storage\/images\/esa_multimedia\/images\/2007\/05\/sentinel-1\/9897067-2-eng-GB\/Sentinel-1_pillars.jpg\"><img loading=\"lazy\" decoding=\"async\" class=\"aligncenter size-full\" src=\"https:\/\/www.esa.int\/var\/esa\/storage\/images\/esa_multimedia\/images\/2007\/05\/sentinel-1\/9897067-2-eng-GB\/Sentinel-1_pillars.jpg\" width=\"1920\" height=\"1440\" \/><\/a><\/p>\n<p>D\u00e9xanos ver los principales picos cubiertos de nieve n&#8217;Espa\u00f1a??<br \/>\n\u25b6\ufe0fPirineos<br \/>\n\u25b6\ufe0fMontes Cantabros<br \/>\n\u25b6\ufe0fPe\u00f1a Trevinca<br \/>\n\u25b6\ufe0fPicos Urbion<br \/>\n\u25b6\ufe0fSierra de Gredos &amp; Sierra de Guadarrama<br \/>\n\u25b6\ufe0fSierra Nevada<\/p>\n<p style=\"text-align: center\"><a href=\"https:\/\/1.bp.blogspot.com\/-drNxtnagviw\/V_s-o3FjHAI\/AAAAAAAAU2w\/XI2R-UZkTOg2Bqs274ppn_plDYCzfFWOACLcB\/s1600\/Relleu-peninsular-i-insular.jpg\"><img loading=\"lazy\" decoding=\"async\" class=\"aligncenter size-full\" src=\"https:\/\/1.bp.blogspot.com\/-drNxtnagviw\/V_s-o3FjHAI\/AAAAAAAAU2w\/XI2R-UZkTOg2Bqs274ppn_plDYCzfFWOACLcB\/s1600\/Relleu-peninsular-i-insular.jpg\" width=\"1600\" height=\"1174\" \/><\/a><\/p>\n<p style=\"text-align: center\"><img loading=\"lazy\" decoding=\"async\" class=\"alignnone size-full\" src=\"https:\/\/th.bing.com\/th\/id\/OIP.HXLtX0VOgsJ8jzAiRkU_XgHaFj?pid=ImgDet&amp;rs=1\" width=\"474\" height=\"355\" \/> Sat\u00e9lite<\/p>\n<p>&nbsp;<\/p>\n","protected":false},"excerpt":{"rendered":"<p>El 2 de febreru #Copernicus #Sentinel3 ?? ?\ufe0f prind\u00f3 una vista casi ensin nubes d&#8217;Iberia. Copernicus \/Qu\u00e9 fai\/\u00a0 imaxe \/ Twitter\/ Facebook Qu\u00e9 ye \/<\/p>\n","protected":false},"author":117,"featured_media":0,"comment_status":"open","ping_status":"open","sticky":false,"template":"","format":"standard","meta":{"footnotes":""},"categories":[25],"tags":[],"class_list":["post-16224","post","type-post","status-publish","format-standard","hentry","category-curiosidaes"],"_links":{"self":[{"href":"https:\/\/edublog.educastur.es\/ixuxu\/wp-json\/wp\/v2\/posts\/16224","targetHints":{"allow":["GET"]}}],"collection":[{"href":"https:\/\/edublog.educastur.es\/ixuxu\/wp-json\/wp\/v2\/posts"}],"about":[{"href":"https:\/\/edublog.educastur.es\/ixuxu\/wp-json\/wp\/v2\/types\/post"}],"author":[{"embeddable":true,"href":"https:\/\/edublog.educastur.es\/ixuxu\/wp-json\/wp\/v2\/users\/117"}],"replies":[{"embeddable":true,"href":"https:\/\/edublog.educastur.es\/ixuxu\/wp-json\/wp\/v2\/comments?post=16224"}],"version-history":[{"count":4,"href":"https:\/\/edublog.educastur.es\/ixuxu\/wp-json\/wp\/v2\/posts\/16224\/revisions"}],"predecessor-version":[{"id":16228,"href":"https:\/\/edublog.educastur.es\/ixuxu\/wp-json\/wp\/v2\/posts\/16224\/revisions\/16228"}],"wp:attachment":[{"href":"https:\/\/edublog.educastur.es\/ixuxu\/wp-json\/wp\/v2\/media?parent=16224"}],"wp:term":[{"taxonomy":"category","embeddable":true,"href":"https:\/\/edublog.educastur.es\/ixuxu\/wp-json\/wp\/v2\/categories?post=16224"},{"taxonomy":"post_tag","embeddable":true,"href":"https:\/\/edublog.educastur.es\/ixuxu\/wp-json\/wp\/v2\/tags?post=16224"}],"curies":[{"name":"wp","href":"https:\/\/api.w.org\/{rel}","templated":true}]}}