{"id":16233,"date":"2023-02-06T12:44:13","date_gmt":"2023-02-06T10:44:13","guid":{"rendered":"https:\/\/edublog.educastur.es\/ixuxu\/?p=16233"},"modified":"2023-02-08T15:41:15","modified_gmt":"2023-02-08T13:41:15","slug":"renfe-retrasa-la-entrega-de-31-trenes-a-asturies-porque-yeren-demasiau-grandes-para-pasar-por-dellos-tuneles","status":"publish","type":"post","link":"https:\/\/edublog.educastur.es\/ixuxu\/2023\/02\/renfe-retrasa-la-entrega-de-31-trenes-a-asturies-porque-yeren-demasiau-grandes-para-pasar-por-dellos-tuneles\/","title":{"rendered":"Renfe retrasa la entrega de 31 trenes a Asturies porque yeren demasi\u00e1u grandes para pasar por dellos t\u00faneles."},"content":{"rendered":"<p style=\"text-align: center\"><img loading=\"lazy\" decoding=\"async\" class=\"alignnone size-full\" src=\"https:\/\/www.lavanguardia.com\/files\/content_image_mobile_filter\/uploads\/2023\/02\/06\/63e0d3b3860e3.jpeg\" width=\"449\" height=\"294\" \/><\/p>\n<p>Renfe retrasa la entrega de 31 trenes a Asturies y Cantabria porque yeren demasi\u00e1u grandes para pasar por dellos t\u00faneles.<\/p>\n<ul>\n<li><a href=\"https:\/\/www.renfe.com\/es\/es\">RENFE<\/a> \/ FEVE<\/li>\n<\/ul>\n<p style=\"text-align: center\"><!--more-->\n<!-- iframe plugin v.6.0 wordpress.org\/plugins\/iframe\/ -->\n<iframe loading=\"lazy\" src=\"https:\/\/www.facebook.com\/plugins\/post.php?href=https%3A%2F%2Fwww.facebook.com%2Fneto.garciadelcastillo%2Fposts%2Fpfbid02ANxnnQFybey7HGBNnb6y8MmYDqGogeLQJBQAjdRrqvxBDkLFxYMW4qQaBfzgZG4Ml&#038;show_text=true&#038;width=500\" width=\"500\" height=\"149\" style=\"border:none;overflow:hidden\" scrolling=\"no\" frameborder=\"0\" allowfullscreen=\"true\" allow=\"autoplay; clipboard-write; encrypted-media; picture-in-picture; web-share\" 0=\"\/iframe\" class=\"iframe-class\"><\/iframe>\n<\/p>\n<p>\u201cEspero que rueden cabeces\u201d, dixo&#8217;l presidente c\u00e1ntabru Miguel \u00c1ngel Revilla, que calific\u00f3&#8217;l fallu d&#8217;erru monumental\u201d<\/p>\n<p style=\"text-align: center\"><img loading=\"lazy\" decoding=\"async\" class=\"alignnone size-full\" src=\"https:\/\/e00-elmundo.uecdn.es\/assets\/multimedia\/imagenes\/2023\/02\/06\/16756986920100.jpg\" width=\"2362\" height=\"1183\" \/><\/p>\n<p>Renfe encarg\u00f3 en xunu de 2020 la fabricaci\u00f3n de 31 trenes con unes dimensiones que nun s&#8217;afaen a la rede ferroviaria pola que diben circular. Los veh\u00edculos fueron dise\u00f1aos con unu altor que torgar\u00eda&#8217;l so pasu por dellos t\u00faneles de la ll\u00ednea de cercan\u00edes d&#8217;Asturies y Cantabria (l&#8217;antigua Feve). Esti erru de c\u00e1lculu ta retrasando dellos a\u00f1os la entrega de les nueves unidaes de tresporte.<\/p>\n<p style=\"text-align: center\"><img loading=\"lazy\" decoding=\"async\" class=\"alignnone size-full\" src=\"https:\/\/estaticos-cdn.prensaiberica.es\/clip\/7279a0f6-1f2f-4379-9843-5a539dd6783a_16-9-discover-aspect-ratio_default_0.jpg\" width=\"1200\" height=\"675\" \/><\/p>\n<p style=\"text-align: center\"><a href=\"https:\/\/e00-elmundo.uecdn.es\/elmundo\/2023\/graficos\/feb\/trenes-apertura-360.jpg\"><img loading=\"lazy\" decoding=\"async\" class=\"alignnone\" src=\"https:\/\/e00-elmundo.uecdn.es\/elmundo\/2023\/graficos\/feb\/trenes-apertura-360.jpg\" alt=\"\" width=\"488\" height=\"378\" \/><\/a><\/p>\n<p style=\"text-align: center\">\n<!-- iframe plugin v.6.0 wordpress.org\/plugins\/iframe\/ -->\n<iframe loading=\"lazy\" width=\"532\" height=\"300\" src=\"https:\/\/www.youtube.com\/embed\/UOp3ezD1MPg\" title=\"? ? El HARTAZGO en ASTURIAS y CANTABRIA al Limite con el Incidente de los trenes de FEVE \/ Pajares\" frameborder=\"0\" allow=\"accelerometer; autoplay; clipboard-write; encrypted-media; gyroscope; picture-in-picture; web-share\" 0=\"allowfullscreen\" 1=\"\/iframe\" scrolling=\"yes\" class=\"iframe-class\"><\/iframe>\n<\/p>\n","protected":false},"excerpt":{"rendered":"<p>Renfe retrasa la entrega de 31 trenes a Asturies y Cantabria porque yeren demasi\u00e1u grandes para pasar por dellos t\u00faneles. RENFE \/ FEVE<\/p>\n","protected":false},"author":117,"featured_media":0,"comment_status":"open","ping_status":"open","sticky":false,"template":"","format":"standard","meta":{"footnotes":""},"categories":[266],"tags":[],"class_list":["post-16233","post","type-post","status-publish","format-standard","hentry","category-erros"],"_links":{"self":[{"href":"https:\/\/edublog.educastur.es\/ixuxu\/wp-json\/wp\/v2\/posts\/16233","targetHints":{"allow":["GET"]}}],"collection":[{"href":"https:\/\/edublog.educastur.es\/ixuxu\/wp-json\/wp\/v2\/posts"}],"about":[{"href":"https:\/\/edublog.educastur.es\/ixuxu\/wp-json\/wp\/v2\/types\/post"}],"author":[{"embeddable":true,"href":"https:\/\/edublog.educastur.es\/ixuxu\/wp-json\/wp\/v2\/users\/117"}],"replies":[{"embeddable":true,"href":"https:\/\/edublog.educastur.es\/ixuxu\/wp-json\/wp\/v2\/comments?post=16233"}],"version-history":[{"count":5,"href":"https:\/\/edublog.educastur.es\/ixuxu\/wp-json\/wp\/v2\/posts\/16233\/revisions"}],"predecessor-version":[{"id":16258,"href":"https:\/\/edublog.educastur.es\/ixuxu\/wp-json\/wp\/v2\/posts\/16233\/revisions\/16258"}],"wp:attachment":[{"href":"https:\/\/edublog.educastur.es\/ixuxu\/wp-json\/wp\/v2\/media?parent=16233"}],"wp:term":[{"taxonomy":"category","embeddable":true,"href":"https:\/\/edublog.educastur.es\/ixuxu\/wp-json\/wp\/v2\/categories?post=16233"},{"taxonomy":"post_tag","embeddable":true,"href":"https:\/\/edublog.educastur.es\/ixuxu\/wp-json\/wp\/v2\/tags?post=16233"}],"curies":[{"name":"wp","href":"https:\/\/api.w.org\/{rel}","templated":true}]}}