{"id":16251,"date":"2023-02-07T10:00:46","date_gmt":"2023-02-07T08:00:46","guid":{"rendered":"https:\/\/edublog.educastur.es\/ixuxu\/?p=16251"},"modified":"2023-02-09T11:22:31","modified_gmt":"2023-02-09T09:22:31","slug":"lultimu-pallabreru-publicau-pola-oficina-de-normalizacion-llinguistica","status":"publish","type":"post","link":"https:\/\/edublog.educastur.es\/ixuxu\/2023\/02\/lultimu-pallabreru-publicau-pola-oficina-de-normalizacion-llinguistica\/","title":{"rendered":"L&#8217;\u00faltimu pallabreru public\u00e1u pola Oficina de Normalizaci\u00f3n Lling\u00fc\u00edstica."},"content":{"rendered":"<div class=\"x11i5rnm xat24cr x1mh8g0r x1vvkbs xdj266r x126k92a\">\n<div dir=\"auto\">La Oficina de Normalizaci\u00f3n Lling\u00fc\u00edstica de Xix\u00f3n asoley\u00f3\u2019l pallabreru tem\u00e1ticu n\u2019asturianu nuevu de la serie que vien dedicando a los deportes, nesta ocasi\u00f3n centr\u00e1u nel rugbi. El so autor ye Jos\u00e9 Ram\u00f3n Matilla.<\/div>\n<div dir=\"auto\"><\/div>\n<div dir=\"auto\" style=\"text-align: center\">\u00a0<img loading=\"lazy\" decoding=\"async\" class=\"alignnone size-full\" src=\"https:\/\/drupal.gijon.es\/sites\/default\/files\/styles\/imagen_4_3\/public\/2023-01\/PallRUGBI_Twiter400x400px.jpg\" width=\"400\" height=\"300\" \/><\/div>\n<div dir=\"auto\"><\/div>\n<div dir=\"auto\"><\/div>\n<\/div>\n<div class=\"x11i5rnm xat24cr x1mh8g0r x1vvkbs xtlvy1s x126k92a\">\n<div dir=\"auto\"><span class=\"x3nfvp2 x1j61x8r x1fcty0u xdj266r xhhsvwb xat24cr xgzva0m xxymvpz xlup9mm x1kky2od\"><img loading=\"lazy\" decoding=\"async\" src=\"https:\/\/static.xx.fbcdn.net\/images\/emoji.php\/v9\/t9a\/1.5\/16\/1f3c9.png\" alt=\"?\" width=\"16\" height=\"16\" \/><\/span> Esti a\u00f1u, el deporte qu&#8217;ocupa les p\u00e1xines del pallabreru ye&#8217;l rugbi, un deporte centenariu n&#8217;Espa\u00f1a.<\/div>\n<\/div>\n<ul>\n<li>Fonte:<a href=\"https:\/\/asturies.com\/noticies\/con-esti-pallabreru-ayudamos-a-normalizar-la-llingua-asturiana-y-a-la-difusion-del-rugbi?fbclid=IwAR1vkHCeVLUL0Z6XT_UWKK6IhdzDya_lgzSjHXiMgpSzy2lL9BTcRYXxShc\"> Asturies.com<\/a> \/<a href=\"https:\/\/drupal.gijon.es\/sites\/default\/files\/2023-01\/PallaRugbi_completo_OK.pdf\"> enllaz pa descargar PDF\u00a0<\/a><\/li>\n<\/ul>\n<p><!--more--><\/p>\n<div class=\"x11i5rnm xat24cr x1mh8g0r x1vvkbs xtlvy1s x126k92a\">\n<div dir=\"auto\"><span class=\"x3nfvp2 x1j61x8r x1fcty0u xdj266r xhhsvwb xat24cr xgzva0m xxymvpz xlup9mm x1kky2od\"><img loading=\"lazy\" decoding=\"async\" src=\"https:\/\/static.xx.fbcdn.net\/images\/emoji.php\/v9\/td4\/1.5\/16\/1f44c.png\" alt=\"?\" width=\"16\" height=\"16\" \/><\/span> Am\u00e1s, ye un bon momentu pa presentar esti cartafueyu, col entamu del campeonatu VI Naciones de rugbi&#8217;l pas\u00e1u fin de selmana.<\/div>\n<\/div>\n<div class=\"x11i5rnm xat24cr x1mh8g0r x1vvkbs xtlvy1s x126k92a\">\n<div dir=\"auto\"><span class=\"x3nfvp2 x1j61x8r x1fcty0u xdj266r xhhsvwb xat24cr xgzva0m xxymvpz xlup9mm x1kky2od\"><img loading=\"lazy\" decoding=\"async\" src=\"https:\/\/static.xx.fbcdn.net\/images\/emoji.php\/v9\/t37\/1.5\/16\/1f4f8.png\" alt=\"?\" width=\"16\" height=\"16\" \/><\/span> Nel actu tuvieron presentes, am\u00e1s del director de la FMCEyUP, Jos\u00e9 Ram\u00f3n Matilla (autor de los testos) y Alberto P\u00e9rez (presidente de la <a class=\"x1i10hfl xjbqb8w x6umtig x1b1mbwd xaqea5y xav7gou x9f619 x1ypdohk xt0psk2 xe8uvvx xdj266r x11i5rnm xat24cr x1mh8g0r xexx8yu x4uap5 x18d9i69 xkhd6sd x16tdsg8 x1hl2dhg xggy1nq x1a2a7pz xt0b8zv x1qq9wsj xo1l8bm\" role=\"link\" href=\"https:\/\/www.facebook.com\/rugbyasturias?__cft__[0]=AZXM_u7rxzVbbm5FuUF-jBiePC4jM1xuWtveFxNm-Mvi_iBhSB4stS03sfQdfVp-rGq7NnUqPGFZ4C1pv8XGYgWaQ8CYR-0jvfjidqsGKYCGKRjVGq0AMjAjoY0LfmTF8mjFBUzMjsBwx8GIhaEkT-ApUJ02ToKNWfwCFPf3F2rVVAcy6BBHAkyS-7O0GXeq3sxviJFtMMjYWhrbRHW1TltW&amp;__tn__=-]K-y-R\"><span class=\"xt0psk2\">Federaci\u00f3n de Rugby del Principado de Asturias<\/span><\/a>, FRPA).<\/div>\n<\/div>\n<div class=\"x11i5rnm xat24cr x1mh8g0r x1vvkbs xtlvy1s x126k92a\">\n<div dir=\"auto\"><span class=\"x3nfvp2 x1j61x8r x1fcty0u xdj266r xhhsvwb xat24cr xgzva0m xxymvpz xlup9mm x1kky2od\"><img loading=\"lazy\" decoding=\"async\" src=\"https:\/\/static.xx.fbcdn.net\/images\/emoji.php\/v9\/ta2\/1.5\/16\/1f4da.png\" alt=\"?\" width=\"16\" height=\"16\" \/><\/span> \u00a1Ten\u00e9is el pallabreru nesti enllaz (<a class=\"x1i10hfl xjbqb8w x6umtig x1b1mbwd xaqea5y xav7gou x9f619 x1ypdohk xt0psk2 xe8uvvx xdj266r x11i5rnm xat24cr x1mh8g0r xexx8yu x4uap5 x18d9i69 xkhd6sd x16tdsg8 x1hl2dhg xggy1nq x1a2a7pz xt0b8zv x1fey0fg\" role=\"link\" href=\"https:\/\/cutt.ly\/63imhTR?fbclid=IwAR1bCSLQHztTTZErwQJPkIHja1C82wW3WqDAxB6tTzMImTShUMjX-8YwxMU\" target=\"_blank\" rel=\"nofollow noopener\">https:\/\/cutt.ly\/63imhTR<\/a>) y en papel na Oficina de Normalizaci\u00f3n!<\/div>\n<blockquote>\n<div dir=\"auto\"><\/div>\n<\/blockquote>\n<\/div>\n<blockquote>\n<div dir=\"auto\"><span style=\"color: #008080\"><em>\u201c\u00c9sti fai\u2019l n\u00famberu 14 de los pallabreros que venimos editando cada a\u00f1u col enfotu de que s\u00eda una ferramienta, un pres\u00e9u ama\u00f1osu, pa que la xente conoza los distintos deportes que se prautiquen na nuesa ciud\u00e1, les sos regles, el so funcionamientu y la so historia, y la propia llingua, un patrimoniu fundamental y una riqueza qu\u2019hai que caltener, y \u00e9sa ye la filosof\u00eda de los pallabreros\u201d<\/em><\/span><\/div>\n<\/blockquote>\n<div dir=\"auto\">&#8230;sigui\u00f3 Mar\u00eda Xos\u00e9 Rodr\u00edguez L\u00f3pez, responsable de la Oficina de Normalizaci\u00f3n, qu\u2019agradeci\u00f3 a Matilla \u201cpol trabayu, el procuru y l\u2019enfotu que punxo dende\u2019l principiu. Dimos cola persona correuta\u201d.<\/div>\n<div dir=\"auto\"><\/div>\n<div dir=\"auto\">Pa finar, Matilla rescampl\u00f3 qu\u2019esti trabayu <span style=\"color: #008080\"><em>\u201cva ayudar a dos coses. Una ye al xuegu del rugbi, un deporte que nos a\u00f1os 60 y 70 foi mui importante en Xix\u00f3n y tuvo muncha xente y munchu predicamentu\u201d<\/em><\/span>, y, la otra, <span style=\"color: #008080\"><em>\u201cla normalizaci\u00f3n de la llingua asturiana. Podemos falar de cualesquier cosa nesta llingua\u201d. \u201cMatamos dos p\u00e1xaros d\u2019un tiru: audamos a normalizar la llingua y a la difusi\u00f3n del rugbi ente la xente m\u00e1s mozo\u201d<\/em><\/span>, complet\u00f3.<\/div>\n","protected":false},"excerpt":{"rendered":"<p>La Oficina de Normalizaci\u00f3n Lling\u00fc\u00edstica de Xix\u00f3n asoley\u00f3\u2019l pallabreru tem\u00e1ticu n\u2019asturianu nuevu de la serie que vien dedicando a los deportes, nesta ocasi\u00f3n centr\u00e1u nel rugbi. El so autor ye Jos\u00e9 Ram\u00f3n Matilla. \u00a0 Esti a\u00f1u, el deporte qu&#8217;ocupa les p\u00e1xines del pallabreru ye&#8217;l rugbi, un deporte centenariu n&#8217;Espa\u00f1a. Fonte: Asturies.com \/ enllaz pa descargar [&hellip;]<\/p>\n","protected":false},"author":117,"featured_media":0,"comment_status":"open","ping_status":"open","sticky":false,"template":"","format":"standard","meta":{"footnotes":""},"categories":[194],"tags":[],"class_list":["post-16251","post","type-post","status-publish","format-standard","hentry","category-pallabreru"],"_links":{"self":[{"href":"https:\/\/edublog.educastur.es\/ixuxu\/wp-json\/wp\/v2\/posts\/16251","targetHints":{"allow":["GET"]}}],"collection":[{"href":"https:\/\/edublog.educastur.es\/ixuxu\/wp-json\/wp\/v2\/posts"}],"about":[{"href":"https:\/\/edublog.educastur.es\/ixuxu\/wp-json\/wp\/v2\/types\/post"}],"author":[{"embeddable":true,"href":"https:\/\/edublog.educastur.es\/ixuxu\/wp-json\/wp\/v2\/users\/117"}],"replies":[{"embeddable":true,"href":"https:\/\/edublog.educastur.es\/ixuxu\/wp-json\/wp\/v2\/comments?post=16251"}],"version-history":[{"count":5,"href":"https:\/\/edublog.educastur.es\/ixuxu\/wp-json\/wp\/v2\/posts\/16251\/revisions"}],"predecessor-version":[{"id":16275,"href":"https:\/\/edublog.educastur.es\/ixuxu\/wp-json\/wp\/v2\/posts\/16251\/revisions\/16275"}],"wp:attachment":[{"href":"https:\/\/edublog.educastur.es\/ixuxu\/wp-json\/wp\/v2\/media?parent=16251"}],"wp:term":[{"taxonomy":"category","embeddable":true,"href":"https:\/\/edublog.educastur.es\/ixuxu\/wp-json\/wp\/v2\/categories?post=16251"},{"taxonomy":"post_tag","embeddable":true,"href":"https:\/\/edublog.educastur.es\/ixuxu\/wp-json\/wp\/v2\/tags?post=16251"}],"curies":[{"name":"wp","href":"https:\/\/api.w.org\/{rel}","templated":true}]}}