{"id":16276,"date":"2023-02-09T11:25:51","date_gmt":"2023-02-09T09:25:51","guid":{"rendered":"https:\/\/edublog.educastur.es\/ixuxu\/?p=16276"},"modified":"2023-02-09T11:25:51","modified_gmt":"2023-02-09T09:25:51","slug":"cursu-dasturianu","status":"publish","type":"post","link":"https:\/\/edublog.educastur.es\/ixuxu\/2023\/02\/cursu-dasturianu\/","title":{"rendered":"Cursu d&#8217;asturianu"},"content":{"rendered":"<p style=\"text-align: center\">\n<!-- iframe plugin v.6.0 wordpress.org\/plugins\/iframe\/ -->\n<iframe loading=\"lazy\" src=\"https:\/\/www.facebook.com\/plugins\/post.php?href=https%3A%2F%2Fwww.facebook.com%2Fexunta%2Fposts%2Fpfbid0u4eZvNXMvPyhm1bmisXFAHGqd4Gm53iGiGWEu9Ng9RaYH6HFSmnN1yetEKo8qmewl&#038;show_text=false&#038;width=500\" width=\"500\" height=\"498\" style=\"border:none;overflow:hidden\" scrolling=\"no\" frameborder=\"0\" allowfullscreen=\"true\" allow=\"autoplay; clipboard-write; encrypted-media; picture-in-picture; web-share\" 0=\"\/iframe\" class=\"iframe-class\"><\/iframe>\n<\/p>\n<ul>\n<li><strong><a href=\"https:\/\/www.facebook.com\/exunta\/\">Xunta pola Defensa de la Llingua Asturiana<\/a><\/strong>\/<a href=\"https:\/\/www.facebook.com\/exunta\/photos\/a.240445779358916\/8679424512127625\/\">cartelo<\/a><\/li>\n<\/ul>\n<p><!--more--><\/p>\n<p>El cursu empieza\u2019l xueves 16 de febreru, nel local de l&#8217;asociaci\u00f3n, na cai Cimavilla 15, escalera A, 1.u C. L&#8217;horariu va ser de 19.00 a 21.00 hores, los martes y xueves.<\/p>\n<p>Esti cursu tien 20 hores de duraci\u00f3n y ta dirix\u00edu sobre manera a persones adultes. N\u00e9l, los alumnos y alumnes van poder deprender el bon usu del idioma tanto a nivel escritu como oral. El preciu de la matr\u00edcula completa ye de 30 euros, incluyendo tol material.<\/p>\n<p>Toles persones interesaes puen apuntase mandando un mail a la direcci\u00f3n: info@exunta.org.<\/p>\n<p>Les places son llimitaes y l\u2019\u00faltimu d\u00eda p\u2019apuntase ye\u2019l mi\u00e9rcoles 15 de febreru.<\/p>\n<p>La XDLA ye una entid\u00e1 acreitada pola Conseyer\u00eda d\u2019Educaci\u00f3n pa la formaci\u00f3n permanente del profesor\u00e1u.<\/p>\n","protected":false},"excerpt":{"rendered":"<p>Xunta pola Defensa de la Llingua Asturiana\/cartelo<\/p>\n","protected":false},"author":117,"featured_media":0,"comment_status":"open","ping_status":"open","sticky":false,"template":"","format":"standard","meta":{"footnotes":""},"categories":[157,50],"tags":[],"class_list":["post-16276","post","type-post","status-publish","format-standard","hentry","category-cursos-llingua-asturiana","category-xdla"],"_links":{"self":[{"href":"https:\/\/edublog.educastur.es\/ixuxu\/wp-json\/wp\/v2\/posts\/16276","targetHints":{"allow":["GET"]}}],"collection":[{"href":"https:\/\/edublog.educastur.es\/ixuxu\/wp-json\/wp\/v2\/posts"}],"about":[{"href":"https:\/\/edublog.educastur.es\/ixuxu\/wp-json\/wp\/v2\/types\/post"}],"author":[{"embeddable":true,"href":"https:\/\/edublog.educastur.es\/ixuxu\/wp-json\/wp\/v2\/users\/117"}],"replies":[{"embeddable":true,"href":"https:\/\/edublog.educastur.es\/ixuxu\/wp-json\/wp\/v2\/comments?post=16276"}],"version-history":[{"count":1,"href":"https:\/\/edublog.educastur.es\/ixuxu\/wp-json\/wp\/v2\/posts\/16276\/revisions"}],"predecessor-version":[{"id":16277,"href":"https:\/\/edublog.educastur.es\/ixuxu\/wp-json\/wp\/v2\/posts\/16276\/revisions\/16277"}],"wp:attachment":[{"href":"https:\/\/edublog.educastur.es\/ixuxu\/wp-json\/wp\/v2\/media?parent=16276"}],"wp:term":[{"taxonomy":"category","embeddable":true,"href":"https:\/\/edublog.educastur.es\/ixuxu\/wp-json\/wp\/v2\/categories?post=16276"},{"taxonomy":"post_tag","embeddable":true,"href":"https:\/\/edublog.educastur.es\/ixuxu\/wp-json\/wp\/v2\/tags?post=16276"}],"curies":[{"name":"wp","href":"https:\/\/api.w.org\/{rel}","templated":true}]}}