{"id":16280,"date":"2023-02-09T11:33:23","date_gmt":"2023-02-09T09:33:23","guid":{"rendered":"https:\/\/edublog.educastur.es\/ixuxu\/?p=16280"},"modified":"2023-02-09T11:44:08","modified_gmt":"2023-02-09T09:44:08","slug":"esta-ye-la-rexon-mas-infravalorada-despana-segun-the-telegraph","status":"publish","type":"post","link":"https:\/\/edublog.educastur.es\/ixuxu\/2023\/02\/esta-ye-la-rexon-mas-infravalorada-despana-segun-the-telegraph\/","title":{"rendered":"Esta ye la rex\u00f3n m\u00e1s infravalorada d&#8217;Espa\u00f1a, seg\u00fan \u2018The Telegraph\u2019"},"content":{"rendered":"<ul>\n<li>Fonte: <a href=\"https:\/\/viajar.elperiodico.com\/viajeros\/region-infravalorada-espana-the-telegraph?utm_source=facebook&amp;utm_medium=social&amp;utm_campaign=dogtrack\">Viajar: Esta ye la rex\u00f3n m\u00e1s infravalorada d&#8217;Espa\u00f1a, seg\u00fan \u2018The Telegraph\u2019<\/a><\/li>\n<li>Autor: \u00c1lvaro Mart\u00ednez Fern\u00e1ndez \/ Setiembre 2022<\/li>\n<li><a href=\"https:\/\/www.telegraph.co.uk\/\">The Telegraph<\/a><\/li>\n<\/ul>\n<p><a href=\"https:\/\/img3.viajar.elperiodico.com\/28\/cc\/9a\/asturias-the-telegraph-650x956.jpg\"><img loading=\"lazy\" decoding=\"async\" class=\"aligncenter\" src=\"https:\/\/img3.viajar.elperiodico.com\/28\/cc\/9a\/asturias-the-telegraph-650x956.jpg\" alt=\"\" width=\"270\" height=\"398\" \/><\/a><\/p>\n<p style=\"text-align: center\"><em>Asturies ye una de les rexones m\u00e1s verdes de toa Espa\u00f1a.<br \/>\nTHEPALMER \/ ISTOCK<\/em><\/p>\n<p>El diariu brit\u00e1nicu fundi\u00f3se n&#8217;afalagos escontra Asturies. Una rex\u00f3n que, para ellos, ye la m\u00e1s infravalorada de too el norte d&#8217;Espa\u00f1a.<\/p>\n<p><!--more--><\/p>\n<p>Ponemos mirar escontra&#8217;l norte d&#8217;Espa\u00f1a, en busca d&#8217;una de les rexones m\u00e1s verdes de too el nuesu territoriu. Y facemoslo por una cenciella raz\u00f3n: empezar a valorar les nueses rexones tanta como la faen nel estranxeru.<\/p>\n<p>Y ye que&#8217;l diariu brit\u00e1nicu \u2018The *Telegraph\u2019 volvi\u00f3 dedicar un estensu reportaxe a una de nueses m\u00e1s belles comunidaes aut\u00f3nomes: Asturies. Y ye que&#8217;l diariu brit\u00e1nicu nun dulda n&#8217;afirmar que ye una rex\u00f3n que \u201ctoos\u00a0 los ingleses tendr\u00eden de visitar\u201d.<\/p>\n<p style=\"text-align: left\">Tal ye l&#8217;amor que profesen por esta rex\u00f3n d&#8217;Espa\u00f1a que dicen d&#8217;ella que \u201cye como si fuera dise\u00f1ada por un algoritmu intelixente que caltien a tol mundu feliz\u201d, como recen na primer ll\u00ednea del so reportaxe.<\/p>\n<p>Nun ye lo \u00fanico, pos tami\u00e9n la cataloguen como \u201cla rex\u00f3n escaecida d&#8217;Espa\u00f1a que tien m\u00e1s tonos de verde que la paleta de Monet\u201d. Y nun pueden tener m\u00e1s raz\u00f3n porque, ensin dulda, ye una de les zones d&#8217;Espa\u00f1a nes qu&#8217;atopamos los m\u00e1s estensos valles nos que&#8217;l verde ye&#8217;l verdaderu protagonista.<\/p>\n<p>Asturies nun ye la Espa\u00f1a de los t\u00f3picos<\/p>\n<p>El prestixosu diariu brit\u00e1nicu esplica que \u201cAsturies nun ye como la imaxe que se tien nel ideariu popular d&#8217;Espa\u00f1a\u201d. O lo que ye lo mesmo: diz d&#8217;ella que nun cumple los t\u00f3picos sobro lo que ye Espa\u00f1a que pueden tenese nel estranxeru. El diariu aprofia que n&#8217;Asturies \u201cnun hai bailadores, nin paella, nin el calor abrasador del Mediterr\u00e1neu\u201d.<\/p>\n<p style=\"text-align: center\"><img loading=\"lazy\" decoding=\"async\" class=\"alignnone size-full\" src=\"https:\/\/img4.viajar.elperiodico.com\/a5\/06\/d9\/asturias-the-telegraph-650x429.jpg\" width=\"650\" height=\"429\" \/><\/p>\n<p style=\"text-align: center\"><em>Xix\u00f3n ye xuna de les ciudaes m\u00e1s valoraes seg\u00fan el diariu. Torca_hai \/ ISTOCK<\/em><\/p>\n<p>Pa ellos, l&#8217;encantu d&#8217;Asturies anicia en \u201clos sos espectaculares paisaxes, los sos cantiles, sableres, edificios hist\u00f3ricos y pueblos costeros\u201d. Pero, llue\u00f1e de xeneralidaes, definen a Uvi\u00e9u como un llugar apin\u00e1u d&#8217;elegancia del qu&#8217;emponderen \u201cel so encantador barriu medieval, les sos ilesies, los sos palacios y los sos m\u00faltiples museos gratuitos\u201d. De Xix\u00f3n falen como xuna ciud\u00e1 dafechu moderna y contemporanea, y tami\u00e9n destaquen el centru medieval d&#8217;Avil\u00e9s.<\/p>\n<p>&nbsp;<\/p>\n<p style=\"text-align: center\"><em><img loading=\"lazy\" decoding=\"async\" class=\"alignnone size-full\" src=\"https:\/\/img3.viajar.elperiodico.com\/90\/10\/3b\/asturias-the-telegraph-650x428.jpg\" width=\"650\" height=\"428\" \/><br \/>\nVista de la catedral d&#8217;Uvi\u00e9u.\u00a0LucVi \/ ISTOCK<\/em><\/p>\n<p style=\"text-align: left\">Para Telegraph los puntos de referencia d&#8217;Asturies, sicas\u00ed, son el centru d&#8217;arte de Pedrete Bustillo, Cuadonga, la Catedral d&#8217;Uvi\u00e9u, Santa Mar\u00eda del Narancu y San Miguel de Lli\u00f1o.<\/p>\n<p>Asturies, guapura en color pastel<\/p>\n<p>Tami\u00e9n empondera los sos pueblos de mari\u00f1a, nel que nun pod\u00eda falta-yos el bellu, representativu n&#8217;inconfundible Cuideiru del que destaquen \u201cel so espectacular y maraviyosa redolada visual qu&#8217;ufierten les sos cases color pastel que pinten el paisaxe y les sos sableres\u201d. Tami\u00e9n remarquen la preciosa Sablera del Silenciu, xuna de les zones costeres de mayor guapura de la zona.<\/p>\n<p style=\"text-align: center\"><img loading=\"lazy\" decoding=\"async\" class=\"alignnone size-full\" src=\"https:\/\/img1.viajar.elperiodico.com\/eb\/8b\/d7\/playa-silencio-asturias-650x483.jpg\" width=\"650\" height=\"483\" \/><\/p>\n<p style=\"text-align: center\"><em>Sablera del Silenciu, Asturies. IMAG3S \/ ISTOCK<\/em><\/p>\n<p>Siguiendo pola mari\u00f1a desfix\u00e9ronse n&#8217;afalagos escontra la mari\u00f1a que crucia de Villaviciosa a Ribesella, na que destaquen \u201cla sablera La Griega\u201d, y Llastres onde destaquen, sosprendentemente, \u201cque fuera l&#8217;escenariu de series como&#8217;l Doctor Mateo\u201d, que tien xuna versi\u00f3n a la inglesa.<\/p>\n<p>Tampoco s&#8217;escaecieron de Llanes, na que se debe visitar la Sablera de Torimbia\u201d. Xuna sablera catalogada como xuna de les m\u00e1s belles d&#8217;Espa\u00f1a seg\u00fan cientos y cientos de rankings.<\/p>\n<p style=\"text-align: center\"><img loading=\"lazy\" decoding=\"async\" class=\"alignnone size-full\" src=\"https:\/\/img1.viajar.elperiodico.com\/6d\/fb\/8d\/asturias-the-telegraph-650x426.jpg\" width=\"650\" height=\"426\" \/><br \/>\n<em>Cangues d&#8217;On\u00eds, Asturies | MarquesPhotography \/ ISTOCK<\/em><\/p>\n<p>Del interior d&#8217;Asturies encamienten, na midida de lo posible, afayalo andando pelos sos cientos de caminos. Nun ye d&#8217;estra\u00f1ar pos el diariu maraviyase con \u201clos Picos d&#8217;Europa y Cangues d&#8217;On\u00eds\u201d, nel que destaquen \u201cla so fauna y los osos pardos\u201d.<\/p>\n<p>De xac\u00edu nun pod\u00eda faltar la gastronom\u00eda. Y ye que, pa ellos, al visitar la rex\u00f3n tenemos de probar \u201cles amasueles, el tosquile, les andariques, la fabada, el cachopu y, sobremanera, el quesu cabrales\u201d, xuna varied\u00e1 qu&#8217;aprofien sobro toles dem\u00e1s. De xac\u00edu, y como nun pod\u00eda ser d&#8217;otra forma, encamienten a los sos llectores tomase xuna bona sidra.<\/p>\n","protected":false},"excerpt":{"rendered":"<p>Fonte: Viajar: Esta ye la rex\u00f3n m\u00e1s infravalorada d&#8217;Espa\u00f1a, seg\u00fan \u2018The Telegraph\u2019 Autor: \u00c1lvaro Mart\u00ednez Fern\u00e1ndez \/ Setiembre 2022 The Telegraph Asturies ye una de les rexones m\u00e1s verdes de toa Espa\u00f1a. THEPALMER \/ ISTOCK El diariu brit\u00e1nicu fundi\u00f3se n&#8217;afalagos escontra Asturies. Una rex\u00f3n que, para ellos, ye la m\u00e1s infravalorada de too el norte [&hellip;]<\/p>\n","protected":false},"author":117,"featured_media":0,"comment_status":"open","ping_status":"open","sticky":false,"template":"","format":"standard","meta":{"footnotes":""},"categories":[19,18],"tags":[],"class_list":["post-16280","post","type-post","status-publish","format-standard","hentry","category-asturies","category-turismu"],"_links":{"self":[{"href":"https:\/\/edublog.educastur.es\/ixuxu\/wp-json\/wp\/v2\/posts\/16280","targetHints":{"allow":["GET"]}}],"collection":[{"href":"https:\/\/edublog.educastur.es\/ixuxu\/wp-json\/wp\/v2\/posts"}],"about":[{"href":"https:\/\/edublog.educastur.es\/ixuxu\/wp-json\/wp\/v2\/types\/post"}],"author":[{"embeddable":true,"href":"https:\/\/edublog.educastur.es\/ixuxu\/wp-json\/wp\/v2\/users\/117"}],"replies":[{"embeddable":true,"href":"https:\/\/edublog.educastur.es\/ixuxu\/wp-json\/wp\/v2\/comments?post=16280"}],"version-history":[{"count":6,"href":"https:\/\/edublog.educastur.es\/ixuxu\/wp-json\/wp\/v2\/posts\/16280\/revisions"}],"predecessor-version":[{"id":16286,"href":"https:\/\/edublog.educastur.es\/ixuxu\/wp-json\/wp\/v2\/posts\/16280\/revisions\/16286"}],"wp:attachment":[{"href":"https:\/\/edublog.educastur.es\/ixuxu\/wp-json\/wp\/v2\/media?parent=16280"}],"wp:term":[{"taxonomy":"category","embeddable":true,"href":"https:\/\/edublog.educastur.es\/ixuxu\/wp-json\/wp\/v2\/categories?post=16280"},{"taxonomy":"post_tag","embeddable":true,"href":"https:\/\/edublog.educastur.es\/ixuxu\/wp-json\/wp\/v2\/tags?post=16280"}],"curies":[{"name":"wp","href":"https:\/\/api.w.org\/{rel}","templated":true}]}}