{"id":16297,"date":"2023-02-09T12:39:05","date_gmt":"2023-02-09T10:39:05","guid":{"rendered":"https:\/\/edublog.educastur.es\/ixuxu\/?p=16297"},"modified":"2023-02-09T13:17:51","modified_gmt":"2023-02-09T11:17:51","slug":"dia-de-la-muyer-y-la-nena-na-ciencia","status":"publish","type":"post","link":"https:\/\/edublog.educastur.es\/ixuxu\/2023\/02\/dia-de-la-muyer-y-la-nena-na-ciencia\/","title":{"rendered":"D\u00eda de la Muyer y la Ne\u00f1a na Ciencia."},"content":{"rendered":"<p style=\"text-align: center\"><a href=\"https:\/\/ucc.uniovi.es\/image\/image_gallery?uuid=54e054b0-d695-4fae-86c1-ebb9cac2900d&amp;groupId=3443118&amp;t=1675151090785\"><img loading=\"lazy\" decoding=\"async\" class=\"alignnone\" src=\"https:\/\/ucc.uniovi.es\/image\/image_gallery?uuid=54e054b0-d695-4fae-86c1-ebb9cac2900d&amp;groupId=3443118&amp;t=1675151090785\" alt=\"\" width=\"218\" height=\"552\" \/><\/a><\/p>\n<p>M\u00e1s de ?investigadores de la Universid\u00e1 d&#8217;Uvi\u00e9u son protagonistes de la campa\u00f1a <strong><span style=\"color: #008080\">#YoSoyCient\u00edfica<\/span><\/strong> na fachada del Edificiu Hist\u00f3ricu con motivu del D\u00eda de la Muyer y la Ne\u00f1a na Ciencia.<\/p>\n<ul>\n<li><a href=\"https:\/\/ucc.uniovi.es\/promocion\/diamujerciencia\">Uniovi<\/a> \/ <a href=\"https:\/\/ucc.uniovi.es\/image\/image_gallery?uuid=54e054b0-d695-4fae-86c1-ebb9cac2900d&amp;groupId=3443118&amp;t=1675151090785\">cartelu<\/a><\/li>\n<li><a href=\"https:\/\/www.fecyt.es\/\">FECYT<\/a> \/<\/li>\n<li><a href=\"https:\/\/www.educastur.es\/-\/11-02-2022-dia-internacional-de-la-mujer-y-la-nina-en-la-ciencia?redirect=%2Fnoticias%3Fp_p_id%3Dcom_liferay_asset_publisher_web_portlet_AssetPublisherPortlet_INSTANCE_N10UevhIblO3%26p_p_lifecycle%3D0%26p_p_state%3Dnormal%26p_p_mode%3Dview%26_com_liferay_asset_publisher_web_portlet_AssetPublisherPortlet_INSTANCE_N10UevhIblO3_delta%3D12%26p_r_p_resetCur%3Dfalse%26_com_liferay_asset_publisher_web_portlet_AssetPublisherPortlet_INSTANCE_N10UevhIblO3_cur%3D4\">Noticia Educastur<\/a> \/<\/li>\n<li><strong><a href=\"https:\/\/ucc.uniovi.es\/promocion\/diamujerciencia\/yosoycientifica\">Soi CIENT\u00cdFICA<\/a>\u00a0|\u00a0<a href=\"https:\/\/ucc.uniovi.es\/promocion\/diamujerciencia\/charlas\" target=\"_blank\" rel=\"noopener\">Charres en Centros educativos<\/a>\u00a0|\u00a0<a href=\"https:\/\/ucc.uniovi.es\/promocion\/diamujerciencia\/recursoseducativos\">Recursos<\/a>\u00a0|\u00a0<a href=\"https:\/\/ucc.uniovi.es\/promocion\/diamujerciencia\/edicionesanteriores\">Ediciones anteriores<\/a>\u00a0|<\/strong><\/li>\n<\/ul>\n<p>Activid\u00e1 entamada cola collaboraci\u00f3n del Ministeriu Ciencia ya Innovaci\u00f3n y la <strong><span style=\"color: #008080\">Fundaci\u00f3n Espa\u00f1ola para la Ciencia y la Tecnolox\u00eda (FECYT)<\/span><\/strong> y la Conseyer\u00eda de Ciencia, Innovaci\u00f3n y Universidaes.<\/p>\n<p><!--more--><\/p>\n<p style=\"text-align: center\"><a href=\"https:\/\/ucc.uniovi.es\/promocion\/diamujerciencia\"><img loading=\"lazy\" decoding=\"async\" class=\"alignnone\" src=\"https:\/\/ucc.uniovi.es\/image\/image_gallery?uuid=38d5fca6-9dbe-4fdd-a069-be96fd2867a2&amp;groupId=3443118&amp;t=1643896142958\" alt=\"\" width=\"4263\" height=\"967\" \/><\/a><\/p>\n<p>El 11 de febreru conmemora&#8217;l D\u00eda Internacional de la Muyer y les Ne\u00f1a na Ciencia y l&#8217;Universid\u00e1 d&#8217;Uvi\u00e9u\u00a0 cellebralo, un a\u00f1u m\u00e1s, con una campa\u00f1a de visibilizaci\u00f3n del trabayu realiz\u00e1u poles investigadores de la instituci\u00f3n, que van dar a conocer les sos principales ll\u00ednees d&#8217;investigaci\u00f3n, seg\u00fan qui\u00e9n fueron los sos referentes femeninos. Toes elles x\u00fanense a la iniciativa del D\u00eda de la Muyer y la Ne\u00f1a na Ciencia de sopelexar el trabayu de les cient\u00edfiques y amosar referentes femeninos na ciencia d&#8217;ayeri y de g\u00fcei.<\/p>\n<ul>\n<li><strong><a href=\"https:\/\/ucc.uniovi.es\/promocion\/diamujerciencia\/yosoycientifica\">YO SOY CIENT\u00cdFICA<\/a>\u00a0|\u00a0<a href=\"https:\/\/ucc.uniovi.es\/promocion\/diamujerciencia\/charlas\" target=\"_blank\" rel=\"noopener\">CHARLAS EN CENTROS EDUCATIVOS<\/a>\u00a0|\u00a0<a href=\"https:\/\/ucc.uniovi.es\/promocion\/diamujerciencia\/recursoseducativos\">RECURSOS EDUCATIVOS<\/a>\u00a0|\u00a0<a href=\"https:\/\/ucc.uniovi.es\/promocion\/diamujerciencia\/edicionesanteriores\">EDICIONES ANTERIORES<\/a>\u00a0|<\/strong><\/li>\n<\/ul>\n<p>&nbsp;<\/p>\n<p style=\"text-align: center\"><a href=\"https:\/\/coeducame.blogspot.com\/2023\/02\/2023-febrero.html?fbclid=IwAR3-TpSEATIcxnUkfQ-MGILjSyYJSsX57XRujTXfze199dRWyIHwotRzLJA\">+<img loading=\"lazy\" decoding=\"async\" class=\"alignnone \" src=\"https:\/\/11defebrero.files.wordpress.com\/2017\/11\/11f_largo.jpg\" width=\"433\" height=\"194\" \/><\/a><\/p>\n<p>&nbsp;<\/p>\n<p>&nbsp;<\/p>\n","protected":false},"excerpt":{"rendered":"<p>M\u00e1s de ?investigadores de la Universid\u00e1 d&#8217;Uvi\u00e9u son protagonistes de la campa\u00f1a #YoSoyCient\u00edfica na fachada del Edificiu Hist\u00f3ricu con motivu del D\u00eda de la Muyer y la Ne\u00f1a na Ciencia. Uniovi \/ cartelu FECYT \/ Noticia Educastur \/ Soi CIENT\u00cdFICA\u00a0|\u00a0Charres en Centros educativos\u00a0|\u00a0Recursos\u00a0|\u00a0Ediciones anteriores\u00a0| Activid\u00e1 entamada cola collaboraci\u00f3n del Ministeriu Ciencia ya Innovaci\u00f3n y la [&hellip;]<\/p>\n","protected":false},"author":117,"featured_media":0,"comment_status":"open","ping_status":"open","sticky":false,"template":"","format":"standard","meta":{"footnotes":""},"categories":[6,212],"tags":[],"class_list":["post-16297","post","type-post","status-publish","format-standard","hentry","category-dia-de","category-universida-duvieu"],"_links":{"self":[{"href":"https:\/\/edublog.educastur.es\/ixuxu\/wp-json\/wp\/v2\/posts\/16297","targetHints":{"allow":["GET"]}}],"collection":[{"href":"https:\/\/edublog.educastur.es\/ixuxu\/wp-json\/wp\/v2\/posts"}],"about":[{"href":"https:\/\/edublog.educastur.es\/ixuxu\/wp-json\/wp\/v2\/types\/post"}],"author":[{"embeddable":true,"href":"https:\/\/edublog.educastur.es\/ixuxu\/wp-json\/wp\/v2\/users\/117"}],"replies":[{"embeddable":true,"href":"https:\/\/edublog.educastur.es\/ixuxu\/wp-json\/wp\/v2\/comments?post=16297"}],"version-history":[{"count":6,"href":"https:\/\/edublog.educastur.es\/ixuxu\/wp-json\/wp\/v2\/posts\/16297\/revisions"}],"predecessor-version":[{"id":16315,"href":"https:\/\/edublog.educastur.es\/ixuxu\/wp-json\/wp\/v2\/posts\/16297\/revisions\/16315"}],"wp:attachment":[{"href":"https:\/\/edublog.educastur.es\/ixuxu\/wp-json\/wp\/v2\/media?parent=16297"}],"wp:term":[{"taxonomy":"category","embeddable":true,"href":"https:\/\/edublog.educastur.es\/ixuxu\/wp-json\/wp\/v2\/categories?post=16297"},{"taxonomy":"post_tag","embeddable":true,"href":"https:\/\/edublog.educastur.es\/ixuxu\/wp-json\/wp\/v2\/tags?post=16297"}],"curies":[{"name":"wp","href":"https:\/\/api.w.org\/{rel}","templated":true}]}}