{"id":16307,"date":"2023-02-09T12:58:51","date_gmt":"2023-02-09T10:58:51","guid":{"rendered":"https:\/\/edublog.educastur.es\/ixuxu\/?p=16307"},"modified":"2023-02-09T13:29:54","modified_gmt":"2023-02-09T11:29:54","slug":"16307","status":"publish","type":"post","link":"https:\/\/edublog.educastur.es\/ixuxu\/2023\/02\/16307\/","title":{"rendered":"L&#8217;Anuariu de la M\u00fasica Asturiana"},"content":{"rendered":"<p style=\"text-align: center\">\n<!-- iframe plugin v.6.0 wordpress.org\/plugins\/iframe\/ -->\n<iframe loading=\"lazy\" width=\"100%\" height=\"395\" src=\"https:\/\/www.youtube.com\/embed\/tv_5LJseZmQ\" title=\"Anuariu de la M\u00fasica Asturiana 2022\" frameborder=\"0\" allow=\"accelerometer; autoplay; clipboard-write; encrypted-media; gyroscope; picture-in-picture; web-share\" 0=\"allowfullscreen\" 1=\"\/iframe\" scrolling=\"yes\" class=\"iframe-class\"><\/iframe>\n<\/p>\n<p><span class=\"x3nfvp2 x1j61x8r x1fcty0u xdj266r xhhsvwb xat24cr xgzva0m xxymvpz xlup9mm x1kky2od\"><img loading=\"lazy\" decoding=\"async\" src=\"https:\/\/static.xx.fbcdn.net\/images\/emoji.php\/v9\/tf9\/1.5\/16\/1f4d8.png\" alt=\"?\" width=\"16\" height=\"16\" \/><\/span> Entama a distribuyise y asoleya online l&#8217;Anuariu de la M\u00fasica Asturiana, publicaci\u00f3n editada por <a class=\"x1i10hfl xjbqb8w x6umtig x1b1mbwd xaqea5y xav7gou x9f619 x1ypdohk xt0psk2 xe8uvvx xdj266r x11i5rnm xat24cr x1mh8g0r xexx8yu x4uap5 x18d9i69 xkhd6sd x16tdsg8 x1hl2dhg xggy1nq x1a2a7pz xt0b8zv x1qq9wsj xo1l8bm\" role=\"link\" href=\"https:\/\/www.facebook.com\/GoxeProducciones?__cft__[0]=AZWUznrdDk4Phz4Byt6UL8xR-avmLc2zg5KcVZ4bEYZEeQEb5Q9L-0hM6RykEZjEB20vP2eLHPBc7zD_heNi1zotFwPDV7aFOQMK24cSdmeglL3lAtQRgFV48ZUDfHpjWyaFQMfwTgnqfMfsbWKKfGdTuqU5xVlJy3h9BCG0e7e5c1zbpf2v7CPhjs9EzLn9n-Y&amp;__tn__=-]K-R\"><span class=\"xt0psk2\">Goxe Producciones<\/span><\/a> dende va 22 a\u00f1os, qu&#8217;incl\u00fai un CD y que pue consiguise de baldre en ventis\u00e9is llocales de catorce conceyos.<\/p>\n<ul>\n<li><a href=\"https:\/\/musicasturiana.com\/\">M\u00fasica Asturiana.com<\/a> \/ <a href=\"https:\/\/musicasturiana.com\/archivu\/hemeroteca\/?fbclid=IwAR2BMf3JxMCIz1EMhG74KEgcVKl8pyn0UnJutgPWpvt4iVkfpS0rpF_SOhs\">Anuariu: versi\u00f3n online<\/a> \/<a href=\"https:\/\/musicasturiana.com\/wp-content\/uploads\/2023\/02\/Anuariu_2022-600x847.jpg\">portada<\/a> \/ <a href=\"https:\/\/www.youtube.com\/watch?v=tv_5LJseZmQ\">Videu<\/a><\/li>\n<li><a href=\"https:\/\/musicasturiana.com\/wp-content\/uploads\/2023\/02\/ANUARIU-2022_dixital.pdf\"><b>Descargar PDF, por cortes\u00eda de Goxe Producciones.<\/b><\/a><\/li>\n<li><a href=\"https:\/\/www.youtube.com\/watch?v=tv_5LJseZmQ\">Min 1:09:55 La madrena de mio g\u00fcela \/ Pop Piqui\u00f1in<\/a><\/li>\n<li><a href=\"https:\/\/www.youtube.com\/watch?v=FqdY1XgoJUk\">La madre\u00f1a de mio g\u00fcela Youtube<\/a>\/<a href=\"https:\/\/wynk.in\/music\/song\/la-madre%C3%B1a-de-mio-g%C3%BCela\/or_196925103176_QM6MZ2275906\">\u00c1lbum<\/a><\/li>\n<\/ul>\n<p><!--more--><\/p>\n<div class=\"elementor-element elementor-element-e031f75 elementor-widget elementor-widget-heading\" data-id=\"e031f75\" data-element_type=\"widget\" data-widget_type=\"heading.default\">\n<div class=\"elementor-widget-container\">\n<h2>\n<!-- iframe plugin v.6.0 wordpress.org\/plugins\/iframe\/ -->\n<iframe loading=\"lazy\" width=\"100%\" height=\"400\" src=\"https:\/\/www.youtube.com\/embed\/FqdY1XgoJUk\" title=\"La madre\u00f1a de mio g\u00fcela\" frameborder=\"0\" allow=\"accelerometer; autoplay; clipboard-write; encrypted-media; gyroscope; picture-in-picture; web-share\" 0=\"allowfullscreen\" 1=\"\/iframe\" scrolling=\"yes\" class=\"iframe-class\"><\/iframe>\n<\/h2>\n<h2 class=\"elementor-heading-title elementor-size-default\" style=\"text-align: center\"><span style=\"color: #008080\">Anuariu 2022<\/span><\/h2>\n<\/div>\n<\/div>\n<div class=\"elementor-element elementor-element-ff120e7 elementor-widget elementor-widget-heading\" data-id=\"ff120e7\" data-element_type=\"widget\" data-widget_type=\"heading.default\">\n<div class=\"elementor-widget-container\">\n<h4 class=\"elementor-heading-title elementor-size-default\"><a href=\"https:\/\/musicasturiana.com\/wp-content\/uploads\/2023\/02\/ANUARIU-2022_dixital.pdf\">Calca pa lleer l&#8217;Anuariu de la M\u00fasica Asturiana 2022<\/a><\/h4>\n<\/div>\n<\/div>\n<div class=\"elementor-element elementor-element-afc8e8c elementor-widget elementor-widget-text-editor\" data-id=\"afc8e8c\" data-element_type=\"widget\" data-widget_type=\"text-editor.default\">\n<div class=\"elementor-widget-container\">\n<div class=\"elementor-text-editor elementor-clearfix\">\n<p>L\u2019<b>Anuariu de la M\u00fasica Asturiana<\/b>\u00a0llega un a\u00f1u m\u00e1s fiel a la so cita per estes feches y failo con un repasu fondu a lo que dio de s\u00ed\u2019l pas\u00e1u 2022. Como de costume les tem\u00e1tiques c\u00e9ntrense n\u2019estilos como la m\u00fasica tradicional, el folk, el rock o la canci\u00f3n d\u2019autor, con secciones qu\u2019incl\u00fain reportaxes, informes, entrevistes, cr\u00edtiques, opini\u00f3n, recoyida de material o anuncies. L\u2019Editorial, nesta ocasi\u00f3n, tit\u00falase \u00abOptimismu ensin trunfalismu\u00bb y n\u00e9l f\u00e1lase de la varied\u00e1 y calid\u00e1 de la m\u00fasica asturiana angua\u00f1o, nesti sen, manifi\u00e9stase: \u00abCreaci\u00f3n y consumidores, un binomiu imprescindible pa caltener una escena musical tan especial como l\u2019asturiana. Les bases t\u00e1n puestes, agora nam\u00e1s falta que los poderes p\u00fablicos del pa\u00eds, particularmente\u2019l Gobiernu Asturianu y la RTPA, apoyen ama\u00f1osamente con pol\u00edtiques y acciones reales, permanentes y ambicioses. Nun cabe ser trunfalistes y hai que siguir trabayando, pero paga la pena aparar per un momentu, mir\u00e1r atr\u00e1s, sentir satisfacci\u00f3n pola xera fecha y coyer impulsu pa siguir alantre\u00bb.<\/p>\n<p>En cuantes a los conten\u00edos, destaquen les cr\u00f3niques titulaes \u00abUn bon a\u00f1u pa la m\u00fasica celta n\u2019Asturies\u00bb (sobre\u2019l repunte de los festivales folk) y \u00abUna cr\u00f3nica musical dende l\u2019An Oriant m\u00e1s asturianu\u00bb (que fai repasu a la delegaci\u00f3n asturiana nel Festival Interc\u00e9lticu d\u2019esa ciud\u00e1 bretona); l\u2019informe \u00abPol\u00edtica Lling\u00fc\u00edstica vs m\u00fasica n\u2019ast\u00bb (an\u00e1lisis de les acciones y presupuestu de l\u2019alministraci\u00f3n auton\u00f3mica nel campu de la m\u00fasica asturiana); el reportaxe \u00abM\u00fasica urbana n\u2019asturianu\u00bb (historia del hip hop nesta llingua); los art\u00edculos dedicaos al XXXV Aniversariu de les bandes Dixebra y Los Berrones, les entrevistes a Guieldu, Jos\u00e9 Manuel Tejedor y Algaire; o la encuesta fecha a los candidatos\/representantes de les principales fuercies pol\u00edtiques de cara a les pr\u00f3ximes elecciones auton\u00f3miques.<\/p>\n<p>L\u2019Anuariu z\u00e1rrase, como siempre, cola secci\u00f3n \u00abCollecha\u00bb, onde apaecen les producciones musicales y bibliogr\u00e1fiques del 2022. El volume complem\u00e9ntase con un discu nel que se recueyen muestres de lo meyor qu\u2019ufiert\u00f3 l\u2019a\u00f1u, con diecinueve cortes repart\u00edos n\u2019estilos como\u2019l folk, el rock, el hip hop o la canci\u00f3n d\u2019autor, con artistes y grupos como Burb\u00fas, Fruela 757, Mostru l\u2019Horru, Alfredo Gonz\u00e1lez, Nacho Vegas, Dixebra, La Tarrancha, Misiva o Pop Piqui\u00f1\u00edn.<\/p>\n<p>Dende\u00a0<b>Goxe Producciones<\/b>, editora d\u2019esti anuariu, queremos rescamplar l\u2019esfuerciu que sup\u00f3n una publicaci\u00f3n como \u00e9sta, gratuita y financiada esclusivamente con publicid\u00e1, con m\u00e1s de venti a\u00f1os de vida y una incidencia importante nel panorama musical asturianu.<\/p>\n<\/div>\n<\/div>\n<\/div>\n<div class=\"elementor-element elementor-element-eee4518 elementor-widget elementor-widget-html\" data-id=\"eee4518\" data-element_type=\"widget\" data-widget_type=\"html.default\">\n<div class=\"elementor-widget-container\"><a href=\"https:\/\/musicasturiana.com\/wp-content\/uploads\/2023\/02\/ANUARIU-2022_dixital.pdf\"><b>Descargar PDF, por cortes\u00eda de Goxe Producciones.<\/b><\/a><\/div>\n<\/div>\n","protected":false},"excerpt":{"rendered":"<p>Entama a distribuyise y asoleya online l&#8217;Anuariu de la M\u00fasica Asturiana, publicaci\u00f3n editada por Goxe Producciones dende va 22 a\u00f1os, qu&#8217;incl\u00fai un CD y que pue consiguise de baldre en ventis\u00e9is llocales de catorce conceyos. M\u00fasica Asturiana.com \/ Anuariu: versi\u00f3n online \/portada \/ Videu Descargar PDF, por cortes\u00eda de Goxe Producciones. Min 1:09:55 La madrena [&hellip;]<\/p>\n","protected":false},"author":117,"featured_media":0,"comment_status":"open","ping_status":"open","sticky":false,"template":"","format":"standard","meta":{"footnotes":""},"categories":[35,125],"tags":[],"class_list":["post-16307","post","type-post","status-publish","format-standard","hentry","category-musica","category-musicasturiana-com"],"_links":{"self":[{"href":"https:\/\/edublog.educastur.es\/ixuxu\/wp-json\/wp\/v2\/posts\/16307","targetHints":{"allow":["GET"]}}],"collection":[{"href":"https:\/\/edublog.educastur.es\/ixuxu\/wp-json\/wp\/v2\/posts"}],"about":[{"href":"https:\/\/edublog.educastur.es\/ixuxu\/wp-json\/wp\/v2\/types\/post"}],"author":[{"embeddable":true,"href":"https:\/\/edublog.educastur.es\/ixuxu\/wp-json\/wp\/v2\/users\/117"}],"replies":[{"embeddable":true,"href":"https:\/\/edublog.educastur.es\/ixuxu\/wp-json\/wp\/v2\/comments?post=16307"}],"version-history":[{"count":7,"href":"https:\/\/edublog.educastur.es\/ixuxu\/wp-json\/wp\/v2\/posts\/16307\/revisions"}],"predecessor-version":[{"id":16319,"href":"https:\/\/edublog.educastur.es\/ixuxu\/wp-json\/wp\/v2\/posts\/16307\/revisions\/16319"}],"wp:attachment":[{"href":"https:\/\/edublog.educastur.es\/ixuxu\/wp-json\/wp\/v2\/media?parent=16307"}],"wp:term":[{"taxonomy":"category","embeddable":true,"href":"https:\/\/edublog.educastur.es\/ixuxu\/wp-json\/wp\/v2\/categories?post=16307"},{"taxonomy":"post_tag","embeddable":true,"href":"https:\/\/edublog.educastur.es\/ixuxu\/wp-json\/wp\/v2\/tags?post=16307"}],"curies":[{"name":"wp","href":"https:\/\/api.w.org\/{rel}","templated":true}]}}