{"id":16428,"date":"2023-02-11T09:00:56","date_gmt":"2023-02-11T07:00:56","guid":{"rendered":"https:\/\/edublog.educastur.es\/ixuxu\/?p=16428"},"modified":"2023-02-15T15:05:35","modified_gmt":"2023-02-15T13:05:35","slug":"dia-de-les-llegumes","status":"publish","type":"post","link":"https:\/\/edublog.educastur.es\/ixuxu\/2023\/02\/dia-de-les-llegumes\/","title":{"rendered":"D\u00eda de les llegumes"},"content":{"rendered":"<div class=\"x11i5rnm xat24cr x1mh8g0r x1vvkbs xdj266r x126k92a\">\n<div dir=\"auto\" style=\"text-align: center\">\n<!-- iframe plugin v.6.0 wordpress.org\/plugins\/iframe\/ -->\n<iframe loading=\"lazy\" src=\"https:\/\/www.facebook.com\/plugins\/post.php?href=https%3A%2F%2Fwww.facebook.com%2Fphoto.php%3Ffbid%3D556113733218263%26set%3Da.286986966797609%26type%3D3&#038;show_text=false&#038;width=500\" width=\"500\" height=\"497\" style=\"border:none;overflow:hidden\" scrolling=\"no\" frameborder=\"0\" allowfullscreen=\"true\" allow=\"autoplay; clipboard-write; encrypted-media; picture-in-picture; web-share\" 0=\"\/iframe\" class=\"iframe-class\"><\/iframe>\n<\/div>\n<ul>\n<li><a href=\"https:\/\/www.facebook.com\/photo?fbid=556113733218263&amp;set=pcb.556113823218254\">Fonte: Oficina Normalizaci\u00f3n Lling\u00fc\u00edstica de Xix\u00f3n<\/a> \/ <a href=\"https:\/\/politicallinguistica.asturias.es\/documents\/35940\/36696\/Cultivu+del+g%C3%BCertu+ecol%C3%B3xicu+n%27Asturies.pdf\/e0c54a74-c37b-2e19-b248-778590a1cd34?t=1642676874573\">Cartafueyu AST <\/a>\/<\/li>\n<li><a href=\"https:\/\/politicallinguistica.asturias.es\/documents\/35940\/36696\/Cultivu+del+g%C3%BCertu+ecol%C3%B3xicu+n%27Asturies.pdf\/e0c54a74-c37b-2e19-b248-778590a1cd34?t=1642676874573\">Cultivu del g\u00fcertu ecol\u00f3xicu n&#8217;Asturies.pdf<\/a><\/li>\n<li>Pol\u00edtica Lling\u00fc\u00edstica del Princip\u00e1u \/<\/li>\n<li><a href=\"https:\/\/www.un.org\/es\/observances\/world-pulses-day\">World Day<\/a> \/<\/li>\n<\/ul>\n<div dir=\"auto\">\u00a0\u00bfSab\u00edes que&#8217;l Princip\u00e1u tien public\u00e1u un cartafueyu sobre&#8217;l cultivu del g\u00fcertu ecol\u00f3xicu? \u00a0Les llegumes son un alimentu mui sanu y, am\u00e1s, n&#8217;Asturies son mui bayuroses, empezando pola faba cola que se faen esos platos que tanto nos presten.\u00a0<strong>L\u2019agricultura ecol\u00f3xica L\u2019agricultura ecol\u00f3xica<\/strong>\u00a0persigue dellos oxetivos, como preservar y meyorar la sal\u00fa del suelu, l\u2019agua, les plantes, los animales y l\u2019equilibriu ente ellos, ayudar a alga- mar un grau de biodiversid\u00e1 altu y facer un usu responsable de la enerx\u00eda y de los recursos naturales como l\u2019agua, el suelu, la materia org\u00e1nico y l\u2019aire.<\/div>\n<div dir=\"auto\"><\/div>\n<div dir=\"auto\" style=\"text-align: center\"><img loading=\"lazy\" decoding=\"async\" class=\"alignnone size-full\" src=\"https:\/\/www.un.org\/sites\/un2.un.org\/files\/2021\/02\/logo-hearth-pulses-day.png\" width=\"400\" height=\"363\" \/><\/div>\n<\/div>\n<p><!--more--><\/p>\n<div dir=\"auto\">\n<p>Les llegumes son les granes o semilles comestibles de plantes lleguminoses que se collechen para ser consum\u00edes. Los frijoles secos, les llenteyes y los arbeyos son los tipos de llegumes m\u00e1s com\u00fanmente conoc\u00edos y consum\u00edos.<\/p>\n<p style=\"text-align: center\"><img loading=\"lazy\" decoding=\"async\" class=\"alignnone size-full\" src=\"https:\/\/www.un.org\/sites\/un2.un.org\/files\/styles\/banner-image-style-27-10\/public\/legumes-pulses-fao-luis-tato.jpg?itok=GgzzcNVW\" width=\"1350\" height=\"500\" \/><\/p>\n<p>T\u00e1n presentes nes distintes gastronom\u00edes de too el mundu, dende l&#8217;humus nel Mediterr\u00e1neu (garbanzos), a un tradicional almuerzu ingl\u00e9s (frijoles blancos) o&#8217;l dal de la India (arbeyos o llenteyes).<\/p>\n<p>Les llegumes nun incl\u00fain los cultivos que se collechen verdes, como los arbeyos verdes o les xud\u00edes verdes, una y bones estos clasif\u00edquense como hortolices. Tami\u00e9n s&#8217;escl\u00fain los cultivos utilizaos principalmente para la estracci\u00f3n d&#8217;aceites, como la soya o&#8217;l cacag\u00fc\u00e9s, y los cultivos leguminosos que s&#8217;utilicen puramente para fines de llantadera (granes de tr\u00e9bole y alfalfa).<\/p>\n<\/div>\n<div dir=\"auto\" style=\"text-align: center\"><img loading=\"lazy\" decoding=\"async\" class=\"alignnone size-full\" src=\"https:\/\/th.bing.com\/th\/id\/OIP.-Q40XG_uZ1EvAR7hHVMoIQHaHa?pid=ImgDet&amp;rs=1\" width=\"474\" height=\"474\" \/><\/div>\n<p><!--more--><\/p>\n","protected":false},"excerpt":{"rendered":"<p>Fonte: Oficina Normalizaci\u00f3n Lling\u00fc\u00edstica de Xix\u00f3n \/ Cartafueyu AST \/ Cultivu del g\u00fcertu ecol\u00f3xicu n&#8217;Asturies.pdf Pol\u00edtica Lling\u00fc\u00edstica del Princip\u00e1u \/ World Day \/ \u00a0\u00bfSab\u00edes que&#8217;l Princip\u00e1u tien public\u00e1u un cartafueyu sobre&#8217;l cultivu del g\u00fcertu ecol\u00f3xicu? \u00a0Les llegumes son un alimentu mui sanu y, am\u00e1s, n&#8217;Asturies son mui bayuroses, empezando pola faba cola que se faen [&hellip;]<\/p>\n","protected":false},"author":117,"featured_media":0,"comment_status":"open","ping_status":"open","sticky":false,"template":"","format":"standard","meta":{"footnotes":""},"categories":[6],"tags":[],"class_list":["post-16428","post","type-post","status-publish","format-standard","hentry","category-dia-de"],"_links":{"self":[{"href":"https:\/\/edublog.educastur.es\/ixuxu\/wp-json\/wp\/v2\/posts\/16428","targetHints":{"allow":["GET"]}}],"collection":[{"href":"https:\/\/edublog.educastur.es\/ixuxu\/wp-json\/wp\/v2\/posts"}],"about":[{"href":"https:\/\/edublog.educastur.es\/ixuxu\/wp-json\/wp\/v2\/types\/post"}],"author":[{"embeddable":true,"href":"https:\/\/edublog.educastur.es\/ixuxu\/wp-json\/wp\/v2\/users\/117"}],"replies":[{"embeddable":true,"href":"https:\/\/edublog.educastur.es\/ixuxu\/wp-json\/wp\/v2\/comments?post=16428"}],"version-history":[{"count":5,"href":"https:\/\/edublog.educastur.es\/ixuxu\/wp-json\/wp\/v2\/posts\/16428\/revisions"}],"predecessor-version":[{"id":16430,"href":"https:\/\/edublog.educastur.es\/ixuxu\/wp-json\/wp\/v2\/posts\/16428\/revisions\/16430"}],"wp:attachment":[{"href":"https:\/\/edublog.educastur.es\/ixuxu\/wp-json\/wp\/v2\/media?parent=16428"}],"wp:term":[{"taxonomy":"category","embeddable":true,"href":"https:\/\/edublog.educastur.es\/ixuxu\/wp-json\/wp\/v2\/categories?post=16428"},{"taxonomy":"post_tag","embeddable":true,"href":"https:\/\/edublog.educastur.es\/ixuxu\/wp-json\/wp\/v2\/tags?post=16428"}],"curies":[{"name":"wp","href":"https:\/\/api.w.org\/{rel}","templated":true}]}}