{"id":16508,"date":"2023-02-21T09:22:22","date_gmt":"2023-02-21T07:22:22","guid":{"rendered":"https:\/\/edublog.educastur.es\/ixuxu\/?p=16508"},"modified":"2023-02-21T09:23:44","modified_gmt":"2023-02-21T07:23:44","slug":"16508","status":"publish","type":"post","link":"https:\/\/edublog.educastur.es\/ixuxu\/2023\/02\/16508\/","title":{"rendered":"XVI Festival Internacional de la Gaita en Villaviciosa"},"content":{"rendered":"<div>\n<div class=\"xjyslct xjbqb8w x972fbf xcfux6l x1qhh985 xm0m39n x9f619 x1rg5ohu xdj266r x11i5rnm xat24cr x1mh8g0r xexx8yu x4uap5 x18d9i69 xkhd6sd x1n2onr6 x16tdsg8 xh8yej3\">\n<div class=\"x78zum5 xdt5ytf xwib8y2 x1y1aw1k\">\n<div class=\"x9f619 x1n2onr6 x1ja2u2z x78zum5 x2lah0s x1nhvcw1 x1cy8zhl xozqiw3 x1q0g3np x1pi30zi x1swvt13 xexx8yu xykv574 xbmpl8g x4cne27 xifccgj\">\n<div class=\"x9f619 x1n2onr6 x1ja2u2z x78zum5 xdt5ytf x2lah0s x193iq5w xeuugli xsyo7zv x16hj40l x10b6aqq x1yrsyyn\"><\/div>\n<div class=\"x9f619 x1n2onr6 x1ja2u2z x78zum5 xdt5ytf x193iq5w xeuugli x1r8uery x1iyjqo2 xs83m0k xamitd3 xsyo7zv x16hj40l x10b6aqq x1yrsyyn\">\n<div class=\"x78zum5 xdt5ytf xz62fqu x16ldp7u\">\n<div class=\"xu06os2 x1ok221b\">\n<div class=\"x78zum5 xdt5ytf xz62fqu x16ldp7u\">\n<div class=\"xu06os2 x1ok221b\">\n<div class=\"x11i5rnm xat24cr x1mh8g0r x1vvkbs xdj266r\">\n<div dir=\"auto\">\n<p>FESTIVAL INTERNACIONAL DE LA GAITA (F.I.G.) Festival Internacional cellebr\u00e1u en Villaviciosa (Asturies) dedic\u00e1u al mundu cultural alrodiu la gaita; M\u00fasica tradicional y folk, bandes de gaites, baille, historia y tradiciones&#8230;<\/p>\n<p style=\"text-align: center\"><span style=\"color: #008080\"><strong>Del 31 d&#8217;agostu al 3 de setiembre<\/strong><\/span><\/p>\n<div class=\"x1i10hfl xjbqb8w x6umtig x1b1mbwd xaqea5y xav7gou x9f619 x1ypdohk xt0psk2 xe8uvvx xdj266r x11i5rnm xat24cr x1mh8g0r xexx8yu x4uap5 x18d9i69 xkhd6sd x16tdsg8 x1hl2dhg xggy1nq x1a2a7pz xt0b8zv xzsf02u x1s688f\" role=\"button\"><\/div>\n<\/div>\n<\/div>\n<\/div>\n<\/div>\n<\/div>\n<\/div>\n<\/div>\n<\/div>\n<\/div>\n<\/div>\n<\/div>\n<p style=\"text-align: center\">\n<!-- iframe plugin v.6.0 wordpress.org\/plugins\/iframe\/ -->\n<iframe loading=\"lazy\" src=\"https:\/\/www.facebook.com\/plugins\/post.php?href=https%3A%2F%2Fwww.facebook.com%2Ffundacionbelenos%2Fposts%2Fpfbid036yyVWjh5oKxSWaF3erchxtv4U6FbZZpKk1BechM4AXHToDS3ChpUpCWYH8N2SHAl&#038;show_text=false&#038;width=500\" width=\"500\" height=\"498\" style=\"border:none;overflow:hidden\" scrolling=\"no\" frameborder=\"0\" allowfullscreen=\"true\" allow=\"autoplay; clipboard-write; encrypted-media; picture-in-picture; web-share\" 0=\"\/iframe\" class=\"iframe-class\"><\/iframe>\n<\/p>\n<ul>\n<li>Fonte:<strong><a href=\"https:\/\/www.facebook.com\/FestivaInternacionaldelaGaita\"> Festival I. de la Gaita<\/a><\/strong> \/<\/li>\n<li>\n<div class=\"x11i5rnm xat24cr x1mh8g0r x1vvkbs xtlvy1s x126k92a\">\n<div dir=\"auto\">\n<div class=\"x78zum5\">\n<div>\n<div class=\"xjyslct xjbqb8w x972fbf xcfux6l x1qhh985 xm0m39n x9f619 x1rg5ohu xdj266r x11i5rnm xat24cr x1mh8g0r xexx8yu x4uap5 x18d9i69 xkhd6sd x1n2onr6 x16tdsg8 xh8yej3\">\n<div class=\"x78zum5 xdt5ytf xwib8y2 x1y1aw1k\">\n<div class=\"x9f619 x1n2onr6 x1ja2u2z x78zum5 x2lah0s x1nhvcw1 x1cy8zhl xozqiw3 x1q0g3np x1pi30zi x1swvt13 xexx8yu xykv574 xbmpl8g x4cne27 xifccgj\">\n<div class=\"x9f619 x1n2onr6 x1ja2u2z x78zum5 xdt5ytf x193iq5w xeuugli x1r8uery x1iyjqo2 xs83m0k xamitd3 xsyo7zv x16hj40l x10b6aqq x1yrsyyn\">\n<div class=\"x78zum5 xdt5ytf xz62fqu x16ldp7u\">\n<div class=\"xu06os2 x1ok221b\">\n<div class=\"x78zum5 xdt5ytf xz62fqu x16ldp7u\">\n<div class=\"xu06os2 x1ok221b\">\n<div class=\"x11i5rnm xat24cr x1mh8g0r x1vvkbs xdj266r\">\n<div class=\"xu06os2 x1ok221b\">Asociaci\u00f3n Cultural Banda Gaites Villaviciosa-El Gaitero<\/div>\n<div class=\"xu06os2 x1ok221b\"><span class=\"x193iq5w xeuugli x13faqbe x1vvkbs x1xmvt09 x1lliihq x1s928wv xhkezso x1gmr53x x1cpjm7i x1fgarty x1943h6x xudqn12 x3x7a5m x1f6kntn xvq8zen xo1l8bm xzsf02u x1yc453h\" dir=\"auto\"><span class=\"x193iq5w xeuugli x13faqbe x1vvkbs x1xmvt09 x1f6kntn xvq8zen xo1l8bm x1fey0fg\"><a class=\"x1i10hfl xjbqb8w x6umtig x1b1mbwd xaqea5y xav7gou x9f619 x1ypdohk xt0psk2 xe8uvvx xdj266r x11i5rnm xat24cr x1mh8g0r xexx8yu x4uap5 x18d9i69 xkhd6sd x16tdsg8 x1hl2dhg xggy1nq x1a2a7pz xt0b8zv x1fey0fg\" role=\"link\" href=\"http:\/\/instagram.com\/figdevillaviciosa?fbclid=IwAR296uf0Ce9RSizJAYeDLyYIVY0_CRNk6RJoIZoIf5luqGAH8WTVAnLrcZo\" target=\"_blank\" rel=\"nofollow noopener\">figdevillaviciosa<\/a><\/span><\/span><\/div>\n<\/div>\n<\/div>\n<\/div>\n<\/div>\n<\/div>\n<\/div>\n<\/div>\n<\/div>\n<\/div>\n<\/div>\n<\/div>\n<\/div>\n<\/div>\n<div class=\"x78zum5 x1gryazu x1pi30zi xz9dl7a\"><\/div>\n<\/li>\n<\/ul>\n","protected":false},"excerpt":{"rendered":"<p>FESTIVAL INTERNACIONAL DE LA GAITA (F.I.G.) Festival Internacional cellebr\u00e1u en Villaviciosa (Asturies) dedic\u00e1u al mundu cultural alrodiu la gaita; M\u00fasica tradicional y folk, bandes de gaites, baille, historia y tradiciones&#8230; Del 31 d&#8217;agostu al 3 de setiembre Fonte: Festival I. de la Gaita \/ Asociaci\u00f3n Cultural Banda Gaites Villaviciosa-El Gaitero figdevillaviciosa<\/p>\n","protected":false},"author":117,"featured_media":0,"comment_status":"open","ping_status":"open","sticky":false,"template":"","format":"standard","meta":{"footnotes":""},"categories":[204,35],"tags":[],"class_list":["post-16508","post","type-post","status-publish","format-standard","hentry","category-festivales","category-musica"],"_links":{"self":[{"href":"https:\/\/edublog.educastur.es\/ixuxu\/wp-json\/wp\/v2\/posts\/16508","targetHints":{"allow":["GET"]}}],"collection":[{"href":"https:\/\/edublog.educastur.es\/ixuxu\/wp-json\/wp\/v2\/posts"}],"about":[{"href":"https:\/\/edublog.educastur.es\/ixuxu\/wp-json\/wp\/v2\/types\/post"}],"author":[{"embeddable":true,"href":"https:\/\/edublog.educastur.es\/ixuxu\/wp-json\/wp\/v2\/users\/117"}],"replies":[{"embeddable":true,"href":"https:\/\/edublog.educastur.es\/ixuxu\/wp-json\/wp\/v2\/comments?post=16508"}],"version-history":[{"count":3,"href":"https:\/\/edublog.educastur.es\/ixuxu\/wp-json\/wp\/v2\/posts\/16508\/revisions"}],"predecessor-version":[{"id":16511,"href":"https:\/\/edublog.educastur.es\/ixuxu\/wp-json\/wp\/v2\/posts\/16508\/revisions\/16511"}],"wp:attachment":[{"href":"https:\/\/edublog.educastur.es\/ixuxu\/wp-json\/wp\/v2\/media?parent=16508"}],"wp:term":[{"taxonomy":"category","embeddable":true,"href":"https:\/\/edublog.educastur.es\/ixuxu\/wp-json\/wp\/v2\/categories?post=16508"},{"taxonomy":"post_tag","embeddable":true,"href":"https:\/\/edublog.educastur.es\/ixuxu\/wp-json\/wp\/v2\/tags?post=16508"}],"curies":[{"name":"wp","href":"https:\/\/api.w.org\/{rel}","templated":true}]}}