{"id":1657,"date":"2020-12-07T11:55:43","date_gmt":"2020-12-07T09:55:43","guid":{"rendered":"https:\/\/edublog.educastur.es\/ixuxu\/?p=1657"},"modified":"2020-12-07T11:57:22","modified_gmt":"2020-12-07T09:57:22","slug":"les-meyores-semeyes-nocherniegues-de-2020","status":"publish","type":"post","link":"https:\/\/edublog.educastur.es\/ixuxu\/2020\/12\/les-meyores-semeyes-nocherniegues-de-2020\/","title":{"rendered":"Les meyores semeyes nocherniegues de 2020"},"content":{"rendered":"<p><a href=\"https:\/\/www.darksky.org\/capturethedark\/\"><img loading=\"lazy\" decoding=\"async\" class=\"alignnone \" src=\"https:\/\/www.darksky.org\/wp-content\/uploads\/2020\/06\/2.png\" width=\"436\" height=\"218\" \/><\/a><\/p>\n<p><em><span style=\"font-size: 20px\">La nueche ye escura, pero cuando Sol desp\u00edntase ufierta la oportunid\u00e1 de rellumar coles lluces m\u00e1s formoses a tolo qu&#8217;esti oculta pel d\u00eda. Present\u00e1mosvos a los ganadores del naciellu certame de fotograf\u00eda nocherniega, <a href=\"https:\/\/www.darksky.org\/winning-submissions-for-capture-the-dark-photography-contest\/\"><strong>Prinde the Dark Photo Contest. <\/strong><\/a>Ver <a href=\"https:\/\/www.nationalgeographic.com.es\/fotografia\/mejores-fotos-nocturnas-2020_15692\/10\"><span style=\"color: #008080\"><strong>toles semeyes nesti enllaz.<\/strong><\/span><\/a><\/span><\/em><\/p>\n<p><a href=\"https:\/\/www.nationalgeographic.com.es\/medio\/2020\/07\/01\/the-celestial-river_889180ef_800x400.jpg\"><img loading=\"lazy\" decoding=\"async\" class=\"alignnone size-full\" src=\"https:\/\/www.nationalgeographic.com.es\/medio\/2020\/07\/01\/the-celestial-river_889180ef_800x400.jpg\" width=\"800\" height=\"400\" \/><\/a><\/p>\n<p class=\"copy\"><span style=\"font-size: 20px\">10 \/ 15\u00a0 <strong><em>The Celestial River\u00a0 Fotograf\u00eda ganadora en la categor\u00eda: Bright Side of Lighting<\/em>: <\/strong><em>\u201cVista panor\u00e1mica del sitio Pont d&#8217;Espagne. Absolutamente ninguna luz artificial es visible. Rodeado por las monta\u00f1as a 1. 500 metros de altitud, todas las luces de la ciudad del valle est\u00e1n ocultas. Durante la temporada tur\u00edstica de verano, un peque\u00f1o restaurante alberga a algunos empleados, que pueden generar la \u00fanica fuente de luz del lugar\u00bb<\/em>. <span style=\"text-decoration: underline\"><em>Foto: Jean-Francois Graffand \/ Capture the Night Photo Contest<\/em><\/span><\/span><\/p>\n<p><!--more--><\/p>\n<p><em><span style=\"font-size: 20px\">La nueche ye tan misteriosa como indispensable para la vida na Tierra. Mientres unes criatures duermen, otres apod\u00e9rense d&#8217;esi escenariu que, ensin dexar de ser el mesmu, \u00e9nte l&#8217;ausencia de lluz paez pertenecer a un mundu distintu. Lope de Vega describi al empiezu d&#8217;unu de los sos sonetos como l<span style=\"color: #008080\">a Nueche fabricadora de embelecos \/ lloca, imaxinativa, quimerista, \/ qu&#8217;amueses al qu&#8217;en ti&#8217;l so bien conquista \/ los montes llanos y los mares secos. La nueche envolubra l&#8217;atm\u00f3sfera con un halo distintu, ti\u00f1endo el mundu d&#8217;escurid\u00e1 y visti\u00e9ndolo con matices dacuando tan imperceptibles como&#8217;l simple esistir d&#8217;una planta que te regala&#8217;l so os\u00edxenu pel d\u00eda; pero que pela nueche te lo quita.<\/span><\/span><\/em><\/p>\n<p><em><span style=\"font-size: 20px\">La fotograf\u00eda nocherniega tien la intenci\u00f3n y el poder de tresportanos y ay\u00fadanos a entender esi llugar.Y ye por ello que l&#8217;<span style=\"color: #008080\"><strong>asociaci\u00f3n International Dark-Sky<\/strong> <\/span>decidi\u00f3 poner en marcha xuno de los primeros certames internacionales na disciplina: el<strong> Prinde the Dark Photography Contest,<\/strong> que nel so primer a\u00f1u cunt\u00f3 con m\u00e1s de 450 entraes de fot\u00f3grafos de too el mundu, y qu&#8217;al travi\u00e9s d&#8217;estes 15 fotograf\u00edes emp\u00f3nnos polos senderos del aselu escuru de la nueche, y de les lluces que lo alterien.<\/span><\/em><\/p>\n<ul>\n<li><a href=\"https:\/\/www.nationalgeographic.com.es\/fotografia\/mejores-fotos-nocturnas-2020_15692?utm_source=facebook&amp;utm_medium=social&amp;utm_campaign=trafico&amp;utm_content=paid\">Noticia:<strong> Las mejores fotos nocturnas de 2020<\/strong><\/a><\/li>\n<li><a href=\"https:\/\/www.darksky.org\/winning-submissions-for-capture-the-dark-photography-contest\/\">Ver n\u00b4ingl\u00e9s<\/a><\/li>\n<\/ul>\n","protected":false},"excerpt":{"rendered":"<p>La nueche ye escura, pero cuando Sol desp\u00edntase ufierta la oportunid\u00e1 de rellumar coles lluces m\u00e1s formoses a tolo qu&#8217;esti oculta pel d\u00eda. Present\u00e1mosvos a los ganadores del naciellu certame de fotograf\u00eda nocherniega, Prinde the Dark Photo Contest. Ver toles semeyes nesti enllaz. 10 \/ 15\u00a0 The Celestial River\u00a0 Fotograf\u00eda ganadora en la categor\u00eda: Bright [&hellip;]<\/p>\n","protected":false},"author":117,"featured_media":0,"comment_status":"closed","ping_status":"open","sticky":false,"template":"","format":"standard","meta":{"footnotes":""},"categories":[56,17],"tags":[],"class_list":["post-1657","post","type-post","status-publish","format-standard","hentry","category-fotografia","category-semeyes"],"_links":{"self":[{"href":"https:\/\/edublog.educastur.es\/ixuxu\/wp-json\/wp\/v2\/posts\/1657","targetHints":{"allow":["GET"]}}],"collection":[{"href":"https:\/\/edublog.educastur.es\/ixuxu\/wp-json\/wp\/v2\/posts"}],"about":[{"href":"https:\/\/edublog.educastur.es\/ixuxu\/wp-json\/wp\/v2\/types\/post"}],"author":[{"embeddable":true,"href":"https:\/\/edublog.educastur.es\/ixuxu\/wp-json\/wp\/v2\/users\/117"}],"replies":[{"embeddable":true,"href":"https:\/\/edublog.educastur.es\/ixuxu\/wp-json\/wp\/v2\/comments?post=1657"}],"version-history":[{"count":3,"href":"https:\/\/edublog.educastur.es\/ixuxu\/wp-json\/wp\/v2\/posts\/1657\/revisions"}],"predecessor-version":[{"id":1660,"href":"https:\/\/edublog.educastur.es\/ixuxu\/wp-json\/wp\/v2\/posts\/1657\/revisions\/1660"}],"wp:attachment":[{"href":"https:\/\/edublog.educastur.es\/ixuxu\/wp-json\/wp\/v2\/media?parent=1657"}],"wp:term":[{"taxonomy":"category","embeddable":true,"href":"https:\/\/edublog.educastur.es\/ixuxu\/wp-json\/wp\/v2\/categories?post=1657"},{"taxonomy":"post_tag","embeddable":true,"href":"https:\/\/edublog.educastur.es\/ixuxu\/wp-json\/wp\/v2\/tags?post=1657"}],"curies":[{"name":"wp","href":"https:\/\/api.w.org\/{rel}","templated":true}]}}