{"id":1697,"date":"2020-12-07T08:00:00","date_gmt":"2020-12-07T06:00:00","guid":{"rendered":"https:\/\/edublog.educastur.es\/ixuxu\/?p=1697"},"modified":"2020-12-07T21:49:18","modified_gmt":"2020-12-07T19:49:18","slug":"estau-del-tiempu-llunes-7-davientu","status":"publish","type":"post","link":"https:\/\/edublog.educastur.es\/ixuxu\/2020\/12\/estau-del-tiempu-llunes-7-davientu\/","title":{"rendered":"Est\u00e1u del tiempu: llunes 7 d\u00b4avientu"},"content":{"rendered":"<div class=\"o9v6fnle cxmmr5t8 oygrvhab hcukyx3x c1et5uql ii04i59q\">\n<div dir=\"auto\">\n<div class=\"kvgmc6g5 cxmmr5t8 oygrvhab hcukyx3x c1et5uql ii04i59q\">\n<p><em><a href=\"http:\/\/cdn.simplesite.com\/i\/3c\/23\/284852681120359228\/i284852689489568549._szw3000h2000_.jpg\"><img loading=\"lazy\" decoding=\"async\" class=\"alignnone \" src=\"http:\/\/cdn.simplesite.com\/i\/3c\/23\/284852681120359228\/i284852689489568549._szw3000h2000_.jpg\" width=\"192\" height=\"133\" \/><\/a><br \/>\n<\/em><strong><em><a href=\"http:\/\/eltiempunasturies.simplesite.com\/\">El tiempu n\u00b4Asturies<\/a><\/em><\/strong><\/p>\n<div class=\"o9v6fnle cxmmr5t8 oygrvhab hcukyx3x c1et5uql ii04i59q\">\n<div dir=\"auto\"><\/div>\n<\/div>\n<div class=\"o9v6fnle cxmmr5t8 oygrvhab hcukyx3x c1et5uql ii04i59q\">\n<div dir=\"auto\"><span style=\"font-size: 20px\"><em><strong><span style=\"color: #008080\">Alborecemos<\/span><\/strong>col cielu cubiertu y fuerte vientu gallegu que templa l&#8217;ambiente con unes temperatures que tan alrodiu de los 11\u00baC, rexistr\u00e1ndose nel puirtu Payares 1,7\u00baC, anque ya entamen a descender de nuevu pol ocidente, rexistr\u00e1ndose nel puirtu Lleitariegos 0,6\u00baC, dempu\u00e9s d&#8217;una m\u00e1sima de 3,3\u00baC.<\/em><\/span><\/div>\n<div dir=\"auto\"><\/div>\n<\/div>\n<div class=\"o9v6fnle cxmmr5t8 oygrvhab hcukyx3x c1et5uql ii04i59q\">\n<div dir=\"auto\"><span style=\"font-size: 20px\"><em><span style=\"color: #008080\"><strong>G\u00fcei<\/strong><\/span>a partir del mediud\u00eda rolar\u00e1 l&#8217;aire al calambri\u00f3n, apurri\u00e9ndonos xarabatos que vendr\u00e1n acompang\u00e1os de truena ya xarazu nel llitoral durante la tarde, asina como un descensu de les temperatures que fadr\u00e1 que baxe la cota de nieve de los 1500m a los 700-800m al finar el d\u00eda. L&#8217;aire tami\u00e9n sedr\u00e1 protagonista con raches mui fuertes del oeste-noroeste en zones altes ya en puntos del llitoral onde mos dexar\u00e1 mui mala mar.<\/em><\/span><\/div>\n<div dir=\"auto\"><\/div>\n<\/div>\n<div class=\"o9v6fnle cxmmr5t8 oygrvhab hcukyx3x c1et5uql ii04i59q\">\n<div dir=\"auto\"><span style=\"font-size: 20px\"><em>El <strong><span style=\"color: #008080\">pr\u00f3simu riscar<\/span><\/strong> s&#8217;intensificar\u00e1n entov\u00eda m\u00e1s les precipitaciones y xarabatos que vendr\u00e1n acompang\u00e1os de truena ya xarazu pela costa con nevaes, copioses na cordelera, perriba de los 700-800m, estendi\u00e9ndose esta situaci\u00f3n durante tol d\u00eda de ma\u00f1ana, amenorgando dalgo l&#8217;aire calambri\u00f3n anque entov\u00eda con raches fuertes en zones altes ya en puntos del llitoral.<br \/>\n<\/em><\/span><\/div>\n<div dir=\"auto\">\n<p><samp class=\"EmbedCode-container\"><\/samp><!--more--><\/p>\n<\/div>\n<\/div>\n<\/div>\n<div class=\"kvgmc6g5 cxmmr5t8 oygrvhab hcukyx3x c1et5uql ii04i59q\">\n<div class=\"o9v6fnle cxmmr5t8 oygrvhab hcukyx3x c1et5uql ii04i59q\">\n<div dir=\"auto\"><\/div>\n<\/div>\n<div class=\"o9v6fnle cxmmr5t8 oygrvhab hcukyx3x c1et5uql ii04i59q\">\n<div dir=\"auto\"><span style=\"font-size: 20px\"><em>El <span style=\"color: #008080\"><strong>mi\u00e9rcoles<\/strong><\/span> desaparecer\u00e1n les precipitaciones y abriranse dellos claros pela ma\u00f1ana con dalguna xelada nes zones favoretibles durante l&#8217;alborada. De tarde camudamos radicalmente de mases d&#8217;aire ya va afeutamos de llenu un chorru d&#8217;humed\u00e1 dende l&#8217;oc\u00e9anu que mos apurrir\u00e1 precipitaciones persistentes y abondoses con un ascensu moder\u00e1u de les temperatures asina como la cota de neive que rondar\u00e1 los 2000m al finar el d\u00eda.<\/em><\/span><\/div>\n<div dir=\"auto\"><\/div>\n<\/div>\n<div class=\"o9v6fnle cxmmr5t8 oygrvhab hcukyx3x c1et5uql ii04i59q\">\n<div dir=\"auto\"><span style=\"font-size: 20px\"><em>El <span style=\"color: #008080\"><strong>xueves<\/strong><\/span>sedr\u00e1 de nuevu un d\u00eda pas\u00e1u por agua, con precipitaciones persistentes y abondoses ya temperatures suaves que dexar\u00e1n la cota de nieve perriba de los 2000m. El<span style=\"color: #008080\"><strong> vienres<\/strong><\/span>tar\u00e1 parec\u00edu y la <span style=\"color: #008080\"><strong>fin de selmana<\/strong><\/span> quedar\u00e1&#8217;l tiempu dalgo m\u00e1s seliquino.<\/em><\/span><\/div>\n<\/div>\n<\/div>\n<\/div>\n<\/div>\n","protected":false},"excerpt":{"rendered":"<p>El tiempu n\u00b4Asturies Alborecemoscol cielu cubiertu y fuerte vientu gallegu que templa l&#8217;ambiente con unes temperatures que tan alrodiu de los 11\u00baC, rexistr\u00e1ndose nel puirtu Payares 1,7\u00baC, anque ya entamen a descender de nuevu pol ocidente, rexistr\u00e1ndose nel puirtu Lleitariegos 0,6\u00baC, dempu\u00e9s d&#8217;una m\u00e1sima de 3,3\u00baC. G\u00fceia partir del mediud\u00eda rolar\u00e1 l&#8217;aire al calambri\u00f3n, apurri\u00e9ndonos [&hellip;]<\/p>\n","protected":false},"author":117,"featured_media":0,"comment_status":"closed","ping_status":"open","sticky":false,"template":"","format":"standard","meta":{"footnotes":""},"categories":[5],"tags":[],"class_list":["post-1697","post","type-post","status-publish","format-standard","hentry","category-tiempu"],"_links":{"self":[{"href":"https:\/\/edublog.educastur.es\/ixuxu\/wp-json\/wp\/v2\/posts\/1697","targetHints":{"allow":["GET"]}}],"collection":[{"href":"https:\/\/edublog.educastur.es\/ixuxu\/wp-json\/wp\/v2\/posts"}],"about":[{"href":"https:\/\/edublog.educastur.es\/ixuxu\/wp-json\/wp\/v2\/types\/post"}],"author":[{"embeddable":true,"href":"https:\/\/edublog.educastur.es\/ixuxu\/wp-json\/wp\/v2\/users\/117"}],"replies":[{"embeddable":true,"href":"https:\/\/edublog.educastur.es\/ixuxu\/wp-json\/wp\/v2\/comments?post=1697"}],"version-history":[{"count":7,"href":"https:\/\/edublog.educastur.es\/ixuxu\/wp-json\/wp\/v2\/posts\/1697\/revisions"}],"predecessor-version":[{"id":1705,"href":"https:\/\/edublog.educastur.es\/ixuxu\/wp-json\/wp\/v2\/posts\/1697\/revisions\/1705"}],"wp:attachment":[{"href":"https:\/\/edublog.educastur.es\/ixuxu\/wp-json\/wp\/v2\/media?parent=1697"}],"wp:term":[{"taxonomy":"category","embeddable":true,"href":"https:\/\/edublog.educastur.es\/ixuxu\/wp-json\/wp\/v2\/categories?post=1697"},{"taxonomy":"post_tag","embeddable":true,"href":"https:\/\/edublog.educastur.es\/ixuxu\/wp-json\/wp\/v2\/tags?post=1697"}],"curies":[{"name":"wp","href":"https:\/\/api.w.org\/{rel}","templated":true}]}}