{"id":17221,"date":"2023-03-09T13:06:50","date_gmt":"2023-03-09T11:06:50","guid":{"rendered":"https:\/\/edublog.educastur.es\/ixuxu\/?p=17221"},"modified":"2023-03-10T13:51:32","modified_gmt":"2023-03-10T11:51:32","slug":"les-madrenes-de-luxu-de-balenciaga-cuesten-hasta-6-900-euros","status":"publish","type":"post","link":"https:\/\/edublog.educastur.es\/ixuxu\/2023\/03\/les-madrenes-de-luxu-de-balenciaga-cuesten-hasta-6-900-euros\/","title":{"rendered":"Les madre\u00f1es de luxu de Balenciaga cuesten hasta 6.900 \u20ac"},"content":{"rendered":"<ul>\n<li>Fonte: <a href=\"https:\/\/www.lavozdeasturias.es\/noticia\/viral\/2023\/03\/01\/madrenas-lujo-balenciaga-cuestan-6900-euros\/00031677687618507306613.htm?utm_source=facebook&amp;utm_medium=referral&amp;utm_campaign=fbgen_a\">La Voz de Asturias<\/a> \/<\/li>\n<li>\u00a0<a href=\"https:\/\/www.balenciaga.com\/es-es\">Balenciaga<\/a> \/<a href=\"https:\/\/mobile.twitter.com\/wolgoeun\/status\/1633117660262088711\/photo\/1\">VER<\/a>\/<\/li>\n<\/ul>\n<p style=\"text-align: center\"><a href=\"https:\/\/cflvdg.avoz.es\/sc\/CDYE0uTl1iPJTZ_PI34kgiC36SY=\/768x\/2023\/03\/01\/00121677677064391722421\/Foto\/2.jpg\"><img loading=\"lazy\" decoding=\"async\" class=\"aligncenter\" src=\"https:\/\/cflvdg.avoz.es\/sc\/CDYE0uTl1iPJTZ_PI34kgiC36SY=\/768x\/2023\/03\/01\/00121677677064391722421\/Foto\/2.jpg\" alt=\"\" width=\"768\" height=\"432\" \/><\/a><\/p>\n<p>La marca de moda llanza al merc\u00e1u la so propia versi\u00f3n del calz\u00e1u tradicional asturianu.<\/p>\n<p><!--more--><\/p>\n<p>Balenciaga llanza&#8217;l zapatu tradicional asturianu na so versi\u00f3n de luxu. <span style=\"color: #008080\">Les madre\u00f1es son agora, gracies a Balenciaga, un art\u00edculu esclusivu n&#8217;incluyendo un nuevu dise\u00f1u que recuerda de xuru a esti tradicional zapatu<\/span> na so nueva colecci\u00f3n de branu 2023. Los nuevos productos anunciaos na p\u00e1xina web de la marca de luxu cunten con un preciu que llega a superar inclusive los 6.000 euros.<\/p>\n<p>Los nuevos zapatos MuleTechnoclog en negru y en cristal dise\u00f1aos por Demna Gvasalia, director creativu de la marca dende 2016, <strong><span style=\"color: #008080\">son les madre\u00f1es m\u00e1s n&#8217;encl\u00edn y formen parte de la nueva colecci\u00f3n de la marca.<\/span><\/strong> Nesta versi\u00f3n, les madre\u00f1es pasaron de ser de madera a ser de cauchu recubiertes d&#8217;un acab\u00e1u brillosu o, inclusive, de cristal. La marca fundada pol valencianu Crist\u00f3bal Balenciaga dio un xiru de 180 graos a esti calz\u00e1u y llanzase al merc\u00e1u, en casu de les Mule Technoclog Negres por valor de 895 euros y nel de les <strong>Mule Technoclog Cristal<\/strong> por 6.900 euros.<\/p>\n<p><strong>Realizaes a partir d&#8217;una \u00fanica pieza de madera, les madre\u00f1es yeren y siguen siendo&#8217;l calz\u00e1u m\u00e1s fayadizo para andar pelos caminos. La so utilid\u00e1 principal ye evitar que&#8217;l calz\u00e1u s&#8217;enllenase de folla nos caminos ensin asfaltar.<\/strong> A d\u00eda de g\u00fcei, inda hai quien lo utilicen; tantu ye asina que Balenciaga apost\u00f3 por sacar la so propia versi\u00f3n. El nuevu modelu Mule Technoclog dexa de llau la tradicional madera y apueste por <strong>un zuecu compuestu por un 50% TPU, un 30% de poliuretano y un 20% de cristal.<\/strong><\/p>\n<p>Les redes sociales nun se quedaron indiferentes \u00e9nte esti nuevu llanzamientu. Al travi\u00e9s de Twitter, Miguel (<a href=\"https:\/\/mobile.twitter.com\/migueeel14\">@migueeel14)<\/a> aseguraba que <strong><span style=\"color: #008080\">\u00abAsturies va sieglos per delantre del mundu, acaben d&#8217;afayar les madre\u00f1es\u00bb.<\/span><\/strong> Ya inclusive hubo quien s&#8217;allegr\u00f3, como Sira (@SiraFG), que comentaba al travi\u00e9s de la mesma rede social que \u00abyera&#8217;l momentu de que Balenciaga ficiese madre\u00f1es la verd\u00e1, tard\u00f3 enforma\u00bb.<\/p>\n<p>Nun ye la primer vegada que ta marca de luxu espa\u00f1ola esperimenta colos zuecos. En 2021, Balenciaga tresform\u00f3 los m\u00edticos Crocs, un zapatu de goma utiliz\u00e1u principalmente pel branu pa dir a la sablera, nun tac\u00f3n stiletto dignu d&#8217;una gala. Tami\u00e9n na so colecci\u00f3n de 2022, Balenciaga llanz\u00f3 xunas deportives que se vend\u00eden y\u00e1 foliaes y estrozaes por un valor cercanu a 2.000 euros, que xeneraron gran movici\u00f3n nes redes sociales.<\/p>\n","protected":false},"excerpt":{"rendered":"<p>Fonte: La Voz de Asturias \/ \u00a0Balenciaga \/VER\/ La marca de moda llanza al merc\u00e1u la so propia versi\u00f3n del calz\u00e1u tradicional asturianu.<\/p>\n","protected":false},"author":117,"featured_media":0,"comment_status":"open","ping_status":"open","sticky":false,"template":"","format":"standard","meta":{"footnotes":""},"categories":[277],"tags":[],"class_list":["post-17221","post","type-post","status-publish","format-standard","hentry","category-moda"],"_links":{"self":[{"href":"https:\/\/edublog.educastur.es\/ixuxu\/wp-json\/wp\/v2\/posts\/17221","targetHints":{"allow":["GET"]}}],"collection":[{"href":"https:\/\/edublog.educastur.es\/ixuxu\/wp-json\/wp\/v2\/posts"}],"about":[{"href":"https:\/\/edublog.educastur.es\/ixuxu\/wp-json\/wp\/v2\/types\/post"}],"author":[{"embeddable":true,"href":"https:\/\/edublog.educastur.es\/ixuxu\/wp-json\/wp\/v2\/users\/117"}],"replies":[{"embeddable":true,"href":"https:\/\/edublog.educastur.es\/ixuxu\/wp-json\/wp\/v2\/comments?post=17221"}],"version-history":[{"count":2,"href":"https:\/\/edublog.educastur.es\/ixuxu\/wp-json\/wp\/v2\/posts\/17221\/revisions"}],"predecessor-version":[{"id":17240,"href":"https:\/\/edublog.educastur.es\/ixuxu\/wp-json\/wp\/v2\/posts\/17221\/revisions\/17240"}],"wp:attachment":[{"href":"https:\/\/edublog.educastur.es\/ixuxu\/wp-json\/wp\/v2\/media?parent=17221"}],"wp:term":[{"taxonomy":"category","embeddable":true,"href":"https:\/\/edublog.educastur.es\/ixuxu\/wp-json\/wp\/v2\/categories?post=17221"},{"taxonomy":"post_tag","embeddable":true,"href":"https:\/\/edublog.educastur.es\/ixuxu\/wp-json\/wp\/v2\/tags?post=17221"}],"curies":[{"name":"wp","href":"https:\/\/api.w.org\/{rel}","templated":true}]}}