{"id":17267,"date":"2023-03-12T17:50:52","date_gmt":"2023-03-12T15:50:52","guid":{"rendered":"https:\/\/edublog.educastur.es\/ixuxu\/?p=17267"},"modified":"2023-03-12T17:51:58","modified_gmt":"2023-03-12T15:51:58","slug":"habitar-ciudaes-educadores-entornos-escolares-movilida-y-salu","status":"publish","type":"post","link":"https:\/\/edublog.educastur.es\/ixuxu\/2023\/03\/habitar-ciudaes-educadores-entornos-escolares-movilida-y-salu\/","title":{"rendered":"Habitar ciudaes educadores: entornos escolares, movilid\u00e1 y sal\u00fa."},"content":{"rendered":"<div class=\"\" dir=\"auto\">\n<div class=\"\" dir=\"auto\">\n<div class=\"x1iorvi4 x1pi30zi x1swvt13 x1l90r2v\" data-ad-comet-preview=\"message\" data-ad-preview=\"message\">\n<div class=\"x78zum5 xdt5ytf xz62fqu x16ldp7u\">\n<div class=\"xu06os2 x1ok221b\">\n<div class=\"x11i5rnm xat24cr x1mh8g0r x1vvkbs xdj266r x126k92a\" style=\"text-align: center\">\n<!-- iframe plugin v.6.0 wordpress.org\/plugins\/iframe\/ -->\n<iframe loading=\"lazy\" src=\"https:\/\/www.facebook.com\/plugins\/post.php?href=https%3A%2F%2Fwww.facebook.com%2Fcplloreu%2Fposts%2Fpfbid02piVtQA2UWRQBAG2yd49sPU14YvuHasiuvoA6wc2arWBgy47FFgqqJwJL9R83kvGDl&#038;show_text=false&#038;width=500\" width=\"500\" height=\"259\" style=\"border:none;overflow:hidden\" scrolling=\"no\" frameborder=\"0\" allowfullscreen=\"true\" allow=\"autoplay; clipboard-write; encrypted-media; picture-in-picture; web-share\" 0=\"\/iframe\" class=\"iframe-class\"><\/iframe>\n<\/div>\n<div class=\"x11i5rnm xat24cr x1mh8g0r x1vvkbs xtlvy1s x126k92a\">\n<div dir=\"auto\"><\/div>\n<div dir=\"auto\">El Conceyu de Xix\u00f3n p\u00eddenos espardimientu sobro esta xornada sobro movilid\u00e1 y redolaes escolares seguros que se va celebrar el pr\u00f3ximu llunes 13 de marzu de 2023. <a href=\"https:\/\/www.facebook.com\/photo\/?fbid=177948381654065&amp;set=a.132195579562679\">Cartelu<\/a><\/div>\n<\/div>\n<div class=\"x11i5rnm xat24cr x1mh8g0r x1vvkbs xtlvy1s x126k92a\">\n<ul>\n<li><a class=\"x1i10hfl xjbqb8w x6umtig x1b1mbwd xaqea5y xav7gou x9f619 x1ypdohk xt0psk2 xe8uvvx xdj266r x11i5rnm xat24cr x1mh8g0r xexx8yu x4uap5 x18d9i69 xkhd6sd x16tdsg8 x1hl2dhg xggy1nq x1a2a7pz xt0b8zv x1fey0fg\" role=\"link\" href=\"https:\/\/bit.ly\/3ZzLi5g?fbclid=IwAR1OOrG_erDUPeOpMFC0oxORNvHPCmW44YRrHivz2TBHUAjyxvELQ_qmKJQ\" target=\"_blank\" rel=\"nofollow noopener\">https:\/\/bit.ly\/3ZzLi5g<\/a><\/li>\n<\/ul>\n<\/div>\n<div class=\"x11i5rnm xat24cr x1mh8g0r x1vvkbs xtlvy1s x126k92a\">\n<ul>\n<li><a class=\"x1i10hfl xjbqb8w x6umtig x1b1mbwd xaqea5y xav7gou x9f619 x1ypdohk xt0psk2 xe8uvvx xdj266r x11i5rnm xat24cr x1mh8g0r xexx8yu x4uap5 x18d9i69 xkhd6sd x16tdsg8 x1hl2dhg xggy1nq x1a2a7pz xt0b8zv x1qq9wsj xo1l8bm\" role=\"link\" href=\"https:\/\/www.facebook.com\/hashtag\/caminosescolares?__eep__=6&amp;__cft__[0]=AZUSQ6VXlK7qlfrGuF9b_YL2KUZhgFsT-Zlm3sEzPpAmvonNZLCypg9PWwZpRQXpbscDAW0kS3f6JbSI9OWAvUvcmLT5Msc1XrnJTiS0IH9SE1CzeIrPf6vIjK2NQsYa7v_PeNTpQBG1TH2XU55WKaKbM6fJVrqPBcFpBySmDWWTexWsL4pRiA8ovV-qEets4wnnyJPUF7195vIHwHR_pBM-&amp;__tn__=*NK-y-R\">#caminosescolares<\/a> <a class=\"x1i10hfl xjbqb8w x6umtig x1b1mbwd xaqea5y xav7gou x9f619 x1ypdohk xt0psk2 xe8uvvx xdj266r x11i5rnm xat24cr x1mh8g0r xexx8yu x4uap5 x18d9i69 xkhd6sd x16tdsg8 x1hl2dhg xggy1nq x1a2a7pz xt0b8zv x1qq9wsj xo1l8bm\" role=\"link\" href=\"https:\/\/www.facebook.com\/hashtag\/movilidadurbana?__eep__=6&amp;__cft__[0]=AZUSQ6VXlK7qlfrGuF9b_YL2KUZhgFsT-Zlm3sEzPpAmvonNZLCypg9PWwZpRQXpbscDAW0kS3f6JbSI9OWAvUvcmLT5Msc1XrnJTiS0IH9SE1CzeIrPf6vIjK2NQsYa7v_PeNTpQBG1TH2XU55WKaKbM6fJVrqPBcFpBySmDWWTexWsL4pRiA8ovV-qEets4wnnyJPUF7195vIHwHR_pBM-&amp;__tn__=*NK-y-R\">#MovilidadUrbana<\/a> <a class=\"x1i10hfl xjbqb8w x6umtig x1b1mbwd xaqea5y xav7gou x9f619 x1ypdohk xt0psk2 xe8uvvx xdj266r x11i5rnm xat24cr x1mh8g0r xexx8yu x4uap5 x18d9i69 xkhd6sd x16tdsg8 x1hl2dhg xggy1nq x1a2a7pz xt0b8zv x1qq9wsj xo1l8bm\" role=\"link\" href=\"https:\/\/www.facebook.com\/MovilidadGijon?__cft__[0]=AZUSQ6VXlK7qlfrGuF9b_YL2KUZhgFsT-Zlm3sEzPpAmvonNZLCypg9PWwZpRQXpbscDAW0kS3f6JbSI9OWAvUvcmLT5Msc1XrnJTiS0IH9SE1CzeIrPf6vIjK2NQsYa7v_PeNTpQBG1TH2XU55WKaKbM6fJVrqPBcFpBySmDWWTexWsL4pRiA8ovV-qEets4wnnyJPUF7195vIHwHR_pBM-&amp;__tn__=-]K-y-R\"><span class=\"xt0psk2\">Movilidad Gij\u00f3n\/Xix\u00f3n<\/span><\/a><\/li>\n<\/ul>\n<\/div>\n<\/div>\n<\/div>\n<\/div>\n<\/div>\n<\/div>\n","protected":false},"excerpt":{"rendered":"<p>El Conceyu de Xix\u00f3n p\u00eddenos espardimientu sobro esta xornada sobro movilid\u00e1 y redolaes escolares seguros que se va celebrar el pr\u00f3ximu llunes 13 de marzu de 2023. Cartelu https:\/\/bit.ly\/3ZzLi5g #caminosescolares #MovilidadUrbana Movilidad Gij\u00f3n\/Xix\u00f3n<\/p>\n","protected":false},"author":117,"featured_media":0,"comment_status":"open","ping_status":"open","sticky":false,"template":"","format":"standard","meta":{"footnotes":""},"categories":[183],"tags":[],"class_list":["post-17267","post","type-post","status-publish","format-standard","hentry","category-xixon"],"_links":{"self":[{"href":"https:\/\/edublog.educastur.es\/ixuxu\/wp-json\/wp\/v2\/posts\/17267","targetHints":{"allow":["GET"]}}],"collection":[{"href":"https:\/\/edublog.educastur.es\/ixuxu\/wp-json\/wp\/v2\/posts"}],"about":[{"href":"https:\/\/edublog.educastur.es\/ixuxu\/wp-json\/wp\/v2\/types\/post"}],"author":[{"embeddable":true,"href":"https:\/\/edublog.educastur.es\/ixuxu\/wp-json\/wp\/v2\/users\/117"}],"replies":[{"embeddable":true,"href":"https:\/\/edublog.educastur.es\/ixuxu\/wp-json\/wp\/v2\/comments?post=17267"}],"version-history":[{"count":3,"href":"https:\/\/edublog.educastur.es\/ixuxu\/wp-json\/wp\/v2\/posts\/17267\/revisions"}],"predecessor-version":[{"id":17270,"href":"https:\/\/edublog.educastur.es\/ixuxu\/wp-json\/wp\/v2\/posts\/17267\/revisions\/17270"}],"wp:attachment":[{"href":"https:\/\/edublog.educastur.es\/ixuxu\/wp-json\/wp\/v2\/media?parent=17267"}],"wp:term":[{"taxonomy":"category","embeddable":true,"href":"https:\/\/edublog.educastur.es\/ixuxu\/wp-json\/wp\/v2\/categories?post=17267"},{"taxonomy":"post_tag","embeddable":true,"href":"https:\/\/edublog.educastur.es\/ixuxu\/wp-json\/wp\/v2\/tags?post=17267"}],"curies":[{"name":"wp","href":"https:\/\/api.w.org\/{rel}","templated":true}]}}