{"id":1735,"date":"2020-12-08T11:00:50","date_gmt":"2020-12-08T09:00:50","guid":{"rendered":"https:\/\/edublog.educastur.es\/ixuxu\/?p=1735"},"modified":"2020-12-08T13:58:00","modified_gmt":"2020-12-08T11:58:00","slug":"poner-larbol-de-navida-esti-ponte-ye-una-tradicion-dorixe-celta","status":"publish","type":"post","link":"https:\/\/edublog.educastur.es\/ixuxu\/2020\/12\/poner-larbol-de-navida-esti-ponte-ye-una-tradicion-dorixe-celta\/","title":{"rendered":"Poner l&#8217;\u00c1rbol de Navid\u00e1 esti ponte ye una tradici\u00f3n d&#8217;orixe celta."},"content":{"rendered":"<p>El 8 d&#8217;avientu los celtes celebraben el cumplea\u00f1os de <a href=\"https:\/\/es.wikipedia.org\/wiki\/Frey\">Frey<\/a> , dios del Sol y la fertilid\u00e1, afatando un \u00e1rbol perenne, xeneralmente un carbayu, al que denominaben <em><strong>Div\u00edn Idrasil (\u00c1rbol del Universu), el \u00e1rbol de la vida vikingo.<br \/>\n<\/strong><\/em><\/p>\n<p><a href=\"https:\/\/upload.wikimedia.org\/wikipedia\/commons\/b\/b5\/Freyr_art.jpg\"><img loading=\"lazy\" decoding=\"async\" class=\"alignnone \" src=\"https:\/\/upload.wikimedia.org\/wikipedia\/commons\/b\/b5\/Freyr_art.jpg\" width=\"211\" height=\"297\" \/><\/a>\/ <a href=\"https:\/\/pm1.narvii.com\/6685\/a7dcaeeaafd28a58deb83de532e372f9511c3104_hq.jpg\"><img loading=\"lazy\" decoding=\"async\" class=\"alignnone \" src=\"https:\/\/pm1.narvii.com\/6685\/a7dcaeeaafd28a58deb83de532e372f9511c3104_hq.jpg\" width=\"297\" height=\"297\" \/><\/a><\/p>\n<p><!--more--><\/p>\n<ul>\n<li>\n<h1 class=\"post-title\"><a href=\"https:\/\/www.ester-ribas.com\/blog-post\/yggdrasil-arbol-mitologia-nordica\/\"><span style=\"font-size: 16px\"><em>El Yggdrasil, el \u00e1rbol de la mitolog\u00eda n\u00f3rdica y sus nueve mundos<\/em><\/span><\/a><\/h1>\n<\/li>\n<\/ul>\n<p>\/ <a href=\"https:\/\/arboldelavida.online\/wp-content\/uploads\/2019\/03\/origen-Yggdrasil-significado.jpg\"><img loading=\"lazy\" decoding=\"async\" class=\"alignnone size-full\" src=\"https:\/\/arboldelavida.online\/wp-content\/uploads\/2019\/03\/origen-Yggdrasil-significado.jpg\" width=\"542\" height=\"734\" \/><\/a><\/p>\n<ul>\n<li><a href=\"https:\/\/www.albedoescuela.com\/post\/historia-del-%C3%A1rbol-de-navidad\"><strong><em>Historia del \u00e1rbol de la Navidad<\/em><\/strong><\/a><\/li>\n<\/ul>\n<p>Seg\u00fan coinciden los\u00a0 historiadores, este podr\u00eda tener el so orixe nos Celtes d&#8217;Europa Central, quien acostumaben usar \u00e1rboles para representar a dellos de los sos Dioses. Esta cultura, am\u00e1s, coincidiendo cola celebraci\u00f3n de la Navid\u00e1 cristiana, celebraba la nacencia de Frey, Dios del Sol y la fertilid\u00e1, afatando un \u00e1rbol que yera llam\u00e1u \u00abDiv\u00edn Idrasil\u00bb (\u00c1rbol del Universu), del cual dic\u00edase qu&#8217;<strong>en la so copa atopaba&#8217;l cielu y nos sos raiga\u00f1os fondos l&#8217;infiernu.<\/strong><\/p>\n<p><a href=\"https:\/\/i0.wp.com\/vaventura.com\/wp-content\/uploads\/2017\/05\/G1052017-Yggdrasil.jpg?ssl=1\"><img loading=\"lazy\" decoding=\"async\" class=\"alignnone size-full\" src=\"https:\/\/i0.wp.com\/vaventura.com\/wp-content\/uploads\/2017\/05\/G1052017-Yggdrasil.jpg?ssl=1\" width=\"3165\" height=\"3248\" \/><\/a><\/p>\n<p>Mientres l&#8217;iviernu al ver que perd\u00eda les sos fueyes cre\u00eden que los esp\u00edritos hab\u00eden abandon\u00e1u, raz\u00f3n pola qu&#8217;asitiaben frutes y antorches, que representaben a les estrelles, la lluna y el sol cola esperanza de que los esp\u00edritos retornaren na d\u00f3mina primaveral y l&#8217;\u00e1rbol volviera brotar.<\/p>\n<p><span style=\"color: #008080\"><strong>Esta tradici\u00f3n cristianizar\u00edase m\u00e1s tarde tomando la idea del \u00e1rbol para celebrar la nacencia de Jes\u00fas<\/strong><\/span> y camudando el carbayu por otru \u00e1rbol perenne, el pinu o l&#8217;abetu, que s&#8217;afataba con mazanes, veles y una estrella que recuerda a la de Bel\u00e9n.<\/p>\n<p><a href=\"https:\/\/pbs.twimg.com\/media\/DQlM0MvV4AEWk-6.jpg\"><img loading=\"lazy\" decoding=\"async\" class=\"alignnone size-full\" src=\"https:\/\/pbs.twimg.com\/media\/DQlM0MvV4AEWk-6.jpg\" width=\"982\" height=\"1200\" \/><\/a><\/p>\n<p><a href=\"https:\/\/static.wixstatic.com\/media\/e9c2f0_7e18a33695294b26be8cb3d9c535a26d.jpg\"><img loading=\"lazy\" decoding=\"async\" class=\"alignnone size-full\" src=\"https:\/\/static.wixstatic.com\/media\/e9c2f0_7e18a33695294b26be8cb3d9c535a26d.jpg\" width=\"638\" height=\"479\" \/><\/a><\/p>\n<p><a href=\"https:\/\/pbs.twimg.com\/media\/Dun633GWoAE16kb.jpg\"><img loading=\"lazy\" decoding=\"async\" class=\"alignnone size-full\" src=\"https:\/\/pbs.twimg.com\/media\/Dun633GWoAE16kb.jpg\" width=\"1000\" height=\"1000\" \/><\/a><\/p>\n<p><a href=\"https:\/\/catholic-link.com\/wp-content\/uploads\/2015\/12\/arbolito.jpg\"><img loading=\"lazy\" decoding=\"async\" class=\"alignnone size-full\" src=\"https:\/\/catholic-link.com\/wp-content\/uploads\/2015\/12\/arbolito.jpg\" width=\"877\" height=\"877\" \/><\/a><\/p>\n<p><a href=\"https:\/\/s2.studylib.es\/store\/data\/006145239_1-0a07383adb49772c8598bde20605ede7.png\"><img loading=\"lazy\" decoding=\"async\" class=\"alignnone size-full\" src=\"https:\/\/s2.studylib.es\/store\/data\/006145239_1-0a07383adb49772c8598bde20605ede7.png\" width=\"724\" height=\"1024\" \/><\/a><\/p>\n","protected":false},"excerpt":{"rendered":"<p>El 8 d&#8217;avientu los celtes celebraben el cumplea\u00f1os de Frey , dios del Sol y la fertilid\u00e1, afatando un \u00e1rbol perenne, xeneralmente un carbayu, al que denominaben Div\u00edn Idrasil (\u00c1rbol del Universu), el \u00e1rbol de la vida vikingo. \/<\/p>\n","protected":false},"author":117,"featured_media":0,"comment_status":"closed","ping_status":"open","sticky":false,"template":"","format":"standard","meta":{"footnotes":""},"categories":[81],"tags":[],"class_list":["post-1735","post","type-post","status-publish","format-standard","hentry","category-nadal"],"_links":{"self":[{"href":"https:\/\/edublog.educastur.es\/ixuxu\/wp-json\/wp\/v2\/posts\/1735","targetHints":{"allow":["GET"]}}],"collection":[{"href":"https:\/\/edublog.educastur.es\/ixuxu\/wp-json\/wp\/v2\/posts"}],"about":[{"href":"https:\/\/edublog.educastur.es\/ixuxu\/wp-json\/wp\/v2\/types\/post"}],"author":[{"embeddable":true,"href":"https:\/\/edublog.educastur.es\/ixuxu\/wp-json\/wp\/v2\/users\/117"}],"replies":[{"embeddable":true,"href":"https:\/\/edublog.educastur.es\/ixuxu\/wp-json\/wp\/v2\/comments?post=1735"}],"version-history":[{"count":3,"href":"https:\/\/edublog.educastur.es\/ixuxu\/wp-json\/wp\/v2\/posts\/1735\/revisions"}],"predecessor-version":[{"id":1737,"href":"https:\/\/edublog.educastur.es\/ixuxu\/wp-json\/wp\/v2\/posts\/1735\/revisions\/1737"}],"wp:attachment":[{"href":"https:\/\/edublog.educastur.es\/ixuxu\/wp-json\/wp\/v2\/media?parent=1735"}],"wp:term":[{"taxonomy":"category","embeddable":true,"href":"https:\/\/edublog.educastur.es\/ixuxu\/wp-json\/wp\/v2\/categories?post=1735"},{"taxonomy":"post_tag","embeddable":true,"href":"https:\/\/edublog.educastur.es\/ixuxu\/wp-json\/wp\/v2\/tags?post=1735"}],"curies":[{"name":"wp","href":"https:\/\/api.w.org\/{rel}","templated":true}]}}