{"id":17408,"date":"2023-03-19T10:00:50","date_gmt":"2023-03-19T08:00:50","guid":{"rendered":"https:\/\/edublog.educastur.es\/ixuxu\/?p=17408"},"modified":"2023-03-19T18:39:44","modified_gmt":"2023-03-19T16:39:44","slug":"nuvieu-la-super-final-de-la-copa-del-mundu-de-natacion-artistica","status":"publish","type":"post","link":"https:\/\/edublog.educastur.es\/ixuxu\/2023\/03\/nuvieu-la-super-final-de-la-copa-del-mundu-de-natacion-artistica\/","title":{"rendered":"N&#8217;Uvi\u00e9u, la S\u00faper Final de la Copa del Mundu de Nataci\u00f3n Art\u00edstica"},"content":{"rendered":"<div class=\"\" dir=\"auto\">\n<div class=\"\" dir=\"auto\">\n<div class=\"x1iorvi4 x1pi30zi x1swvt13 x1l90r2v\" data-ad-comet-preview=\"message\" data-ad-preview=\"message\">\n<div class=\"x78zum5 xdt5ytf xz62fqu x16ldp7u\">\n<div class=\"xu06os2 x1ok221b\">Uvi\u00e9u va ser la see de la S\u00faper Final de la Copa del Mundu de Nataci\u00f3n Art\u00edstica<\/div>\n<div class=\"xu06os2 x1ok221b\">Les piscines municipales del Parque del Oeste van acoyer les pruebes, del 2 al 4 de xunu<\/div>\n<div><\/div>\n<div class=\"xu06os2 x1ok221b\" style=\"text-align: center\">\n<!-- iframe plugin v.6.0 wordpress.org\/plugins\/iframe\/ -->\n<iframe loading=\"lazy\" src=\"https:\/\/www.facebook.com\/plugins\/post.php?href=https%3A%2F%2Fwww.facebook.com%2Fwww.oviedo.es%2Fposts%2Fpfbid0Peb9WNtw7Upx363Btp2e6mEu42Xd4msuGtSH2W66KJXjDUSf3gzCKGpn9cN7uEENl&#038;show_text=false&#038;width=500\" width=\"500\" height=\"374\" style=\"border:none;overflow:hidden\" scrolling=\"no\" frameborder=\"0\" allowfullscreen=\"true\" allow=\"autoplay; clipboard-write; encrypted-media; picture-in-picture; web-share\" 0=\"\/iframe\" class=\"iframe-class\"><\/iframe>\n<\/p>\n<div dir=\"auto\"><\/div>\n<div class=\"x11i5rnm xat24cr x1mh8g0r x1vvkbs xtlvy1s x126k92a\">\n<ul>\n<li style=\"text-align: left\"><a class=\"x1i10hfl xjbqb8w x6umtig x1b1mbwd xaqea5y xav7gou x9f619 x1ypdohk xt0psk2 xe8uvvx xdj266r x11i5rnm xat24cr x1mh8g0r xexx8yu x4uap5 x18d9i69 xkhd6sd x16tdsg8 x1hl2dhg xggy1nq x1a2a7pz xt0b8zv x1fey0fg\" role=\"link\" href=\"https:\/\/l.facebook.com\/l.php?u=https%3A%2F%2Ftinyurl.com%2F4avn96n3%3Ffbclid%3DIwAR10f9fgY1q8xdgpdZCGmRCVY8RIJHfQVT2mKo1K_g3MpZQDAODiYt1OeX4&amp;h=AT1UZ_KQwgWT_bmLtJ1b8IDLX3NOBR7l6Rkv3-hOWEOuI81S83V1aAv343PwNxGesemFAjW-qlWe3XEoqGmENmowu9i0yz8ye_Ea4uqlrmvSqI_Mt2PddQe4BGfIIjtkLA&amp;__tn__=-UK-y-R&amp;c[0]=AT32Ykon0VuvcLS03zucb4DzmedYAQmdE3e99JOjp_p04we1_rDcwxWj0-jeD1nbl9jebMsO6MWYwownhtBjw4BW2Ch4G94auXhs79uaGnrfXXEH3k2zm-v9GoipdzQCFLQsCYyWRWJzcRFyJOoMkdzd1fx7AI1osFRON7brEhfnL3F5CZT6GImzFlrc4_OzzzBd1PrJiHQ3sw3DCFueHOWsEViuKpdVBp609eM\" target=\"_blank\" rel=\"nofollow noopener\">https:\/\/tinyurl.com\/4avn96n3<\/a><\/li>\n<li style=\"text-align: left\"><a href=\"https:\/\/www.oviedo.es\/deportes\/piscinas\/-\/asset_publisher\/ygcbAZDpFsqk\/content\/piscina-climatizada-parque-del-oeste?inheritRedirect=true\">Piscines del Parque del Oeste<\/a>\/<a href=\"https:\/\/www.google.com\/search?q=piscinas+parque+del+oeste+oviedo&amp;client=firefox-b-d&amp;source=lnms&amp;tbm=isch&amp;sa=X&amp;ved=2ahUKEwiwyqn_tuj9AhXDUaQEHRW7CSMQ_AUoAXoECAIQAw&amp;biw=1536&amp;bih=739&amp;dpr=1.25\">semeyes<\/a><\/li>\n<li style=\"text-align: left\"><a href=\"https:\/\/www.facebook.com\/www.oviedo.es\">Fonte: Conceyu d&#8217;Uvi\u00e9u<\/a><\/li>\n<\/ul>\n<p><!--more--><\/p>\n<\/div>\n<p><a href=\"https:\/\/www.oviedo.es\/documents\/25041\/40c5584b-f4af-49f5-a389-822796b814da?imageThumbnail=3\"><img loading=\"lazy\" decoding=\"async\" class=\"aligncenter size-full\" src=\"https:\/\/www.oviedo.es\/documents\/25041\/40c5584b-f4af-49f5-a389-822796b814da?imageThumbnail=3\" width=\"800\" height=\"532\" \/><\/a><\/p>\n<\/div>\n<\/div>\n<\/div>\n<\/div>\n<\/div>\n<p>&nbsp;<\/p>\n","protected":false},"excerpt":{"rendered":"<p>Uvi\u00e9u va ser la see de la S\u00faper Final de la Copa del Mundu de Nataci\u00f3n Art\u00edstica Les piscines municipales del Parque del Oeste van acoyer les pruebes, del 2 al 4 de xunu https:\/\/tinyurl.com\/4avn96n3 Piscines del Parque del Oeste\/semeyes Fonte: Conceyu d&#8217;Uvi\u00e9u<\/p>\n","protected":false},"author":117,"featured_media":0,"comment_status":"open","ping_status":"open","sticky":false,"template":"","format":"standard","meta":{"footnotes":""},"categories":[133],"tags":[],"class_list":["post-17408","post","type-post","status-publish","format-standard","hentry","category-deportes"],"_links":{"self":[{"href":"https:\/\/edublog.educastur.es\/ixuxu\/wp-json\/wp\/v2\/posts\/17408","targetHints":{"allow":["GET"]}}],"collection":[{"href":"https:\/\/edublog.educastur.es\/ixuxu\/wp-json\/wp\/v2\/posts"}],"about":[{"href":"https:\/\/edublog.educastur.es\/ixuxu\/wp-json\/wp\/v2\/types\/post"}],"author":[{"embeddable":true,"href":"https:\/\/edublog.educastur.es\/ixuxu\/wp-json\/wp\/v2\/users\/117"}],"replies":[{"embeddable":true,"href":"https:\/\/edublog.educastur.es\/ixuxu\/wp-json\/wp\/v2\/comments?post=17408"}],"version-history":[{"count":1,"href":"https:\/\/edublog.educastur.es\/ixuxu\/wp-json\/wp\/v2\/posts\/17408\/revisions"}],"predecessor-version":[{"id":17409,"href":"https:\/\/edublog.educastur.es\/ixuxu\/wp-json\/wp\/v2\/posts\/17408\/revisions\/17409"}],"wp:attachment":[{"href":"https:\/\/edublog.educastur.es\/ixuxu\/wp-json\/wp\/v2\/media?parent=17408"}],"wp:term":[{"taxonomy":"category","embeddable":true,"href":"https:\/\/edublog.educastur.es\/ixuxu\/wp-json\/wp\/v2\/categories?post=17408"},{"taxonomy":"post_tag","embeddable":true,"href":"https:\/\/edublog.educastur.es\/ixuxu\/wp-json\/wp\/v2\/tags?post=17408"}],"curies":[{"name":"wp","href":"https:\/\/api.w.org\/{rel}","templated":true}]}}