{"id":17435,"date":"2023-03-19T21:25:07","date_gmt":"2023-03-19T19:25:07","guid":{"rendered":"https:\/\/edublog.educastur.es\/ixuxu\/?p=17435"},"modified":"2023-03-19T21:25:55","modified_gmt":"2023-03-19T19:25:55","slug":"primavera-nel-botanicu-hastal-26-de-xunu","status":"publish","type":"post","link":"https:\/\/edublog.educastur.es\/ixuxu\/2023\/03\/primavera-nel-botanicu-hastal-26-de-xunu\/","title":{"rendered":"Primavera nel Bot\u00e1nicu hasta&#8217;l 26 de xunu"},"content":{"rendered":"<div class=\"\" dir=\"auto\">\n<div class=\"\" dir=\"auto\">\n<div class=\"x1iorvi4 x1pi30zi x1swvt13 x1l90r2v\" data-ad-comet-preview=\"message\" data-ad-preview=\"message\">\n<div class=\"x78zum5 xdt5ytf xz62fqu x16ldp7u\">\n<p style=\"text-align: center\"><a href=\"https:\/\/drupal.gijon.es\/sites\/default\/files\/styles\/imagen_4_3\/public\/2023-03\/PrimaveraInspira2023-BannerWeb-540%E2%80%8A%C3%97%E2%80%8A405px-1.jpg\"><img loading=\"lazy\" decoding=\"async\" class=\"aligncenter size-full\" src=\"https:\/\/drupal.gijon.es\/sites\/default\/files\/styles\/imagen_4_3\/public\/2023-03\/PrimaveraInspira2023-BannerWeb-540%E2%80%8A%C3%97%E2%80%8A405px-1.jpg\" width=\"539\" height=\"405\" \/><\/a><\/p>\n<p>? El <a href=\"https:\/\/es.wikipedia.org\/wiki\/Jard%C3%ADn_bot%C3%A1nico_atl%C3%A1ntico_de_Gij%C3%B3n\"><span style=\"color: #008080\"><strong>Xard\u00edn Bot\u00e1nicu Atl\u00e1nticu<\/strong><\/span><\/a> tien un ampliu programa para afayar tolo qu&#8217;ufierta en primavera:<\/p>\n<ul>\n<li>?<em> Actividaes para p\u00fablicu adultu, familiar ya infantil.<\/em><\/li>\n<li><em>? Talleres y visites sobro arte, ciencia, xardiner\u00eda, gastronom\u00eda, horticultura y zoolox\u00eda.<\/em>\n<div dir=\"auto\"><a href=\"https:\/\/www.facebook.com\/photo\/?fbid=517904823847138&amp;set=a.228283206142636\"><em>Fonte: Xix\u00f3n<\/em><\/a><\/div>\n<\/li>\n<li><a class=\"file file--mime-application-pdf file--application-pdf\" title=\"Programa primavera Bot\u00e1nico 2023 AST\" href=\"https:\/\/www.gijon.es\/\/sites\/default\/files\/inline-files\/Programa%20Primavera%202023_ast_0.pdf\" data-entity-type=\"file\" data-entity-uuid=\"7ec6900b-2a0b-4b68-8fdd-ffe381a4b9d0\"><strong><span style=\"font-family: Calibri, sans-serif\"><span style=\"font-size: small\"><span style=\"font-size: 20px\">Programa d&#8217;actividaes<\/span><\/span><\/span><\/strong><\/a><\/li>\n<li><a href=\"https:\/\/www.gijon.es\/es\/directorio\/jardin-botanico-atlantico-de-gijon\">Web del <strong>Xard\u00edn Bot\u00e1nicu Atl\u00e1nticu<\/strong><\/a><\/li>\n<\/ul>\n<p><!--more--><\/p>\n<p style=\"text-align: center\"><a href=\"https:\/\/drupal.gijon.es\/sites\/default\/files\/styles\/imagen_cabecera_slider\/public\/2023-03\/PrimaveraInspira2023-CabeceraWeb-2.jpg\"><img loading=\"lazy\" decoding=\"async\" class=\"aligncenter size-full\" src=\"https:\/\/drupal.gijon.es\/sites\/default\/files\/styles\/imagen_cabecera_slider\/public\/2023-03\/PrimaveraInspira2023-CabeceraWeb-2.jpg\" width=\"1920\" height=\"600\" \/><\/a><\/p>\n<p>Y\u00e1 ye primavera y el Bot\u00e1nicu enllenase de vida y colores. Ye&#8217;l momentu d&#8217;esfrutar de les flores, les aves y los miles d&#8217;insectos qu&#8217;habiten el Xard\u00edn. Por que podamos afayar tolo qu&#8217;ufierta esti espaciu programemos una primavera llena d&#8217;actividaes para adultos, p\u00fablicu familiar y p\u00fablicu infantil. Siguimos col apueste por atender a la mayor diversid\u00e1 posible, colos nuesos talleres dedicaos al p\u00fablicu con discapacid\u00e1 intelectual y \u201cLos cuentos de los idus\u201d.<\/p>\n<p>Arte, ciencia, xardiner\u00eda, gastronom\u00eda, horticultura y zoolox\u00eda conformen les exes d&#8217;un vari\u00e1u programa que pretende aunir la conocencia y cuidu medioambiental cola diversi\u00f3n.<\/p>\n<p style=\"text-align: center\"><a href=\"https:\/\/drupal.gijon.es\/sites\/default\/files\/styles\/imagen_cabecera_slider\/public\/2021-07\/JardinBotanico-Inspira-CabeceraSlider1920x600px.jpg\"><img loading=\"lazy\" decoding=\"async\" class=\"aligncenter size-full\" src=\"https:\/\/drupal.gijon.es\/sites\/default\/files\/styles\/imagen_cabecera_slider\/public\/2021-07\/JardinBotanico-Inspira-CabeceraSlider1920x600px.jpg\" width=\"1920\" height=\"600\" \/><\/a><\/p>\n<\/div>\n<\/div>\n<\/div>\n<\/div>\n<p>&nbsp;<\/p>\n","protected":false},"excerpt":{"rendered":"<p>? El Xard\u00edn Bot\u00e1nicu Atl\u00e1nticu tien un ampliu programa para afayar tolo qu&#8217;ufierta en primavera: ? Actividaes para p\u00fablicu adultu, familiar ya infantil. ? Talleres y visites sobro arte, ciencia, xardiner\u00eda, gastronom\u00eda, horticultura y zoolox\u00eda. Fonte: Xix\u00f3n Programa d&#8217;actividaes Web del Xard\u00edn Bot\u00e1nicu Atl\u00e1nticu<\/p>\n","protected":false},"author":117,"featured_media":0,"comment_status":"open","ping_status":"open","sticky":false,"template":"","format":"standard","meta":{"footnotes":""},"categories":[4,183],"tags":[],"class_list":["post-17435","post","type-post","status-publish","format-standard","hentry","category-natura","category-xixon"],"_links":{"self":[{"href":"https:\/\/edublog.educastur.es\/ixuxu\/wp-json\/wp\/v2\/posts\/17435","targetHints":{"allow":["GET"]}}],"collection":[{"href":"https:\/\/edublog.educastur.es\/ixuxu\/wp-json\/wp\/v2\/posts"}],"about":[{"href":"https:\/\/edublog.educastur.es\/ixuxu\/wp-json\/wp\/v2\/types\/post"}],"author":[{"embeddable":true,"href":"https:\/\/edublog.educastur.es\/ixuxu\/wp-json\/wp\/v2\/users\/117"}],"replies":[{"embeddable":true,"href":"https:\/\/edublog.educastur.es\/ixuxu\/wp-json\/wp\/v2\/comments?post=17435"}],"version-history":[{"count":2,"href":"https:\/\/edublog.educastur.es\/ixuxu\/wp-json\/wp\/v2\/posts\/17435\/revisions"}],"predecessor-version":[{"id":17437,"href":"https:\/\/edublog.educastur.es\/ixuxu\/wp-json\/wp\/v2\/posts\/17435\/revisions\/17437"}],"wp:attachment":[{"href":"https:\/\/edublog.educastur.es\/ixuxu\/wp-json\/wp\/v2\/media?parent=17435"}],"wp:term":[{"taxonomy":"category","embeddable":true,"href":"https:\/\/edublog.educastur.es\/ixuxu\/wp-json\/wp\/v2\/categories?post=17435"},{"taxonomy":"post_tag","embeddable":true,"href":"https:\/\/edublog.educastur.es\/ixuxu\/wp-json\/wp\/v2\/tags?post=17435"}],"curies":[{"name":"wp","href":"https:\/\/api.w.org\/{rel}","templated":true}]}}