{"id":17447,"date":"2023-03-20T08:24:50","date_gmt":"2023-03-20T06:24:50","guid":{"rendered":"https:\/\/edublog.educastur.es\/ixuxu\/?p=17447"},"modified":"2023-03-20T08:25:07","modified_gmt":"2023-03-20T06:25:07","slug":"17447","status":"publish","type":"post","link":"https:\/\/edublog.educastur.es\/ixuxu\/2023\/03\/17447\/","title":{"rendered":"Villaviciosa, tierra d&#8217;horros"},"content":{"rendered":"<p style=\"text-align: center\"><a href=\"https:\/\/estaticos-cdn.prensaiberica.es\/clip\/64375d98-e388-4e1b-a0c0-d8638dad3ce2_16-9-discover-aspect-ratio_default_0.jpg\"><img loading=\"lazy\" decoding=\"async\" class=\"aligncenter size-full\" src=\"https:\/\/estaticos-cdn.prensaiberica.es\/clip\/64375d98-e388-4e1b-a0c0-d8638dad3ce2_16-9-discover-aspect-ratio_default_0.jpg\" width=\"1200\" height=\"675\" \/><\/a><\/p>\n<p class=\"article-photo__footer\" style=\"text-align: center\"><span style=\"color: #008080\"><em>Plaza de la parroquia de Sietes, donde se ubica la Casa L&#8217;Horru.<br \/>\n<\/em>Reproducci\u00f3n de A. G.-O.<\/span><\/p>\n<p>Villaviciosa convierte los sos m\u00e1s de dos mil horros y paneres nun recursu tur\u00edsticu amest\u00e1u a la etnograf\u00eda. La construcci\u00f3n m\u00e1s antigua data de 1505 y alcu\u00e9ntrase na parroquia d&#8217;El Bustiu.<\/p>\n<ul>\n<li><a href=\"https:\/\/www.lne.es\/villaviciosa\/2023\/03\/19\/mil-horreos-paneras-impresionante-patrimonio-84761833.html?fbclid=IwAR3JLe8txe0p8kLBNqG3vcawBSgrl8bGDcht-l6BHbx_iLIEIMrC68ax-Ic\">Fonte: LNE<\/a><\/li>\n<\/ul>\n<p>Villaviciosa ye tierra d&#8217;horros. De pegollos, lli\u00f1os y sobiga\u00f1os. El conceyu alluga nes sos parroquies abargana de 2.400 construcciones d&#8217;esta tipolox\u00eda. Tou un patrimoniu etnogr\u00e1ficu que destaca, am\u00e1s, por tener un estilu propiu. Unu de los m\u00e1s antiguos d&#8217;Asturies.<\/p>\n<p><!--more--><\/p>\n<ul>\n<li><a href=\"https:\/\/www.vivirasturias.com\/museos\/c\/0\/i\/54647336\/casa-del-horreo-de-sietes\"><strong>Museu La Casa l\u00b4Horru: <\/strong><\/a><em>629439435,\u00a0<\/em>o Inma\u00a0<em>696478823<\/em><strong><br \/>\n<\/strong><\/li>\n<\/ul>\n<p style=\"text-align: center\"><a href=\"https:\/\/drive.google.com\/uc?id=1pLjE89sp01inm8pGeuAWiw3rFHzj72O5&amp;export=download\"><img loading=\"lazy\" decoding=\"async\" class=\"aligncenter size-full\" src=\"https:\/\/drive.google.com\/uc?id=1pLjE89sp01inm8pGeuAWiw3rFHzj72O5&amp;export=download\" width=\"900\" height=\"363\" \/><\/a><\/p>\n<p>La construcci\u00f3n m\u00e1s antigua data de 1505 y ta asitiada na parroquia d&#8217;El Bustiu. Solo dos a\u00f1os dempu\u00e9s d\u00e1tase l&#8217;horru de Casa Paco, de Piedrafita, que foi restaur\u00e1u pola Conseyer\u00eda de Cultura del Princip\u00e1u al travi\u00e9s d&#8217;un plan especial en 1997. Nun foi l&#8217;\u00fanicu. El conceyu puede presumir de ser unu de los que m\u00e1s horros y paneres alluga, pero tami\u00e9n del bonu caltenimientu de los mesmos. Munchos d&#8217;ellos siguen siendo utilizaos polos sos propietarios, anque los usos camudaron. \u201cAgora util\u00edcense m\u00e1s como trasteru\u201d, indica Robeca Mexada, de la Fundaci\u00f3n Card\u00edn.<\/p>\n<p>El denomin\u00e1u<strong><span style=\"color: #008080\"> \u00abEstilu Villaviciosa\u00bb<\/span><\/strong> destaca pola so decoraci\u00f3n nos lli\u00f1os, que dacuando puede estendese a colondres y sobrelli\u00f1os, y que puede ser tallada o pintada. Les formes, na so mayor\u00eda xeom\u00e9triques, beben de les ilesies rom\u00e1niques de la zona, qu&#8217;inspiraron a los artesanos madereros a la de realizar los sos trabayos. Pueden vese escayos de pexe, semic\u00edrculos, rosetes\u2026En delles ocasiones, inclusive, animales.<\/p>\n<p style=\"text-align: center\">\n<!-- iframe plugin v.6.0 wordpress.org\/plugins\/iframe\/ -->\n<iframe loading=\"lazy\" width=\"100%\" height=\"395\" src=\"https:\/\/www.youtube.com\/embed\/BDtyVbFfpj4\" title=\"El Estilo Villaviciosa en H\u00f3rreos y Paneras\" frameborder=\"0\" allow=\"accelerometer; autoplay; clipboard-write; encrypted-media; gyroscope; picture-in-picture; web-share\" 0=\"allowfullscreen\" 1=\"\/iframe\" scrolling=\"yes\" class=\"iframe-class\"><\/iframe>\n<\/p>\n<p>Son detalles que pueden pasar desapercib\u00edos a la primer vista y que la Fundaci\u00f3n Card\u00edn lleva a\u00f1os ense\u00f1ando a apreciar al travi\u00e9s del bus etnogr\u00e1ficu que pon en marcha cada branu. Xuna activid\u00e1 pionera na rex\u00f3n y qu&#8217;atrai cada vez a m\u00e1s turistes, ocup\u00e1ndose en munchos casos les places selmanes antes de cada salida.<\/p>\n<p>\u201cYe necesariu poner en valor la etnograf\u00eda asturiana, que se reconoza la importancia que tienen los horros y paneres, especialmente en Villaviciosa. Por eso&#8217;l bus etnogr\u00e1ficu ye tan importante\u201d, afirma Meana, quien exerz de gu\u00eda de la ruta. El percorr\u00edu parte de la see de la fundaci\u00f3n para siguir por Fuentes, Sietes y Piedrafita.<\/p>\n<p>Mientres l&#8217;activid\u00e1 espliquen les partes principales ya importantes de cada horru, les diferencies entre horros y paneres, los distintos estilos dientro del propiu de Villaviciosa y xuna curtia hestoria d&#8217;esti singular elementu nel paisaxe asturiano. Am\u00e1s, apurri a cada visitante xuna pequena gu\u00eda informativa.<\/p>\n<ul>\n<li><a href=\"https:\/\/viajerosconfesos.com\/ruta-horreos-villaviciosa\/\">https:\/\/viajerosconfesos.com\/ruta-horreos-villaviciosa\/<\/a><\/li>\n<\/ul>\n","protected":false},"excerpt":{"rendered":"<p>Plaza de la parroquia de Sietes, donde se ubica la Casa L&#8217;Horru. Reproducci\u00f3n de A. G.-O. Villaviciosa convierte los sos m\u00e1s de dos mil horros y paneres nun recursu tur\u00edsticu amest\u00e1u a la etnograf\u00eda. La construcci\u00f3n m\u00e1s antigua data de 1505 y alcu\u00e9ntrase na parroquia d&#8217;El Bustiu. Fonte: LNE Villaviciosa ye tierra d&#8217;horros. De pegollos, [&hellip;]<\/p>\n","protected":false},"author":117,"featured_media":0,"comment_status":"open","ping_status":"open","sticky":false,"template":"","format":"standard","meta":{"footnotes":""},"categories":[116],"tags":[],"class_list":["post-17447","post","type-post","status-publish","format-standard","hentry","category-horru"],"_links":{"self":[{"href":"https:\/\/edublog.educastur.es\/ixuxu\/wp-json\/wp\/v2\/posts\/17447","targetHints":{"allow":["GET"]}}],"collection":[{"href":"https:\/\/edublog.educastur.es\/ixuxu\/wp-json\/wp\/v2\/posts"}],"about":[{"href":"https:\/\/edublog.educastur.es\/ixuxu\/wp-json\/wp\/v2\/types\/post"}],"author":[{"embeddable":true,"href":"https:\/\/edublog.educastur.es\/ixuxu\/wp-json\/wp\/v2\/users\/117"}],"replies":[{"embeddable":true,"href":"https:\/\/edublog.educastur.es\/ixuxu\/wp-json\/wp\/v2\/comments?post=17447"}],"version-history":[{"count":2,"href":"https:\/\/edublog.educastur.es\/ixuxu\/wp-json\/wp\/v2\/posts\/17447\/revisions"}],"predecessor-version":[{"id":17449,"href":"https:\/\/edublog.educastur.es\/ixuxu\/wp-json\/wp\/v2\/posts\/17447\/revisions\/17449"}],"wp:attachment":[{"href":"https:\/\/edublog.educastur.es\/ixuxu\/wp-json\/wp\/v2\/media?parent=17447"}],"wp:term":[{"taxonomy":"category","embeddable":true,"href":"https:\/\/edublog.educastur.es\/ixuxu\/wp-json\/wp\/v2\/categories?post=17447"},{"taxonomy":"post_tag","embeddable":true,"href":"https:\/\/edublog.educastur.es\/ixuxu\/wp-json\/wp\/v2\/tags?post=17447"}],"curies":[{"name":"wp","href":"https:\/\/api.w.org\/{rel}","templated":true}]}}