{"id":17450,"date":"2023-03-20T08:28:54","date_gmt":"2023-03-20T06:28:54","guid":{"rendered":"https:\/\/edublog.educastur.es\/ixuxu\/?p=17450"},"modified":"2023-03-20T08:28:54","modified_gmt":"2023-03-20T06:28:54","slug":"empieza-la-primavera-y-los-dies-van-crecer-mas-de-dos-minutos-cada-xornada","status":"publish","type":"post","link":"https:\/\/edublog.educastur.es\/ixuxu\/2023\/03\/empieza-la-primavera-y-los-dies-van-crecer-mas-de-dos-minutos-cada-xornada\/","title":{"rendered":"Empieza la primavera y los d\u00edes van crecer m\u00e1s de dos minutos cada xornada"},"content":{"rendered":"<ul>\n<li><a href=\"https:\/\/www.lavozdeasturias.es\/noticia\/informacion\/2023\/03\/19\/primavera-comienza-lunes-dias-creceran-dos-minutos-jornada\/00031679224358185230875.htm?utm_source=facebook&amp;utm_medium=referral&amp;utm_campaign=fbgen_a\">Fonte: La Voz de Asturias \/ Empieza la primavera y los d\u00edes van crecer m\u00e1s de dos minutos cada xornada la voz<\/a><\/li>\n<\/ul>\n<p>La estaci\u00f3n estrena esti llunes a les 22.24 hores. Angua\u00f1o t\u00e1n previstos dos clises, unu de sol y otru de lluna, que nun s&#8217;apreciar\u00e1n dende Europa. El pr\u00f3ximu domingu la hora va adelantrase y va empezar a anochar m\u00e1s tarde.<\/p>\n<p style=\"text-align: center\"><a href=\"https:\/\/fotografias.lasexta.com\/clipping\/cmsimages01\/2023\/03\/15\/901A407A-D145-4B56-8BE0-EF3AAC02B989\/cuando-empieza-primavera-2023-despedimos-invierno_98.jpg?crop=5472,3079,x0,y289&amp;width=1900&amp;height=1069&amp;optimize=low&amp;format=webply\"><img loading=\"lazy\" decoding=\"async\" class=\"aligncenter size-full\" src=\"https:\/\/fotografias.lasexta.com\/clipping\/cmsimages01\/2023\/03\/15\/901A407A-D145-4B56-8BE0-EF3AAC02B989\/cuando-empieza-primavera-2023-despedimos-invierno_98.jpg?crop=5472,3079,x0,y289&amp;width=1900&amp;height=1069&amp;optimize=low&amp;format=webply\" width=\"1900\" height=\"1069\" \/><\/a><\/p>\n<p><!--more--><\/p>\n<p>Dos clises, unu de Sol y otru de Lluna, van destacar nel cielu d&#8217;esta primavera, que va empezar esti llunes a les 22:24 hora oficial peninsular y va allargase 92 d\u00edes y 18 hores, para terminar el 21 de xunu col empiezu del branu. Mientres la estaci\u00f3n, l&#8217;ecl\u00eds solar va tener llugar el 20 d&#8217;abril y va vese nel sudeste asi\u00e1ticu y Ocean\u00eda, ente que el de Lluna, de tipu penumbral, va asoceder el 5 de mayu y va poder reparase dende \u00c1frica, Asia y Ocean\u00eda, seg\u00fan c\u00e1lculos del <strong>Observatoriu Astron\u00f3micu Nacional (OAN).<\/strong><\/p>\n<p>Una caracter\u00edstica de la primavera ye&#8217;l llargor del d\u00eda, que allargase r\u00e1pido, y asina, <strong><span style=\"color: #008080\">acald\u00eda va amanecer un minutu primero que&#8217;l d\u00eda anterior, y pela tarde va anochar m\u00e1s d&#8217;un minutu dempu\u00e9s;<\/span><\/strong> Por tanto, dende l&#8217;empiezu de la estaci\u00f3n, el tiempu en que&#8217;l Sol ta percima del horizonte aumenta casi tr\u00e9s minutos acald\u00eda.<\/p>\n<p>L&#8217;entamu de les estaciones vien d\u00e1u polos intres nos que la Tierra atopa en determinaes posiciones na so \u00f3rbita alredor del Sol; nel casu del entamu de la primavera nel hemisferiu norte esta posici\u00f3n ye aquella en que la&#8217;l Sol, vistu dende la Tierra, crucia l&#8217;ecuador nel so movimientu escontra&#8217;l norte.<\/p>\n<p><span style=\"color: #008080\">El d\u00eda en qu&#8217;esto asocede la duraci\u00f3n del d\u00eda y la nueche pr\u00e1cticamente coinciden, denomin\u00e1u a esta circunstancia equinocciu de primavera.<\/span><\/p>\n<p><strong>CAMB\u00c9U D&#8217;HORA<\/strong><\/p>\n<p>El domingu 26 de marzu. Respectu al camb\u00e9u d&#8217;hora nesta estaci\u00f3n, y anque tantu&#8217;l Parlamentu Europ\u00e9u como la Comisi\u00f3n Europea pronunci\u00e1ronse a favor d&#8217;esaniciar los cambeos d&#8217;hora nel futuru, inda nun esiste una decisi\u00f3n definitiva al respeutu.<\/p>\n<p>Por ello, mientres angua\u00f1o va siguir a valir el tradicional camb\u00e9u que tien llugar l&#8217;\u00faltimu domingu de marzu: el 26 de marzu, a les 2:00 de la madrugada hora peninsular, adel\u00e1ntrense los rel\u00f3es una hora para marcar les 3:00 hores; Nes Isles Canaries, a la 1:00 hora de la madrugada van pasar a ser les 2:00 hores.<\/p>\n","protected":false},"excerpt":{"rendered":"<p>Fonte: La Voz de Asturias \/ Empieza la primavera y los d\u00edes van crecer m\u00e1s de dos minutos cada xornada la voz La estaci\u00f3n estrena esti llunes a les 22.24 hores. Angua\u00f1o t\u00e1n previstos dos clises, unu de sol y otru de lluna, que nun s&#8217;apreciar\u00e1n dende Europa. El pr\u00f3ximu domingu la hora va adelantrase [&hellip;]<\/p>\n","protected":false},"author":117,"featured_media":0,"comment_status":"open","ping_status":"open","sticky":false,"template":"","format":"standard","meta":{"footnotes":""},"categories":[46],"tags":[],"class_list":["post-17450","post","type-post","status-publish","format-standard","hentry","category-estaciones"],"_links":{"self":[{"href":"https:\/\/edublog.educastur.es\/ixuxu\/wp-json\/wp\/v2\/posts\/17450","targetHints":{"allow":["GET"]}}],"collection":[{"href":"https:\/\/edublog.educastur.es\/ixuxu\/wp-json\/wp\/v2\/posts"}],"about":[{"href":"https:\/\/edublog.educastur.es\/ixuxu\/wp-json\/wp\/v2\/types\/post"}],"author":[{"embeddable":true,"href":"https:\/\/edublog.educastur.es\/ixuxu\/wp-json\/wp\/v2\/users\/117"}],"replies":[{"embeddable":true,"href":"https:\/\/edublog.educastur.es\/ixuxu\/wp-json\/wp\/v2\/comments?post=17450"}],"version-history":[{"count":1,"href":"https:\/\/edublog.educastur.es\/ixuxu\/wp-json\/wp\/v2\/posts\/17450\/revisions"}],"predecessor-version":[{"id":17451,"href":"https:\/\/edublog.educastur.es\/ixuxu\/wp-json\/wp\/v2\/posts\/17450\/revisions\/17451"}],"wp:attachment":[{"href":"https:\/\/edublog.educastur.es\/ixuxu\/wp-json\/wp\/v2\/media?parent=17450"}],"wp:term":[{"taxonomy":"category","embeddable":true,"href":"https:\/\/edublog.educastur.es\/ixuxu\/wp-json\/wp\/v2\/categories?post=17450"},{"taxonomy":"post_tag","embeddable":true,"href":"https:\/\/edublog.educastur.es\/ixuxu\/wp-json\/wp\/v2\/tags?post=17450"}],"curies":[{"name":"wp","href":"https:\/\/api.w.org\/{rel}","templated":true}]}}