{"id":17454,"date":"2023-03-20T08:34:34","date_gmt":"2023-03-20T06:34:34","guid":{"rendered":"https:\/\/edublog.educastur.es\/ixuxu\/?p=17454"},"modified":"2023-03-25T13:45:16","modified_gmt":"2023-03-25T11:45:16","slug":"17454","status":"publish","type":"post","link":"https:\/\/edublog.educastur.es\/ixuxu\/2023\/03\/17454\/","title":{"rendered":"#21marzod\u00edainternacionaldelapoesia"},"content":{"rendered":"<p><span class=\"x193iq5w xeuugli x13faqbe x1vvkbs x1xmvt09 x1lliihq x1s928wv xhkezso x1gmr53x x1cpjm7i x1fgarty x1943h6x xudqn12 x3x7a5m x1f6kntn xvq8zen xo1l8bm xzsf02u x1yc453h\" dir=\"auto\">Ma\u00f1ana martes celebraremos el d\u00eda mundial de la poes\u00eda, con <a class=\"x1i10hfl xjbqb8w x6umtig x1b1mbwd xaqea5y xav7gou x9f619 x1ypdohk xt0psk2 xe8uvvx xdj266r x11i5rnm xat24cr x1mh8g0r xexx8yu x4uap5 x18d9i69 xkhd6sd x16tdsg8 x1hl2dhg xggy1nq x1a2a7pz xt0b8zv x1qq9wsj xo1l8bm\" role=\"link\" href=\"https:\/\/www.facebook.com\/pascual.ortiz.5030?__cft__[0]=AZWOCRV2fw3OLooL6izNvFxSQLscniJakcuOrQUPkuduYOk7BlOaRocXYPmDtM-l4HdEB6ey4V7UFGr-EcqZRKsxvYBJBUWcqdLDENVmBa5P7vwgdmMUM0Te1UVcqOU0XvPFNtBThmAvVZ59zxZpcbwL6Gfl4eWhgu5MrELXZjkXTsYv1izNjtRDsBb1PIB084_Raaizf05EaIVR3S7pKrOb&amp;__tn__=-]K-y-R\"><span class=\"xt0psk2\">Pascual Ortiz<\/span><\/a>, <a class=\"x1i10hfl xjbqb8w x6umtig x1b1mbwd xaqea5y xav7gou x9f619 x1ypdohk xt0psk2 xe8uvvx xdj266r x11i5rnm xat24cr x1mh8g0r xexx8yu x4uap5 x18d9i69 xkhd6sd x16tdsg8 x1hl2dhg xggy1nq x1a2a7pz xt0b8zv x1qq9wsj xo1l8bm\" role=\"link\" href=\"https:\/\/www.facebook.com\/azucena.cousoperez?__cft__[0]=AZWOCRV2fw3OLooL6izNvFxSQLscniJakcuOrQUPkuduYOk7BlOaRocXYPmDtM-l4HdEB6ey4V7UFGr-EcqZRKsxvYBJBUWcqdLDENVmBa5P7vwgdmMUM0Te1UVcqOU0XvPFNtBThmAvVZ59zxZpcbwL6Gfl4eWhgu5MrELXZjkXTsYv1izNjtRDsBb1PIB084_Raaizf05EaIVR3S7pKrOb&amp;__tn__=-]K-y-R\"><span class=\"xt0psk2\">Azucena Couso P\u00e9rez<\/span><\/a>, Javier Garc\u00eda Cellino, Kafka &amp; Co y <a class=\"x1i10hfl xjbqb8w x6umtig x1b1mbwd xaqea5y xav7gou x9f619 x1ypdohk xt0psk2 xe8uvvx xdj266r x11i5rnm xat24cr x1mh8g0r xexx8yu x4uap5 x18d9i69 xkhd6sd x16tdsg8 x1hl2dhg xggy1nq x1a2a7pz xt0b8zv x1qq9wsj xo1l8bm\" role=\"link\" href=\"https:\/\/www.facebook.com\/profile.php?id=100063471204012&amp;__cft__[0]=AZWOCRV2fw3OLooL6izNvFxSQLscniJakcuOrQUPkuduYOk7BlOaRocXYPmDtM-l4HdEB6ey4V7UFGr-EcqZRKsxvYBJBUWcqdLDENVmBa5P7vwgdmMUM0Te1UVcqOU0XvPFNtBThmAvVZ59zxZpcbwL6Gfl4eWhgu5MrELXZjkXTsYv1izNjtRDsBb1PIB084_Raaizf05EaIVR3S7pKrOb&amp;__tn__=-]K-y-R\"><span class=\"xt0psk2\">BajAmar editores<\/span><\/a><\/span><\/p>\n<p style=\"text-align: center\">\n<!-- iframe plugin v.6.0 wordpress.org\/plugins\/iframe\/ -->\n<iframe loading=\"lazy\" src=\"https:\/\/www.facebook.com\/plugins\/post.php?href=https%3A%2F%2Fwww.facebook.com%2Fdavid.fueyo%2Fposts%2Fpfbid02yo7admkjW15Mw79qL2RsK46q4KHigtsxdoNgwgAVNT5Mv5JeWv8hZkbqvLTRTeLkl&#038;show_text=false&#038;width=500\" width=\"500\" height=\"498\" style=\"border:none;overflow:hidden\" scrolling=\"no\" frameborder=\"0\" allowfullscreen=\"true\" allow=\"autoplay; clipboard-write; encrypted-media; picture-in-picture; web-share\" 0=\"\/iframe\" class=\"iframe-class\"><\/iframe>\n<\/p>\n<p><!--more--><\/p>\n<p style=\"text-align: center\">\n<!-- iframe plugin v.6.0 wordpress.org\/plugins\/iframe\/ -->\n<iframe loading=\"lazy\" src=\"https:\/\/www.facebook.com\/plugins\/post.php?href=https%3A%2F%2Fwww.facebook.com%2Fpermalink.php%3Fstory_fbid%3Dpfbid0Rq4AEJX412BYyQPkYNjw6pcVd9eGiDxC3S2oi2N9CT8gBpudk6EohP7kRriYkYE4l%26id%3D100079709828157&#038;show_text=true&#038;width=500\" width=\"500\" height=\"608\" style=\"border:none;overflow:hidden\" scrolling=\"no\" frameborder=\"0\" allowfullscreen=\"true\" allow=\"autoplay; clipboard-write; encrypted-media; picture-in-picture; web-share\" 0=\"\/iframe\" class=\"iframe-class\"><\/iframe>\n<\/p>\n<p style=\"text-align: center\">\n","protected":false},"excerpt":{"rendered":"<p>Ma\u00f1ana martes celebraremos el d\u00eda mundial de la poes\u00eda, con Pascual Ortiz, Azucena Couso P\u00e9rez, Javier Garc\u00eda Cellino, Kafka &amp; Co y BajAmar editores<\/p>\n","protected":false},"author":117,"featured_media":0,"comment_status":"open","ping_status":"open","sticky":false,"template":"","format":"standard","meta":{"footnotes":""},"categories":[39,144],"tags":[],"class_list":["post-17454","post","type-post","status-publish","format-standard","hentry","category-poesia","category-semana-de"],"_links":{"self":[{"href":"https:\/\/edublog.educastur.es\/ixuxu\/wp-json\/wp\/v2\/posts\/17454","targetHints":{"allow":["GET"]}}],"collection":[{"href":"https:\/\/edublog.educastur.es\/ixuxu\/wp-json\/wp\/v2\/posts"}],"about":[{"href":"https:\/\/edublog.educastur.es\/ixuxu\/wp-json\/wp\/v2\/types\/post"}],"author":[{"embeddable":true,"href":"https:\/\/edublog.educastur.es\/ixuxu\/wp-json\/wp\/v2\/users\/117"}],"replies":[{"embeddable":true,"href":"https:\/\/edublog.educastur.es\/ixuxu\/wp-json\/wp\/v2\/comments?post=17454"}],"version-history":[{"count":10,"href":"https:\/\/edublog.educastur.es\/ixuxu\/wp-json\/wp\/v2\/posts\/17454\/revisions"}],"predecessor-version":[{"id":17496,"href":"https:\/\/edublog.educastur.es\/ixuxu\/wp-json\/wp\/v2\/posts\/17454\/revisions\/17496"}],"wp:attachment":[{"href":"https:\/\/edublog.educastur.es\/ixuxu\/wp-json\/wp\/v2\/media?parent=17454"}],"wp:term":[{"taxonomy":"category","embeddable":true,"href":"https:\/\/edublog.educastur.es\/ixuxu\/wp-json\/wp\/v2\/categories?post=17454"},{"taxonomy":"post_tag","embeddable":true,"href":"https:\/\/edublog.educastur.es\/ixuxu\/wp-json\/wp\/v2\/tags?post=17454"}],"curies":[{"name":"wp","href":"https:\/\/api.w.org\/{rel}","templated":true}]}}