{"id":17487,"date":"2023-03-24T07:50:10","date_gmt":"2023-03-24T05:50:10","guid":{"rendered":"https:\/\/edublog.educastur.es\/ixuxu\/?p=17487"},"modified":"2023-03-26T21:23:47","modified_gmt":"2023-03-26T19:23:47","slug":"17487","status":"publish","type":"post","link":"https:\/\/edublog.educastur.es\/ixuxu\/2023\/03\/17487\/","title":{"rendered":"La osa asturiana sal de la osera tras l&#8217;iviernu con les sos cuatro cr\u00edes"},"content":{"rendered":"<div class=\"article-top-titles\">\n<div class=\"supra-title-container\">\n<h2 class=\"supra-title\">Fauna protexida<\/h2>\n<p style=\"text-align: center\"><a href=\"https:\/\/www.lavanguardia.com\/files\/image_948_465\/uploads\/2023\/03\/23\/641c61fabf940.jpeg\"><img loading=\"lazy\" decoding=\"async\" class=\"aligncenter size-full\" src=\"https:\/\/www.lavanguardia.com\/files\/image_948_465\/uploads\/2023\/03\/23\/641c61fabf940.jpeg\" width=\"948\" height=\"465\" \/><\/a><\/p>\n<p class=\"caption-title \" style=\"text-align: center\"><em>Detalles de los miembros de la familia numberosa de Belmonte,<\/em><br \/>\n<em> n&#8217;Asturies, enantes del per\u00edodu d&#8217;hibernaci\u00f3n. <span class=\"caption-author \">Fapas<\/span><\/em><\/p>\n<\/div>\n<\/div>\n<div class=\"epigraph-container\" data-gtm-element-container=\"modulo-texto-link\" data-mrf-recirculation=\"Ep\u00edgrafe noticia\">\n<ul>\n<li><a href=\"https:\/\/www.lavanguardia.com\/natural\/20230324\/8847860\/osa-asturiana-conocida-buena-madre-sale-osera-invierno-cuatro-crias.html?utm_medium=social&amp;utm_source=facebook&amp;utm_content=natural&amp;fbclid=IwAR2HsP3-lbtCYiJKMI2EyWcnsd_cHrRSmTqTU5c_Gq6nieDXdPz2I3yPiKg\">Fonte: La Vanguardia<\/a><\/li>\n<li>Fonte: <a href=\"https:\/\/www.fapas.es\/noticias\/la-madre-y-sus-4-crias-salen-de-la-osera?fbclid=IwAR1caiXqcBvYhE5g95pp3JDLWQhLdLO2z1gUhdWxOVONnatQpwqc70RVpDA\">FAPAS.es<\/a>\u00a0 \/<a href=\"https:\/\/www.fapas.es\/\"> FAPAS\u00a0<\/a> \/<a href=\"https:\/\/www.lne.es\/asturias\/2023\/03\/25\/gran-mama-oso-somiedo-saca-85165994.html\">LNE<\/a> \/<\/li>\n<li><a href=\"https:\/\/www.lavanguardia.com\/natural\/20230324\/8847860\/osa-asturiana-conocida-buena-madre-sale-osera-invierno-cuatro-crias.html?utm_medium=social&amp;utm_source=facebook&amp;utm_content=natural&amp;fbclid=IwAR2HsP3-lbtCYiJKMI2EyWcnsd_cHrRSmTqTU5c_Gq6nieDXdPz2I3yPiKg\"><span style=\"font-size: 16px\">La osa asturiana conocida como &#8216;la buena madre&#8217; sale de la osera tras el invierno con sus cuatro cr\u00edas<\/span><\/a><\/li>\n<\/ul>\n<ul>\n<li><a href=\"https:\/\/www.lavanguardia.com\/topics\/videos\/1bcaa529-c2dd-3e00-aaec-1033ae00b855\/caso-excepcional-primeras-imagenes-de-la-familia-de-cuatrillizos-de-osos-en-asturias\">VIDEU 3 d&#8217;ochobre 2022<\/a> \/<\/li>\n<li class=\"epigraph\">Fapas comprueba l&#8217;\u00e9situ reproductivu y de cuidaos d&#8217;una fema observada en Belmonte, Asturies<\/li>\n<\/ul>\n<p><!--more--><\/p>\n<\/div>\n<p style=\"text-align: center\" data-gtm-element-container=\"modulo-texto-link\"><img loading=\"lazy\" decoding=\"async\" class=\"alignnone size-full\" src=\"https:\/\/www.fapas.es\/images\/cabecera\/logo_fapas.png\" width=\"275\" height=\"64\" \/><\/p>\n<p style=\"text-align: center\" data-gtm-element-container=\"modulo-texto-link\"><a href=\"https:\/\/www.fapas.es\/ckeditor_assets\/pictures\/3497\/content_1.jpg\"><img loading=\"lazy\" decoding=\"async\" class=\"aligncenter size-full\" src=\"https:\/\/www.fapas.es\/ckeditor_assets\/pictures\/3497\/content_1.jpg\" width=\"709\" height=\"607\" \/><\/a><\/p>\n<p>El pas\u00e1u mes de payares, Roberto Harts\u00e1nchez, presidente del<strong><span style=\"color: #008080\"> Fapas (Fondu para la Protecci\u00f3n de los Animales Selvaxes)<\/span><\/strong>, dio&#8217;l nome de \u00abla bona madre\u00bb a la osa de los montes de Belmonte (Asturies) que pariera y criara con \u00e9situ una camada de cuatro esbardos.<\/p>\n<p>Madre y cr\u00edes fueron filmadas el 3 d&#8217;ochobre de 2022, nel primer documentu gr\u00e1ficos calidable d&#8217;una familia d&#8217;osos d&#8217;estes dimensiones. \u00abYe&#8217;l primer casu olde\u00e1u n&#8217;Espa\u00f1a, documentado con imaxes, d&#8217;una osa con cuatro cr\u00edes guapes y llozanes\u00bb, resum\u00eda Hartas\u00e1nchez en declaraciones a esti diariu.<\/p>\n<p>Agora, Fapas pudo comprobar que la familia numberosa de Belmonte super\u00f3 con \u00e9situ l&#8217;iviernu y sal\u00edu de la osera para aprovechar los primeros alimentos primaverales.<\/p>\n<p>La primer imaxe captada tres la envern\u00eda nun ye de gran calid\u00e1 pero dexa cuntar a los miembros de la familia y comprobar que toos ellos sobrevivieron, una noticia importante para&#8217;l conxuntu de la poblaci\u00f3n osera cant\u00e1brica y -coles mesmes- un finxu nel siguimientu d&#8217;estos animales. Como se va recordar, la cr\u00eda esitosa de cuatro esbardos n&#8217;una mesma camada ye bien pocu avez\u00e1u y la supervivencia de toos ellos cuenta como bien pocos precedentes conoc\u00edos.<\/p>\n<p>\u00abD&#8217;equ\u00ed p&#8217;arriba, l&#8217;alimentaci\u00f3n de los cuatro cr\u00edes ent\u00e1 va depender enforma de la madre de la que van mamar la so lleche, suponiendo un gran esfuerzu que debe de ser compens\u00e1u con una bona alimentaci\u00f3n\u00bb, esplica Fapas n&#8217;una rese\u00f1a de presentaci\u00f3n de la imaxe.<\/p>\n<p>Buscando alimentos<\/p>\n<p>\u00abTamos ent\u00e1 nun periodu d&#8217;escasa presencia d&#8217;alimentos como frutes o insectos. Ye xusto agora cuando a estes madres ye-yos de gran importancia&#8217;l consumu de prote\u00ednes que con muncha frecuencia llogren nel monte de los cadabres de los animales selvaxes que morrieron mientres l&#8217;iviernu y queden cubiertos pola nieve, calteni\u00e9ndose hasta que&#8217;l destemple afayar y son alcontraos polos osos\u00bb, indica esta entid\u00e1 pionera nel estudiu y protecci\u00f3n de la fauna polo xeneral y los osos en particular.<\/p>\n<p>A falta de frutos y otros alimentos frescos, \u00abel consumu de carro\u00f1as ye vital nestos momentos para la supervivencia d&#8217;esta familia d&#8217;osos, polo que tami\u00e9n ye habitual que s&#8217;averen a llugares onde morri\u00f3 tami\u00e9n gan\u00e1u dom\u00e9sticu, desenterrando animales muertos por causes naturales\u00bb, esplica Fapas.<\/p>\n<blockquote><p>La osa de Belmonte, am\u00e1s de \u00abla bona madre\u00bb, gan\u00f3se&#8217;l nomatu de \u00abescelente\u00bb.<\/p><\/blockquote>\n<p style=\"text-align: center\"><span style=\"color: #008080\">\u00abNativid\u00e1\u00bb, la gran ma oso de Somiedu: saca adelantre cuatro cr\u00edes tres el duru iviernu.<br \/>\nEl partu m\u00faltiple de la fema foi tou un finxu nel Cordal Cant\u00e1brica.<\/span><\/p>\n<p>Somiedu gan\u00f3se a pulsu el t\u00edtulu de para\u00edsu oseru y los fechos asina lu demuestren. Nel Parque Natural la primavera lleg\u00f3 con una escelente noticia para la especie: los cuatro cr\u00edes d&#8217;esbardu que nacieron la pasada seronda salieron de la so osera dempu\u00e9s de pasar l&#8217;iviernu n&#8217;aparente bon est\u00e1u al pie de la so madre.<\/p>\n<p>Asina lo anunci\u00f3&#8217;l <span style=\"color: #008080\"><strong>FAPAS<\/strong><\/span> (<strong><span style=\"color: #008080\">Fondu de Protecci\u00f3n d&#8217;Animales Selvaxes<\/span><\/strong>) n&#8217;alcontrando a la singular familia pelos montes somedanos. \u00abYe una escelente madre\u00bb, aseguren na asociaci\u00f3n. Y ye qu&#8217;onde y\u00e1 nun ye frecuente&#8217;l partu m\u00faltiple que se produci\u00f3 \u2013ye tou un finxu nel Cordal Cant\u00e1bricu\u2013, menos lo ye que sobrevivan toles cr\u00edes. Pero nesti casu hebo fechu y hai imaxes que la constaten tomaes pol FAPAS. \u00abTantu la madre como les cr\u00edes t\u00e1n en perfectu est\u00e1u\u00bb, aseguren.<\/p>\n<p style=\"text-align: center\">\n","protected":false},"excerpt":{"rendered":"<p>Fauna protexida Detalles de los miembros de la familia numberosa de Belmonte, n&#8217;Asturies, enantes del per\u00edodu d&#8217;hibernaci\u00f3n. Fapas Fonte: La Vanguardia Fonte: FAPAS.es\u00a0 \/ FAPAS\u00a0 \/LNE \/ La osa asturiana conocida como &#8216;la buena madre&#8217; sale de la osera tras el invierno con sus cuatro cr\u00edas VIDEU 3 d&#8217;ochobre 2022 \/ Fapas comprueba l&#8217;\u00e9situ reproductivu [&hellip;]<\/p>\n","protected":false},"author":117,"featured_media":0,"comment_status":"open","ping_status":"open","sticky":false,"template":"","format":"standard","meta":{"footnotes":""},"categories":[4],"tags":[],"class_list":["post-17487","post","type-post","status-publish","format-standard","hentry","category-natura"],"_links":{"self":[{"href":"https:\/\/edublog.educastur.es\/ixuxu\/wp-json\/wp\/v2\/posts\/17487","targetHints":{"allow":["GET"]}}],"collection":[{"href":"https:\/\/edublog.educastur.es\/ixuxu\/wp-json\/wp\/v2\/posts"}],"about":[{"href":"https:\/\/edublog.educastur.es\/ixuxu\/wp-json\/wp\/v2\/types\/post"}],"author":[{"embeddable":true,"href":"https:\/\/edublog.educastur.es\/ixuxu\/wp-json\/wp\/v2\/users\/117"}],"replies":[{"embeddable":true,"href":"https:\/\/edublog.educastur.es\/ixuxu\/wp-json\/wp\/v2\/comments?post=17487"}],"version-history":[{"count":8,"href":"https:\/\/edublog.educastur.es\/ixuxu\/wp-json\/wp\/v2\/posts\/17487\/revisions"}],"predecessor-version":[{"id":17576,"href":"https:\/\/edublog.educastur.es\/ixuxu\/wp-json\/wp\/v2\/posts\/17487\/revisions\/17576"}],"wp:attachment":[{"href":"https:\/\/edublog.educastur.es\/ixuxu\/wp-json\/wp\/v2\/media?parent=17487"}],"wp:term":[{"taxonomy":"category","embeddable":true,"href":"https:\/\/edublog.educastur.es\/ixuxu\/wp-json\/wp\/v2\/categories?post=17487"},{"taxonomy":"post_tag","embeddable":true,"href":"https:\/\/edublog.educastur.es\/ixuxu\/wp-json\/wp\/v2\/tags?post=17487"}],"curies":[{"name":"wp","href":"https:\/\/api.w.org\/{rel}","templated":true}]}}