{"id":17609,"date":"2023-03-23T10:00:21","date_gmt":"2023-03-23T08:00:21","guid":{"rendered":"https:\/\/edublog.educastur.es\/ixuxu\/?p=17609"},"modified":"2023-03-26T22:10:16","modified_gmt":"2023-03-26T20:10:16","slug":"les-sableres-mas-guapes-dasturies","status":"publish","type":"post","link":"https:\/\/edublog.educastur.es\/ixuxu\/2023\/03\/les-sableres-mas-guapes-dasturies\/","title":{"rendered":"Les sableres m\u00e1s guapes d&#8217;Asturies"},"content":{"rendered":"<ul>\n<li>Fonte:<a href=\"https:\/\/viajar.elperiodico.com\/escapate_cerca\/playas-bonitas-asturias-paseo-belleza-85011625?utm_source=facebook&amp;utm_medium=social&amp;utm_campaign=dogtrack\"> Revista Viaxar. El Peri\u00f3dio.com<\/a> \/Antonio Garc\u00eda<\/li>\n<\/ul>\n<p style=\"text-align: center\"><a href=\"https:\/\/estaticos-cdn.prensaiberica.es\/clip\/eafabddf-1119-46a4-b623-4b8b514d22ff_source-aspect-ratio_default_0.jpg\"><img loading=\"lazy\" decoding=\"async\" class=\"aligncenter size-full\" src=\"https:\/\/estaticos-cdn.prensaiberica.es\/clip\/eafabddf-1119-46a4-b623-4b8b514d22ff_source-aspect-ratio_default_0.jpg\" width=\"2000\" height=\"1333\" \/><\/a><\/p>\n<p>Les sableres m\u00e1s guapes d&#8217;Asturies, un pas\u00e9u por una guapura sorprendente. Asturies cunta con 272 kil\u00f3metros de mari\u00f1a con sableres de too tipu. Nelles podemos gociar de sable finu y blanca, pero tami\u00e9n de formosos pedregales. Visitales non solo ay\u00fadanos a conocer el princip\u00e1u, sin\u00f3n que ye una forma d&#8217;esfrutar de la naturaleza y del mar cant\u00e1bricu. Para saber por \u00f3nde entamar, nada meyor que dir a estes que vos suxurimos.<\/p>\n<p><strong><span style=\"color: #008080\"><!--more--><\/span><\/strong><\/p>\n<p style=\"text-align: center\"><span style=\"font-size: 20px\"><strong><span style=\"color: #008080\">Sablera de Cueves del Mar<\/span><\/strong><\/span><\/p>\n<p>Destaca por un paisaxe que va camudando seg\u00fan xubi o baxa la marea. Cuando l&#8217;agua recula, queden a la vista gran cantid\u00e1 de cu\u00e9vanos covanosos nos cantiles. Esti espect\u00e1culu non solo puede contemplase de llue\u00f1e, sin\u00f3n que podemos caminar ente dalgunes. Coles mesmes, la sablera ta metanes la naturaleza, arrodiada de vexetaci\u00f3n y monte.<\/p>\n<p>Tami\u00e9n destaca l&#8217;ampliu arenal dor\u00e1u que cubre esta sablera y qu&#8217;ufierta al ba\u00f1ista cientos de metros nos que baltase. Cuando&#8217;l mar baxa, ye posible aportar a cala Villanueva, que s&#8217;atopa frente a la de Cueves del Mar. En cuanto al est\u00e1u de l&#8217;agua, la tranquilid\u00e1 ye la nota predominante porque la zona ta encastr\u00e1 ente cantiles.<\/p>\n<p>&nbsp;<\/p>\n<p style=\"text-align: center\"><a href=\"https:\/\/estaticos-cdn.prensaiberica.es\/clip\/2929cd7f-0a1b-4a42-96c0-71414a53f061_media-libre-aspect-ratio_default_0.jpg\"><img loading=\"lazy\" decoding=\"async\" class=\"aligncenter size-full\" src=\"https:\/\/estaticos-cdn.prensaiberica.es\/clip\/2929cd7f-0a1b-4a42-96c0-71414a53f061_media-libre-aspect-ratio_default_0.jpg\" width=\"660\" height=\"440\" \/><\/a><br \/>\n<span style=\"font-size: 20px\"><strong><span style=\"color: #008080\">Sablera del Silenciu<\/span><\/strong><\/span><\/p>\n<p>La sablera, que s&#8217;atopa abargana de Cuideiru, amuesa un aspeutu pimpanu. Tr\u00e1tase d&#8217;una media lluna de sable flanqueada por cantiles, lo que la protexe del aguaxe y aumenta la so guapura. Si queremos esfrutar d&#8217;un pocu de tranquilid\u00e1, ye&#8217;l llugar fayadizu. Apenes s&#8217;oi ruiu dalguno, frutu de la singular composici\u00f3n xeogr\u00e1fica.<\/p>\n<p>Daes estes caracter\u00edstiques, la sablera ye un dest\u00edn familiar de primer orde pola segurid\u00e1 qu&#8217;ufierta. Los ne\u00f1os pueden esfrutar d&#8217;un ba\u00f1u ensin respigos, anque siempres cola debida vixilancia. Otra caracter\u00edstica que cabo destacar ye l&#8217;aspeutu selvaxe de cales y la presencia de gravilla en llugar de sable. Por suerte, y magar los cantiles, los accesos t\u00e1n pavimentados y disponen de barandielles.<\/p>\n<p style=\"text-align: center\"><a href=\"https:\/\/estaticos-cdn.prensaiberica.es\/clip\/c356161d-6f9e-4efb-af4c-0ac578fa582c_media-libre-aspect-ratio_default_0.jpg\"><img loading=\"lazy\" decoding=\"async\" class=\"aligncenter size-full\" src=\"https:\/\/estaticos-cdn.prensaiberica.es\/clip\/c356161d-6f9e-4efb-af4c-0ac578fa582c_media-libre-aspect-ratio_default_0.jpg\" width=\"660\" height=\"442\" \/><\/a><\/p>\n<p style=\"text-align: center\"><strong><span style=\"color: #008080;font-size: 20px\">Sablera de Bozo<\/span><\/strong><\/p>\n<p>Esta ye xuna sablera que mide 200 metros de llau a llau y el so aspeutu ye de los m\u00e1s selvaxes del Princip\u00e1u. La vexetaci\u00f3n arrodiar casi por completu, lo que-y vali\u00f3&#8217;l reconocencia como Paisaxe Protex\u00edu de la Mari\u00f1a Occidental d&#8217;Asturies. Ye un dest\u00edn d&#8217;esceici\u00f3n tanto p&#8217;amantes de la naturaleza como de l&#8217;aventura.<\/p>\n<p>Magar la so guapura, la sablera nun dispon de servicios y el so accesu resulta dif\u00edcil, polo que s&#8217;encamienta precuru. Sicas\u00ed, la so agua de color turquesa, la cercan\u00eda d&#8217;una cueva y de un xacimientu arqueol\u00f3xicu faen que mereza la pena l&#8217;esfuerzu. Poques sableres combinen les caracter\u00edstiques d&#8217;esta cala y amuesalo con tanta fuerza.<\/p>\n<p style=\"text-align: center\"><a href=\"https:\/\/estaticos-cdn.prensaiberica.es\/clip\/98d91685-612c-40cd-bbb5-b52cebed257f_media-libre-aspect-ratio_default_0.jpg\"><img loading=\"lazy\" decoding=\"async\" class=\"aligncenter size-full\" src=\"https:\/\/estaticos-cdn.prensaiberica.es\/clip\/98d91685-612c-40cd-bbb5-b52cebed257f_media-libre-aspect-ratio_default_0.jpg\" width=\"660\" height=\"719\" \/><\/a><\/p>\n<p style=\"text-align: center\">\u00a0<span style=\"font-size: 20px\"><strong><span style=\"color: #008080\">Sablera de Gulpiyuri.<\/span><\/strong><\/span><\/p>\n<p>Esta sablera presenta xuna forma bien interesada, y\u00e1 que ye circular y at\u00f3pase allo\u00f1ada unos metros de la mari\u00f1a. Sicas\u00ed, l&#8217;agua del mar consigui\u00f3 colase tierra adientro y provocar esti escepcional accidente xeogr\u00e1ficu. Por cuenta de xuna cueva que se derrumb\u00f3, la calar qued\u00f3 aisllada, anque nun fren\u00f3&#8217;l pasu de l&#8217;agua que vien y va coles marees.<\/p>\n<p>La sablera ye \u00fanica en tola xeograf\u00eda asturiana. Eso s\u00ed, la so agua ta fr\u00eda mientres tol a\u00f1u, polo que ye ideal visitala pel branu. D\u00e1u&#8217;l so aspeutu singular, forma parte del cat\u00e1logu de Monumentos Naturales y n&#8217;ocasiones llega a quedar vacida. Esto debe a un fen\u00f3menu conoc\u00edu como desaguadoriu, que se produz mientres la baxa mar.<\/p>\n<p>&nbsp;<\/p>\n<p>&nbsp;<\/p>\n","protected":false},"excerpt":{"rendered":"<p>Fonte: Revista Viaxar. El Peri\u00f3dio.com \/Antonio Garc\u00eda Les sableres m\u00e1s guapes d&#8217;Asturies, un pas\u00e9u por una guapura sorprendente. Asturies cunta con 272 kil\u00f3metros de mari\u00f1a con sableres de too tipu. Nelles podemos gociar de sable finu y blanca, pero tami\u00e9n de formosos pedregales. Visitales non solo ay\u00fadanos a conocer el princip\u00e1u, sin\u00f3n que ye una [&hellip;]<\/p>\n","protected":false},"author":117,"featured_media":0,"comment_status":"open","ping_status":"open","sticky":false,"template":"","format":"standard","meta":{"footnotes":""},"categories":[93],"tags":[],"class_list":["post-17609","post","type-post","status-publish","format-standard","hentry","category-sableres"],"_links":{"self":[{"href":"https:\/\/edublog.educastur.es\/ixuxu\/wp-json\/wp\/v2\/posts\/17609","targetHints":{"allow":["GET"]}}],"collection":[{"href":"https:\/\/edublog.educastur.es\/ixuxu\/wp-json\/wp\/v2\/posts"}],"about":[{"href":"https:\/\/edublog.educastur.es\/ixuxu\/wp-json\/wp\/v2\/types\/post"}],"author":[{"embeddable":true,"href":"https:\/\/edublog.educastur.es\/ixuxu\/wp-json\/wp\/v2\/users\/117"}],"replies":[{"embeddable":true,"href":"https:\/\/edublog.educastur.es\/ixuxu\/wp-json\/wp\/v2\/comments?post=17609"}],"version-history":[{"count":2,"href":"https:\/\/edublog.educastur.es\/ixuxu\/wp-json\/wp\/v2\/posts\/17609\/revisions"}],"predecessor-version":[{"id":17611,"href":"https:\/\/edublog.educastur.es\/ixuxu\/wp-json\/wp\/v2\/posts\/17609\/revisions\/17611"}],"wp:attachment":[{"href":"https:\/\/edublog.educastur.es\/ixuxu\/wp-json\/wp\/v2\/media?parent=17609"}],"wp:term":[{"taxonomy":"category","embeddable":true,"href":"https:\/\/edublog.educastur.es\/ixuxu\/wp-json\/wp\/v2\/categories?post=17609"},{"taxonomy":"post_tag","embeddable":true,"href":"https:\/\/edublog.educastur.es\/ixuxu\/wp-json\/wp\/v2\/tags?post=17609"}],"curies":[{"name":"wp","href":"https:\/\/api.w.org\/{rel}","templated":true}]}}