{"id":17742,"date":"2023-03-20T10:00:37","date_gmt":"2023-03-20T08:00:37","guid":{"rendered":"https:\/\/edublog.educastur.es\/ixuxu\/?p=17742"},"modified":"2023-03-31T12:51:32","modified_gmt":"2023-03-31T10:51:32","slug":"la-causa-de-la-forma-de-seis-cares-dun-copito-de-nieve","status":"publish","type":"post","link":"https:\/\/edublog.educastur.es\/ixuxu\/2023\/03\/la-causa-de-la-forma-de-seis-cares-dun-copito-de-nieve\/","title":{"rendered":"La causa de la forma de seis cares d&#8217;un copito de nieve"},"content":{"rendered":"<p style=\"text-align: center\">\n<!-- iframe plugin v.6.0 wordpress.org\/plugins\/iframe\/ -->\n<iframe loading=\"lazy\" src=\"https:\/\/www.facebook.com\/plugins\/post.php?href=https%3A%2F%2Fwww.facebook.com%2Frobertedwardgrant%2Fposts%2Fpfbid02H1r9NvJNTwFjG9dTbP9bUWpAmzBWgmEjyh25fPssk8nHw1Xp1DM1jUM751eSYM6Bl&#038;show_text=false&#038;width=500\" width=\"500\" height=\"395\" style=\"border:none;overflow:hidden\" scrolling=\"no\" frameborder=\"0\" allowfullscreen=\"true\" allow=\"autoplay; clipboard-write; encrypted-media; picture-in-picture; web-share\" 0=\"\/iframe\" class=\"iframe-class\"><\/iframe>\n<\/p>\n<blockquote><p>&nbsp;<\/p>\n<p><em><span style=\"color: #008080\">\u00abLa causa de la forma de seis cares d&#8217;un copito\/falopu de nieve nun ye otra que la de les formes ordenaes de les plantes y de les constantes numb\u00e9riques; y cuidao que nelles nada asocede ensin la raz\u00f3n suprema\u2014non, seguro, como&#8217;l razonamientu discursivu afaya, sin\u00f3n tales como esistieron dende&#8217;l primeru nel Dise\u00f1u de los ceadores y caltiense dende esi orixe hasta&#8217;l d\u00eda de g\u00fcei na maraviyosa naturaleza de les facultaes animales, nun creo que nin nun falopu de nieve esista al azar esti patr\u00f3n orden\u00e1u\u00bb<\/span><\/em>. Johannes Kepler<\/p><\/blockquote>\n","protected":false},"excerpt":{"rendered":"<p>&nbsp; \u00abLa causa de la forma de seis cares d&#8217;un copito\/falopu de nieve nun ye otra que la de les formes ordenaes de les plantes y de les constantes numb\u00e9riques; y cuidao que nelles nada asocede ensin la raz\u00f3n suprema\u2014non, seguro, como&#8217;l razonamientu discursivu afaya, sin\u00f3n tales como esistieron dende&#8217;l primeru nel Dise\u00f1u de los [&hellip;]<\/p>\n","protected":false},"author":117,"featured_media":0,"comment_status":"open","ping_status":"open","sticky":false,"template":"","format":"standard","meta":{"footnotes":""},"categories":[25,4],"tags":[],"class_list":["post-17742","post","type-post","status-publish","format-standard","hentry","category-curiosidaes","category-natura"],"_links":{"self":[{"href":"https:\/\/edublog.educastur.es\/ixuxu\/wp-json\/wp\/v2\/posts\/17742","targetHints":{"allow":["GET"]}}],"collection":[{"href":"https:\/\/edublog.educastur.es\/ixuxu\/wp-json\/wp\/v2\/posts"}],"about":[{"href":"https:\/\/edublog.educastur.es\/ixuxu\/wp-json\/wp\/v2\/types\/post"}],"author":[{"embeddable":true,"href":"https:\/\/edublog.educastur.es\/ixuxu\/wp-json\/wp\/v2\/users\/117"}],"replies":[{"embeddable":true,"href":"https:\/\/edublog.educastur.es\/ixuxu\/wp-json\/wp\/v2\/comments?post=17742"}],"version-history":[{"count":3,"href":"https:\/\/edublog.educastur.es\/ixuxu\/wp-json\/wp\/v2\/posts\/17742\/revisions"}],"predecessor-version":[{"id":17745,"href":"https:\/\/edublog.educastur.es\/ixuxu\/wp-json\/wp\/v2\/posts\/17742\/revisions\/17745"}],"wp:attachment":[{"href":"https:\/\/edublog.educastur.es\/ixuxu\/wp-json\/wp\/v2\/media?parent=17742"}],"wp:term":[{"taxonomy":"category","embeddable":true,"href":"https:\/\/edublog.educastur.es\/ixuxu\/wp-json\/wp\/v2\/categories?post=17742"},{"taxonomy":"post_tag","embeddable":true,"href":"https:\/\/edublog.educastur.es\/ixuxu\/wp-json\/wp\/v2\/tags?post=17742"}],"curies":[{"name":"wp","href":"https:\/\/api.w.org\/{rel}","templated":true}]}}