{"id":1781,"date":"2020-12-12T14:54:43","date_gmt":"2020-12-12T12:54:43","guid":{"rendered":"https:\/\/edublog.educastur.es\/ixuxu\/?p=1781"},"modified":"2021-01-05T18:52:22","modified_gmt":"2021-01-05T16:52:22","slug":"alianza-celta","status":"publish","type":"post","link":"https:\/\/edublog.educastur.es\/ixuxu\/2020\/12\/alianza-celta\/","title":{"rendered":"Alianza Celta"},"content":{"rendered":"<div dir=\"auto\"><\/div>\n<div dir=\"auto\"><img loading=\"lazy\" decoding=\"async\" class=\"aligncenter wp-image-1783\" src=\"http:\/\/edublog.educastur.es\/ixuxu\/files\/2020\/12\/ligacelta.jpg\" alt=\"\" width=\"279\" height=\"168\" srcset=\"https:\/\/edublog.educastur.es\/ixuxu\/files\/2020\/12\/ligacelta.jpg 960w, https:\/\/edublog.educastur.es\/ixuxu\/files\/2020\/12\/ligacelta-300x180.jpg 300w, https:\/\/edublog.educastur.es\/ixuxu\/files\/2020\/12\/ligacelta-768x461.jpg 768w, https:\/\/edublog.educastur.es\/ixuxu\/files\/2020\/12\/ligacelta-500x300.jpg 500w\" sizes=\"auto, (max-width: 279px) 100vw, 279px\" \/><\/div>\n<div class=\"\" dir=\"auto\">\n<div class=\"\" dir=\"auto\">\n<div class=\"ecm0bbzt hv4rvrfc ihqw7lf3 dati1w0a\" data-ad-comet-preview=\"message\" data-ad-preview=\"message\">\n<div class=\"j83agx80 cbu4d94t ew0dbk1b irj2b8pg\">\n<div class=\"qzhwtbm6 knvmm38d\">\n<div class=\"kvgmc6g5 cxmmr5t8 oygrvhab hcukyx3x c1et5uql ii04i59q\">\n<div dir=\"auto\"><\/div>\n<div dir=\"auto\">La <span style=\"color: #008080\"><strong>Lliga Celta d&#8217;Asturies<\/strong><\/span> en xuntanza con otres organizaciones, entidaes y persones d&#8217;otres naciones celtes del noroeste entamamos un proyeutu de di\u00e1logu so la creaci\u00f3n d&#8217;una plataforma de naciones celtes a la que-y punximos el nome d&#8217;<span style=\"color: #008080\"><strong>Alianza Celt<\/strong><\/span>a; y un de los pasos que ya ficimos ye dise\u00f1ar una bandera de les naciones celtes. <a href=\"https:\/\/lligaceltadasturies.wordpress.com\/naciones-celtes-celtic-nations\/\"><span style=\"text-decoration: underline\"><em><span style=\"color: #008080;text-decoration: underline\">Naciones celtes.<\/span><\/em><\/span><\/a><\/div>\n<div dir=\"auto\">\n<p><!--more--><\/p>\n<\/div>\n<div dir=\"auto\">Como pod\u00e9is ver tien un fondu verdi que simboliza la tierra de les naciones celtes, <span style=\"color: #008080\"><strong>un triskel comu s\u00edmbolu com\u00fan a toles naciones celtes<\/strong><\/span>dientru d&#8217;un c\u00edrculu que simboliza&#8217;l tou; alrodiu d&#8217;esti s\u00edmbolu hai delles estrelles que simbolicen les naciones celtes: <strong>Alba, Asturies, Breizh, Cantabria, Cymru, Cumbria, \u00c9ire, Ellan Vannin, Ergyng, Galicia, Kernow, Pa\u00eds Llion\u00e9s, Portual y Wallonie.<\/strong><\/div>\n<\/div>\n<ul>\n<li><a href=\"https:\/\/www.facebook.com\/LligaCeltadAsturies\">Liga Celta Asturies Facebook<\/a><\/li>\n<li><a href=\"https:\/\/lligaceltadasturies.wordpress.com\/\">Web Liga Celta d\u00b4Asturies<\/a><\/li>\n<\/ul>\n<div class=\"kvgmc6g5 cxmmr5t8 oygrvhab hcukyx3x c1et5uql ii04i59q\">\n<div dir=\"auto\">\n<div dir=\"auto\"><img loading=\"lazy\" decoding=\"async\" class=\"alignleft \" src=\"https:\/\/lligaceltadasturies.files.wordpress.com\/2019\/07\/llogu_final.jpg?w=600&amp;h=580\" width=\"187\" height=\"181\" \/><\/div>\n<\/div>\n<\/div>\n<\/div>\n<\/div>\n<\/div>\n<\/div>\n<\/div>\n<p><img loading=\"lazy\" decoding=\"async\" class=\"alignleft size-full\" src=\"https:\/\/3.bp.blogspot.com\/_oSyxCgEEWRM\/S2a5BxwbSbI\/AAAAAAAAABo\/O4AGDHsx0EE\/w1200-h630-p-k-no-nu\/banderas.JPG\" width=\"409\" height=\"232\" \/><\/p>\n<p>&nbsp;<\/p>\n<p>&nbsp;<\/p>\n<p>&nbsp;<\/p>\n<p>&nbsp;<\/p>\n<p>&nbsp;<\/p>\n<p>&nbsp;<\/p>\n<p>&nbsp;<\/p>\n<p><img loading=\"lazy\" decoding=\"async\" class=\"alignleft size-full\" src=\"https:\/\/pbs.twimg.com\/media\/EDIudShXUAA-4Wq.jpg\" width=\"1200\" height=\"800\" \/><\/p>\n<div dir=\"auto\"><img loading=\"lazy\" decoding=\"async\" class=\"alignleft size-full\" src=\"https:\/\/i.pinimg.com\/736x\/6b\/f3\/c1\/6bf3c1cfaa46c5e5100158b1666df668.jpg\" width=\"572\" height=\"1024\" \/><\/div>\n","protected":false},"excerpt":{"rendered":"<p>La Lliga Celta d&#8217;Asturies en xuntanza con otres organizaciones, entidaes y persones d&#8217;otres naciones celtes del noroeste entamamos un proyeutu de di\u00e1logu so la creaci\u00f3n d&#8217;una plataforma de naciones celtes a la que-y punximos el nome d&#8217;Alianza Celta; y un de los pasos que ya ficimos ye dise\u00f1ar una bandera de les naciones celtes. Naciones [&hellip;]<\/p>\n","protected":false},"author":117,"featured_media":0,"comment_status":"closed","ping_status":"open","sticky":false,"template":"","format":"standard","meta":{"footnotes":""},"categories":[1],"tags":[],"class_list":["post-1781","post","type-post","status-publish","format-standard","hentry","category-sin-categoria"],"_links":{"self":[{"href":"https:\/\/edublog.educastur.es\/ixuxu\/wp-json\/wp\/v2\/posts\/1781","targetHints":{"allow":["GET"]}}],"collection":[{"href":"https:\/\/edublog.educastur.es\/ixuxu\/wp-json\/wp\/v2\/posts"}],"about":[{"href":"https:\/\/edublog.educastur.es\/ixuxu\/wp-json\/wp\/v2\/types\/post"}],"author":[{"embeddable":true,"href":"https:\/\/edublog.educastur.es\/ixuxu\/wp-json\/wp\/v2\/users\/117"}],"replies":[{"embeddable":true,"href":"https:\/\/edublog.educastur.es\/ixuxu\/wp-json\/wp\/v2\/comments?post=1781"}],"version-history":[{"count":5,"href":"https:\/\/edublog.educastur.es\/ixuxu\/wp-json\/wp\/v2\/posts\/1781\/revisions"}],"predecessor-version":[{"id":1935,"href":"https:\/\/edublog.educastur.es\/ixuxu\/wp-json\/wp\/v2\/posts\/1781\/revisions\/1935"}],"wp:attachment":[{"href":"https:\/\/edublog.educastur.es\/ixuxu\/wp-json\/wp\/v2\/media?parent=1781"}],"wp:term":[{"taxonomy":"category","embeddable":true,"href":"https:\/\/edublog.educastur.es\/ixuxu\/wp-json\/wp\/v2\/categories?post=1781"},{"taxonomy":"post_tag","embeddable":true,"href":"https:\/\/edublog.educastur.es\/ixuxu\/wp-json\/wp\/v2\/tags?post=1781"}],"curies":[{"name":"wp","href":"https:\/\/api.w.org\/{rel}","templated":true}]}}