{"id":17842,"date":"2023-04-06T15:01:04","date_gmt":"2023-04-06T13:01:04","guid":{"rendered":"https:\/\/edublog.educastur.es\/ixuxu\/?p=17842"},"modified":"2023-04-14T21:48:49","modified_gmt":"2023-04-14T19:48:49","slug":"ya-hai-cartelu-paral-diadellibru-2023","status":"publish","type":"post","link":"https:\/\/edublog.educastur.es\/ixuxu\/2023\/04\/ya-hai-cartelu-paral-diadellibru-2023\/","title":{"rendered":"Y\u00e1 hai cartelu para&#8217;l #D\u00edadelLibru 2023"},"content":{"rendered":"<div class=\"\" dir=\"auto\">\n<div class=\"\" dir=\"auto\">\n<div class=\"x1iorvi4 x1pi30zi x1swvt13 x1l90r2v\" data-ad-comet-preview=\"message\" data-ad-preview=\"message\">\n<div class=\"x78zum5 xdt5ytf xz62fqu x16ldp7u\">\n<div class=\"xu06os2 x1ok221b\">\n<div class=\"x11i5rnm xat24cr x1mh8g0r x1vvkbs xdj266r x126k92a\">\n<div dir=\"auto\" style=\"text-align: center\"><a href=\"https:\/\/www.cegal.es\/wp-content\/uploads\/2023\/04\/dia_del_libro2023.jpg\"><img loading=\"lazy\" decoding=\"async\" class=\"aligncenter \" src=\"https:\/\/www.cegal.es\/wp-content\/uploads\/2023\/04\/dia_del_libro2023.jpg\" width=\"494\" height=\"696\" \/><\/a><\/div>\n<div dir=\"auto\"><\/div>\n<div dir=\"auto\">Ester Garc\u00eda (<a class=\"x1i10hfl xjbqb8w x6umtig x1b1mbwd xaqea5y xav7gou x9f619 x1ypdohk xt0psk2 xe8uvvx xdj266r x11i5rnm xat24cr x1mh8g0r xexx8yu x4uap5 x18d9i69 xkhd6sd x16tdsg8 x1hl2dhg xggy1nq x1a2a7pz xt0b8zv x1qq9wsj xo1l8bm\" role=\"link\" href=\"https:\/\/www.facebook.com\/estarsequieta?__cft__[0]=AZUw1AGHIkS_kO7Sl_ARCyLQWNZWEc7JySu5o_LDEk9m6LO0d_WVklzlMAYh7jFOZ5mI4gMV95Kq18YhRcjab_1JTEU94C4gF3RhIZfAwEf4HYQ5uashwIg6B8kOHaFvMF8JZdDP1KljtKfYd6oS3XMQuaTtQpYiqlIxZPqy08HGjnAUtjx8NYBNXYkqh1eWy3YpcZhmbsCf9uI8cdYb5JNh&amp;__tn__=-]K-y-R\"><span class=\"xt0psk2\">Ester Garc\u00eda &#8211; illustration<\/span><\/a>) foi la ilustradora escoyida para dar forma a la imaxe <span class=\"x3nfvp2 x1j61x8r x1fcty0u xdj266r xhhsvwb xat24cr xgzva0m xxymvpz xlup9mm x1kky2od\"><img loading=\"lazy\" decoding=\"async\" src=\"https:\/\/static.xx.fbcdn.net\/images\/emoji.php\/v9\/t51\/1\/16\/1f449.png\" alt=\"?\" width=\"16\" height=\"16\" \/><\/span><a class=\"x1i10hfl xjbqb8w x6umtig x1b1mbwd xaqea5y xav7gou x9f619 x1ypdohk xt0psk2 xe8uvvx xdj266r x11i5rnm xat24cr x1mh8g0r xexx8yu x4uap5 x18d9i69 xkhd6sd x16tdsg8 x1hl2dhg xggy1nq x1a2a7pz xt0b8zv x1fey0fg\" role=\"link\" href=\"https:\/\/bit.ly\/3nImD0y?fbclid=IwAR0lcnRlw3VJ0GsCb8R_wvmqquVZuNSxY_-NXgqSJkgDV7L09g63Ffg3I_Q\" target=\"_blank\" rel=\"nofollow noopener\"> https:\/\/bit.ly\/3nImD0<\/a>y<\/div>\n<div dir=\"auto\"><\/div>\n<\/div>\n<div class=\"x11i5rnm xat24cr x1mh8g0r x1vvkbs xtlvy1s x126k92a\">\n<ul>\n<li><a class=\"x1i10hfl xjbqb8w x6umtig x1b1mbwd xaqea5y xav7gou x9f619 x1ypdohk xt0psk2 xe8uvvx xdj266r x11i5rnm xat24cr x1mh8g0r xexx8yu x4uap5 x18d9i69 xkhd6sd x16tdsg8 x1hl2dhg xggy1nq x1a2a7pz xt0b8zv x1qq9wsj xo1l8bm\" role=\"link\" href=\"https:\/\/www.facebook.com\/LibreriasCEGAL?__cft__[0]=AZUw1AGHIkS_kO7Sl_ARCyLQWNZWEc7JySu5o_LDEk9m6LO0d_WVklzlMAYh7jFOZ5mI4gMV95Kq18YhRcjab_1JTEU94C4gF3RhIZfAwEf4HYQ5uashwIg6B8kOHaFvMF8JZdDP1KljtKfYd6oS3XMQuaTtQpYiqlIxZPqy08HGjnAUtjx8NYBNXYkqh1eWy3YpcZhmbsCf9uI8cdYb5JNh&amp;__tn__=-]K-y-R\"><span class=\"xt0psk2\">CEGAL (Confederaci\u00f3n Espa\u00f1ola de Gremios y Asociaciones de Libreros)<\/span><\/a><\/li>\n<li><a href=\"https:\/\/www.cegal.es\/esther-garcia-ilustra-el-cartel-dia-del-libro-2023\/\">CEGAL.es<\/a> \/ <a href=\"http:\/\/3ster.blogspot.com\/\" target=\"_blank\" rel=\"noopener\">Ester Garc\u00eda <\/a>\/<a href=\"https:\/\/www.cegal.es\/wp-content\/uploads\/2023\/04\/dia_del_libro2023.jpg\" target=\"_blank\" rel=\"noopener\"><strong>D\u00eda del Libro (JPG)<\/strong><\/a><\/li>\n<\/ul>\n<p><!--more--><\/p>\n<\/div>\n<p>Ester Garc\u00eda, estreme\u00f1a d&#8217;orixe y afincada n&#8217;Asturies, dibux\u00f3 un cartelu col que \u201cquer\u00eda faer alusi\u00f3n a los mundos posibles que xenera la lliteratura en n\u00f3s, a tolo que quepe dientro d&#8217;un llibru y a c\u00f3mo los paisaxes de les hestories an\u00fabrennos como llectores\u201d.<\/p>\n<p style=\"text-align: center\"><a href=\"https:\/\/www.cegal.es\/wp-content\/uploads\/2023\/04\/dia_del_libro2023.jpg\"><img loading=\"lazy\" decoding=\"async\" class=\"aligncenter size-full\" src=\"https:\/\/www.cegal.es\/wp-content\/uploads\/2023\/04\/dia_del_libro2023.jpg\" width=\"3555\" height=\"5008\" \/><\/a><\/p>\n<\/div>\n<\/div>\n<\/div>\n<\/div>\n<\/div>\n<p>Un lle\u00f3n ye la figura principal del cartelu. Pero detr\u00e1s de toa imaxe hai daqu\u00e9 m\u00e1s y quix\u00edmos pescudalo. Preguntemos a l&#8217;artista y esto ye lo que nos cunt\u00f3.<\/p>\n<p>Un lle\u00f3n, <span style=\"color: #008080\"><em>\u201cam\u00e1s d&#8217;un gran mam\u00edferu fel\u00edn de pelame parda claro, cabeza grande, cola llarga terminada nuna guedeya y u\u00f1es fuertes qu&#8217;usa para cazar, xugando ya imaxinando, un lle\u00f3n tami\u00e9n puede ser aquel que llee enforma. Un llector voraz, incansable y valiente.\u201d<\/em><\/span><\/p>\n<p>Foi intenci\u00f3n de l&#8217;artista \u201cincluyir un chisgo a Italo Calvino, cuidao que angua\u00f1o cel\u00e9brase&#8217;l centenariu de la so nacencia y paec\u00edame guapu faer un pequenu homenaxe al so universu, y\u00e1 que am\u00e1s \u201cEl bar\u00f3n rampante\u201d ye unu de los mios llibros predilectos.\u201d Y si hai daqu\u00e9 que-y gusta \u201cpercima de too, ye ilustrar animales, montes y naturaleza.\u201d<\/p>\n<p style=\"text-align: center\"><a href=\"https:\/\/www.cegal.es\/wp-content\/uploads\/2023\/04\/proceso-cartel-web.jpg\"><img loading=\"lazy\" decoding=\"async\" class=\"aligncenter size-full\" src=\"https:\/\/www.cegal.es\/wp-content\/uploads\/2023\/04\/proceso-cartel-web.jpg\" width=\"720\" height=\"380\" \/><\/a><\/p>\n<p>BIOGRAF\u00cdA<\/p>\n<p>Ester Garc\u00eda naci\u00f3 en 1984 en C\u00e1ceres, y creci\u00f3 entre l\u00e1pices y montes de llibros infantiles. Ye llicenciada en Belles Artes pola Universid\u00e1 de Salamanca, onde afaya la ilustraci\u00f3n como vocaci\u00f3n. G\u00fasta-y cuntar hestories n&#8217;imaxes, perdese na naturaleza y viaxar barganal y llue\u00f1e. Dende 2008 trabaya como ilustradora, combinando esta faceta con esposiciones dientro y fora d&#8217;Espa\u00f1a. Les sos obres fueron premiaes en certames como the Sharjah Exhibition for Children\u00b4s Books Illustrations (Emiratos \u00c1rabes), l&#8217; Encontro Internacional de Ilustracao de S. Joao de Madeira (Portugal), el premiu Junceda d&#8217;ilustraci\u00f3n na categor\u00eda Internacional (Espa\u00f1a), o&#8217;l convoc\u00e1u pola Fundaci\u00f3n Cuatrogatos (Miami).<\/p>\n<p>Angua\u00f1o mora y trabaya n&#8217;Asturies dibuxando animales, montes y otros llugares reales o ficticios.<\/p>\n","protected":false},"excerpt":{"rendered":"<p>Ester Garc\u00eda (Ester Garc\u00eda &#8211; illustration) foi la ilustradora escoyida para dar forma a la imaxe https:\/\/bit.ly\/3nImD0y CEGAL (Confederaci\u00f3n Espa\u00f1ola de Gremios y Asociaciones de Libreros) CEGAL.es \/ Ester Garc\u00eda \/D\u00eda del Libro (JPG)<\/p>\n","protected":false},"author":117,"featured_media":0,"comment_status":"open","ping_status":"open","sticky":false,"template":"","format":"standard","meta":{"footnotes":""},"categories":[6,9,10],"tags":[],"class_list":["post-17842","post","type-post","status-publish","format-standard","hentry","category-dia-de","category-libros-adultos","category-llibros-reciella"],"_links":{"self":[{"href":"https:\/\/edublog.educastur.es\/ixuxu\/wp-json\/wp\/v2\/posts\/17842","targetHints":{"allow":["GET"]}}],"collection":[{"href":"https:\/\/edublog.educastur.es\/ixuxu\/wp-json\/wp\/v2\/posts"}],"about":[{"href":"https:\/\/edublog.educastur.es\/ixuxu\/wp-json\/wp\/v2\/types\/post"}],"author":[{"embeddable":true,"href":"https:\/\/edublog.educastur.es\/ixuxu\/wp-json\/wp\/v2\/users\/117"}],"replies":[{"embeddable":true,"href":"https:\/\/edublog.educastur.es\/ixuxu\/wp-json\/wp\/v2\/comments?post=17842"}],"version-history":[{"count":3,"href":"https:\/\/edublog.educastur.es\/ixuxu\/wp-json\/wp\/v2\/posts\/17842\/revisions"}],"predecessor-version":[{"id":18372,"href":"https:\/\/edublog.educastur.es\/ixuxu\/wp-json\/wp\/v2\/posts\/17842\/revisions\/18372"}],"wp:attachment":[{"href":"https:\/\/edublog.educastur.es\/ixuxu\/wp-json\/wp\/v2\/media?parent=17842"}],"wp:term":[{"taxonomy":"category","embeddable":true,"href":"https:\/\/edublog.educastur.es\/ixuxu\/wp-json\/wp\/v2\/categories?post=17842"},{"taxonomy":"post_tag","embeddable":true,"href":"https:\/\/edublog.educastur.es\/ixuxu\/wp-json\/wp\/v2\/tags?post=17842"}],"curies":[{"name":"wp","href":"https:\/\/api.w.org\/{rel}","templated":true}]}}