{"id":17946,"date":"2023-04-07T09:00:30","date_gmt":"2023-04-07T07:00:30","guid":{"rendered":"https:\/\/edublog.educastur.es\/ixuxu\/?p=17946"},"modified":"2023-04-21T13:51:43","modified_gmt":"2023-04-21T11:51:43","slug":"dia-de-la-salu","status":"publish","type":"post","link":"https:\/\/edublog.educastur.es\/ixuxu\/2023\/04\/dia-de-la-salu\/","title":{"rendered":"D\u00eda Mundial de la Sal\u00fa"},"content":{"rendered":"<p>?\u00a1G\u00fcei ye&#8217;l <span style=\"color: #008080\"><strong>D\u00eda Mundial de la Sal\u00fa<\/strong><\/span> y tamos llistos\/as para celebrar la vida y la vitalid\u00e1! Nesti d\u00eda, recordemos la importancia de curiar del nuesu cuerpu y la nuesa mente, y faer elecciones saludables para vivir una vida plena y feliz. \u00a1Celebremos xuntos\/as la sal\u00fa y el bienestar en toles sos formes! ??<\/p>\n<p style=\"text-align: center\">\n<!-- iframe plugin v.6.0 wordpress.org\/plugins\/iframe\/ -->\n<iframe loading=\"lazy\" src=\"https:\/\/www.facebook.com\/plugins\/post.php?href=https%3A%2F%2Fwww.facebook.com%2Fasociaciondidactica%2Fposts%2Fpfbid02VzCdJghtEoujsXqBkgJkGa3AKzQFiMxbEpYn2Paku6FKG3cUnoyqSSQsKZgSFhngl&#038;show_text=false&#038;width=500\" width=\"500\" height=\"498\" style=\"border:none;overflow:hidden\" scrolling=\"no\" frameborder=\"0\" allowfullscreen=\"true\" allow=\"autoplay; clipboard-write; encrypted-media; picture-in-picture; web-share\" 0=\"\/iframe\" class=\"iframe-class\"><\/iframe>\n<\/p>\n<p>\u00a1Feliz d\u00eda de la Sal\u00fa a toes eses persones qu&#8217;enchen enerx\u00eda y c\u00fariennos con tanta allegr\u00eda! ?<\/p>\n<p><!--more--><\/p>\n<p style=\"text-align: center\"><a href=\"https:\/\/static.wixstatic.com\/media\/9bd96f_f1f892997015427da35a524212fe2ca7~mv2.png\/v1\/fill\/w_740,h_387,al_c,q_85,usm_0.66_1.00_0.01,enc_auto\/9bd96f_f1f892997015427da35a524212fe2ca7~mv2.png\"><img loading=\"lazy\" decoding=\"async\" class=\"aligncenter size-full\" src=\"https:\/\/static.wixstatic.com\/media\/9bd96f_f1f892997015427da35a524212fe2ca7~mv2.png\/v1\/fill\/w_740,h_387,al_c,q_85,usm_0.66_1.00_0.01,enc_auto\/9bd96f_f1f892997015427da35a524212fe2ca7~mv2.png\" width=\"740\" height=\"387\" \/><\/a><\/p>\n<p>Esti D\u00eda Mundial de la Sal\u00fa, nel que la OMS recuerda los \u00e9sitos na sal\u00fa p\u00fablica qu&#8217;ameyoraron la calid\u00e1 de vida de les persones, dende&#8217;l Conseyu COLEF celebramos qu&#8217;Espa\u00f1a por fin va cuntar con planes de prescripci\u00f3n d&#8217;exerciciu f\u00edsicu en toles sos Comunidaes Aut\u00f3nomes.<\/p>\n<p>El 7 d&#8217;abril de 2023 celebramos el D\u00eda Mundial de la Sal\u00fa, y nesa mesma fecha la Organizaci\u00f3n Mundial de la Sal\u00fa va festexar la so 75\u00ba aniversariu. En 1948, los pa\u00edses del mundu xuni\u00e9ronse y fundaron la OMS para promover la sal\u00fa, caltener la segurid\u00e1 del mundu y sirvir a los vulnerables, de cuenta que toles persones, perdayuri, puedan algamar el m\u00e1s altu grau de sal\u00fa y bienestar.<\/p>\n<p>La OMS na so p\u00e1xina web diznos qu&#8217;esti aniversariu br\u00edndanos la oportunid\u00e1 d&#8217;echar la vista tras para recordar los \u00e9sitos de la sal\u00fa p\u00fablica qu&#8217;ameyoraron la calid\u00e1 de vida mientres les postreres siete d\u00e9cades. #SaludParaTodos #OMS75<\/p>\n<p style=\"text-align: center\"><a href=\"https:\/\/static.wixstatic.com\/media\/9bd96f_b5bc25b84466499088c3042834da503f~mv2.png\"><img loading=\"lazy\" decoding=\"async\" class=\"aligncenter size-full\" src=\"https:\/\/static.wixstatic.com\/media\/9bd96f_b5bc25b84466499088c3042834da503f~mv2.png\" width=\"500\" height=\"707\" \/><\/a><\/p>\n<p style=\"text-align: center\">\n<!-- iframe plugin v.6.0 wordpress.org\/plugins\/iframe\/ -->\n<iframe loading=\"lazy\" width=\"100%\" height=\"395\" src=\"https:\/\/www.youtube.com\/embed\/VQA8vCq9Qcw\" title=\"Salud para todos: 75 a\u00f1os mejorando la salud p\u00fablica\" frameborder=\"0\" allow=\"accelerometer; autoplay; clipboard-write; encrypted-media; gyroscope; picture-in-picture; web-share\" 0=\"allowfullscreen\" 1=\"\/iframe\" scrolling=\"yes\" class=\"iframe-class\"><\/iframe>\n<\/p>\n<p style=\"text-align: center\">\n<!-- iframe plugin v.6.0 wordpress.org\/plugins\/iframe\/ -->\n<iframe loading=\"lazy\" src=\"https:\/\/www.facebook.com\/plugins\/post.php?href=https%3A%2F%2Fwww.facebook.com%2Fmrwonderfulshop%2Fposts%2Fpfbid0YmWFk1i52zwzvGUN9MYvtbafiwagKutd9iQte5ixq86MGkwkwmRv8C1PTEAoLYL3l&#038;show_text=false&#038;width=500\" width=\"500\" height=\"498\" style=\"border:none;overflow:hidden\" scrolling=\"no\" frameborder=\"0\" allowfullscreen=\"true\" allow=\"autoplay; clipboard-write; encrypted-media; picture-in-picture; web-share\" 0=\"\/iframe\" class=\"iframe-class\"><\/iframe>\n<\/p>\n","protected":false},"excerpt":{"rendered":"<p>?\u00a1G\u00fcei ye&#8217;l D\u00eda Mundial de la Sal\u00fa y tamos llistos\/as para celebrar la vida y la vitalid\u00e1! Nesti d\u00eda, recordemos la importancia de curiar del nuesu cuerpu y la nuesa mente, y faer elecciones saludables para vivir una vida plena y feliz. \u00a1Celebremos xuntos\/as la sal\u00fa y el bienestar en toles sos formes! ?? \u00a1Feliz [&hellip;]<\/p>\n","protected":false},"author":117,"featured_media":0,"comment_status":"open","ping_status":"open","sticky":false,"template":"","format":"standard","meta":{"footnotes":""},"categories":[6],"tags":[],"class_list":["post-17946","post","type-post","status-publish","format-standard","hentry","category-dia-de"],"_links":{"self":[{"href":"https:\/\/edublog.educastur.es\/ixuxu\/wp-json\/wp\/v2\/posts\/17946","targetHints":{"allow":["GET"]}}],"collection":[{"href":"https:\/\/edublog.educastur.es\/ixuxu\/wp-json\/wp\/v2\/posts"}],"about":[{"href":"https:\/\/edublog.educastur.es\/ixuxu\/wp-json\/wp\/v2\/types\/post"}],"author":[{"embeddable":true,"href":"https:\/\/edublog.educastur.es\/ixuxu\/wp-json\/wp\/v2\/users\/117"}],"replies":[{"embeddable":true,"href":"https:\/\/edublog.educastur.es\/ixuxu\/wp-json\/wp\/v2\/comments?post=17946"}],"version-history":[{"count":5,"href":"https:\/\/edublog.educastur.es\/ixuxu\/wp-json\/wp\/v2\/posts\/17946\/revisions"}],"predecessor-version":[{"id":18542,"href":"https:\/\/edublog.educastur.es\/ixuxu\/wp-json\/wp\/v2\/posts\/17946\/revisions\/18542"}],"wp:attachment":[{"href":"https:\/\/edublog.educastur.es\/ixuxu\/wp-json\/wp\/v2\/media?parent=17946"}],"wp:term":[{"taxonomy":"category","embeddable":true,"href":"https:\/\/edublog.educastur.es\/ixuxu\/wp-json\/wp\/v2\/categories?post=17946"},{"taxonomy":"post_tag","embeddable":true,"href":"https:\/\/edublog.educastur.es\/ixuxu\/wp-json\/wp\/v2\/tags?post=17946"}],"curies":[{"name":"wp","href":"https:\/\/api.w.org\/{rel}","templated":true}]}}