{"id":17962,"date":"2023-04-06T17:00:22","date_gmt":"2023-04-06T15:00:22","guid":{"rendered":"https:\/\/edublog.educastur.es\/ixuxu\/?p=17962"},"modified":"2023-04-08T17:35:49","modified_gmt":"2023-04-08T15:35:49","slug":"primer-sidre-lanu-en-xixon","status":"publish","type":"post","link":"https:\/\/edublog.educastur.es\/ixuxu\/2023\/04\/primer-sidre-lanu-en-xixon\/","title":{"rendered":"&#8216;Primer Sidre l&#8217;A\u00f1u&#8217; en Xix\u00f3n"},"content":{"rendered":"<h4><\/h4>\n<h4 style=\"text-align: center\"><\/h4>\n<h4><a href=\"https:\/\/www.lasidra.as\/wp-content\/uploads\/2023\/03\/PSLA-23.jpeg\"><img loading=\"lazy\" decoding=\"async\" class=\"aligncenter\" src=\"https:\/\/www.lasidra.as\/wp-content\/uploads\/2023\/03\/PSLA-23.jpeg\" width=\"310\" height=\"440\" \/> <\/a><\/h4>\n<h4 class=\"font-size-l padding-b-20\" style=\"text-align: center\"><span style=\"color: #008080\">Sidra Roza llogra&#8217;l t\u00edtulu de &#8216;Meyor Primer Sidre l&#8217;A\u00f1u&#8217;<\/span><\/h4>\n<p>Empieza la ponte festiva y pa los amantes de la sidra, la cita ta en Xix\u00f3n. Vuelve al Mus\u00e9u del Pueblu d&#8217;Asturies la<strong><span style=\"color: #008080\"> &#8216;Primer Sidre l&#8217;A\u00f1u&#8217;<\/span><\/strong>, una cita que nesta edici\u00f3n axunta a 38 llagares. Sidra Roza llogr\u00f3&#8217;l t\u00edtulu de &#8216;Meyor Primer Sidre l\u2019A\u00f1u&#8217; tres una igualada final.<\/p>\n<ul>\n<li>Fonte: <a href=\"https:\/\/www.rtpa.es\/noticias-sociedad-ast:El-Museu-del-Pueblu-d'Asturies-acoge-la-'Primer-Sidre-l'A%C3%83%C2%B1u'_111680781974.html?fbclid=IwAR1bgEPFiTquuVctuP6gIYNatZr_EOeMtpZVzTo6vpyzsQ7XsRjSlivP32s\">RTPA<\/a> \/ <a href=\"https:\/\/www.lasidra.as\/xiii-primer-sidre-lanu-la-mayor-espicha-del-pais\/\">La Sidra.as<\/a> \/ <a href=\"https:\/\/locaporlasidra.com\/roza\">Sidra Roza<\/a> \/<\/li>\n<li><a href=\"https:\/\/www.lasidra.as\/races-de-mazana-valides-pa-la-ellaboracion-de-la-dop-sidre-dasturies\/\">Races de mazana<\/a> \/ <a href=\"https:\/\/www.sidraturismoasturias.es\/wp-content\/uploads\/2022\/01\/Poster-con-las-76-variedades-de-manzana-de-DOP-Sidra-de-Asturias.jpg\">cartelu<\/a> \/<\/li>\n<\/ul>\n<p><!--more--><\/p>\n<p>Como ye vezu, esta fiesta sidrera vien acompa\u00f1ada d&#8217;una gran cantid\u00e1 d&#8217;actividaes rellacionaes col mundu de la sidra. Cientos de persones ax\u00fantense sobre la b\u00e9bora tradicional asturiana, nun acontecimientu de gran ecu social, nel que cultura, entretenimientu, tradici\u00f3n y gastronom\u00eda van de la mano.<\/p>\n<p style=\"text-align: center\"><a href=\"https:\/\/i0.wp.com\/locaporlasidra.com\/wp-content\/uploads\/2016\/07\/ROZA.jpg?resize=1222%2C500&amp;ssl=1\"><img loading=\"lazy\" decoding=\"async\" class=\"aligncenter size-full\" src=\"https:\/\/i0.wp.com\/locaporlasidra.com\/wp-content\/uploads\/2016\/07\/ROZA.jpg?resize=1222%2C500&amp;ssl=1\" width=\"1222\" height=\"500\" \/><\/a><\/p>\n<div class=\"entry-thumb\" style=\"text-align: center\"><span style=\"color: #008080\"><strong>La cellebraci\u00f3n cola qu\u2019entama la temporada sidrera asturiana<br \/>\nconvirti\u00f3se por m\u00e9ritos propios na mayor espicha del pa\u00eds\u00a0<\/strong><\/span><\/div>\n<div class=\"entry-content\">\n<p>LA SIDRA.- La\u00a0<a href=\"https:\/\/www.lasidra.as\/?s=Primer+Sidre+l%27a%C3%B1u\">Primer Sidre l\u2019A\u00f1u<\/a> \u2013PSLA\u2013, qu\u2019esti a\u00f1u fai la so decimu tercer edici\u00f3n,\u00a0 tornar\u00e1 vivise per tolo alto <strong>del 6 al 9 d\u2019abril nel <a href=\"https:\/\/www.google.com\/maps\/place\/Museo+del+pueblo+de+Asturias\/@43.5370214,-5.6369036,17z\/data=!3m1!4b1!4m5!3m4!1s0xd367b77faf5befd:0xe5bad255e64be360!8m2!3d43.5369431!4d-5.634817\" target=\"_blank\" rel=\"noopener\">Mus\u00e9u del Pueblu d\u2019Asturies<\/a><\/strong>, n\u2019horariu, el xueves de 13:00 a 21:00 hores; el vienres y el s\u00e1badu, de 12:00 a 21:00 hores y el domingu, de 12:00 a 18:00 hores.<\/p>\n<p>La PSLA, ye \u00fan de los pocos eventos declarados de \u201craigambre social\u201d pol Ayuntamientu Xix\u00f3n, y ta entamada pola Fundaci\u00f3n Asturies XXI col sofitu de la revista LA SIDRA, Xix\u00f3n Turismu, la Conseyer\u00eda de Mediu Rural y la Caxa Rural de Xix\u00f3n, siendo una de les grandes art\u00edfices de que la reconocencia de la cultura sidrera asturiana como Padremu\u00f1u Cultural Inmaterial de la Humanid\u00e1 pola UNESCO, tea daqu\u00e9 m\u00e1s pr\u00f3sima de ser una rialid\u00e1.<\/p>\n<p>Miles de presones tornar\u00e1n axuntase, en Selmana Santa, nel Mus\u00e9u del Pueblu d\u2019Asturies alrodiu la b\u00e9bora tradicional asturiana, gracies a la cellebraci\u00f3n de la Primera Sidre l\u2019A\u00f1u, un eventu bien familiar y perenraigon\u00e1u na ciud\u00e1, nel que cultura, ociu, tradici\u00f3n y gastronom\u00eda van de la man. Una gran oportunid\u00e1 p\u2019averase al mundiu la sidre.<\/p>\n<p>La Primer Sidre L\u2019A\u00f1u ye la mayor espicha d\u2019Asturies, un tiempu y un espaciu nel qu\u2019esfrutar cola familia, colos collacios\u2026 de la bona sidre y del meyor ambiente.<\/p>\n<p>Ensin prieses nin apuros, xugar, baillar, canciar, tomar unos culinos, y forrar bien, que la folixa pide tener el banduyu bien serv\u00edu\u2026<\/p>\n<p style=\"text-align: center\"><a href=\"https:\/\/www.sidraturismoasturias.es\/wp-content\/uploads\/2022\/01\/Poster-con-las-76-variedades-de-manzana-de-DOP-Sidra-de-Asturias.jpg\"><img loading=\"lazy\" decoding=\"async\" class=\"aligncenter size-full\" src=\"https:\/\/www.sidraturismoasturias.es\/wp-content\/uploads\/2022\/01\/Poster-con-las-76-variedades-de-manzana-de-DOP-Sidra-de-Asturias.jpg\" width=\"1670\" height=\"1191\" \/><\/a><\/p>\n<\/div>\n","protected":false},"excerpt":{"rendered":"<p>Sidra Roza llogra&#8217;l t\u00edtulu de &#8216;Meyor Primer Sidre l&#8217;A\u00f1u&#8217; Empieza la ponte festiva y pa los amantes de la sidra, la cita ta en Xix\u00f3n. Vuelve al Mus\u00e9u del Pueblu d&#8217;Asturies la &#8216;Primer Sidre l&#8217;A\u00f1u&#8217;, una cita que nesta edici\u00f3n axunta a 38 llagares. Sidra Roza llogr\u00f3&#8217;l t\u00edtulu de &#8216;Meyor Primer Sidre l\u2019A\u00f1u&#8217; tres una [&hellip;]<\/p>\n","protected":false},"author":117,"featured_media":0,"comment_status":"open","ping_status":"open","sticky":false,"template":"","format":"standard","meta":{"footnotes":""},"categories":[156],"tags":[],"class_list":["post-17962","post","type-post","status-publish","format-standard","hentry","category-sidre"],"_links":{"self":[{"href":"https:\/\/edublog.educastur.es\/ixuxu\/wp-json\/wp\/v2\/posts\/17962","targetHints":{"allow":["GET"]}}],"collection":[{"href":"https:\/\/edublog.educastur.es\/ixuxu\/wp-json\/wp\/v2\/posts"}],"about":[{"href":"https:\/\/edublog.educastur.es\/ixuxu\/wp-json\/wp\/v2\/types\/post"}],"author":[{"embeddable":true,"href":"https:\/\/edublog.educastur.es\/ixuxu\/wp-json\/wp\/v2\/users\/117"}],"replies":[{"embeddable":true,"href":"https:\/\/edublog.educastur.es\/ixuxu\/wp-json\/wp\/v2\/comments?post=17962"}],"version-history":[{"count":3,"href":"https:\/\/edublog.educastur.es\/ixuxu\/wp-json\/wp\/v2\/posts\/17962\/revisions"}],"predecessor-version":[{"id":17965,"href":"https:\/\/edublog.educastur.es\/ixuxu\/wp-json\/wp\/v2\/posts\/17962\/revisions\/17965"}],"wp:attachment":[{"href":"https:\/\/edublog.educastur.es\/ixuxu\/wp-json\/wp\/v2\/media?parent=17962"}],"wp:term":[{"taxonomy":"category","embeddable":true,"href":"https:\/\/edublog.educastur.es\/ixuxu\/wp-json\/wp\/v2\/categories?post=17962"},{"taxonomy":"post_tag","embeddable":true,"href":"https:\/\/edublog.educastur.es\/ixuxu\/wp-json\/wp\/v2\/tags?post=17962"}],"curies":[{"name":"wp","href":"https:\/\/api.w.org\/{rel}","templated":true}]}}