{"id":17981,"date":"2023-04-08T15:00:21","date_gmt":"2023-04-08T13:00:21","guid":{"rendered":"https:\/\/edublog.educastur.es\/ixuxu\/?p=17981"},"modified":"2023-04-08T18:01:39","modified_gmt":"2023-04-08T16:01:39","slug":"anueval-certificau-covid-dixital-ue-de-vacunacion","status":"publish","type":"post","link":"https:\/\/edublog.educastur.es\/ixuxu\/2023\/04\/anueval-certificau-covid-dixital-ue-de-vacunacion\/","title":{"rendered":"Anueva&#8217;l Certificau Covid dixital UE de vacunaci\u00f3n"},"content":{"rendered":"<div class=\"\" dir=\"auto\">\n<div class=\"\" dir=\"auto\">\n<div class=\"x1iorvi4 x1pi30zi x1swvt13 x1l90r2v\" data-ad-comet-preview=\"message\" data-ad-preview=\"message\">\n<div class=\"x78zum5 xdt5ytf xz62fqu x16ldp7u\">\n<div class=\"xu06os2 x1ok221b\">\n<div class=\"x11i5rnm xat24cr x1mh8g0r x1vvkbs xdj266r x126k92a\">\n<div dir=\"auto\" style=\"text-align: center\"><span class=\"x3nfvp2 x1j61x8r x1fcty0u xdj266r xhhsvwb xat24cr xgzva0m xxymvpz xlup9mm x1kky2od\">\n<!-- iframe plugin v.6.0 wordpress.org\/plugins\/iframe\/ -->\n<iframe loading=\"lazy\" src=\"https:\/\/www.facebook.com\/plugins\/post.php?href=https%3A%2F%2Fwww.facebook.com%2Fgobiernodeasturias%2Fposts%2Fpfbid032STPyCPpvTGFXC3wKXcZPBWALTLnrtBvenYBa1VTpc7yib4x6iqvvWpNhdTn6Bkdl&#038;show_text=false&#038;width=500\" width=\"500\" height=\"314\" style=\"border:none;overflow:hidden\" scrolling=\"no\" frameborder=\"0\" allowfullscreen=\"true\" allow=\"autoplay; clipboard-write; encrypted-media; picture-in-picture; web-share\" 0=\"\/iframe\" class=\"iframe-class\"><\/iframe>\n<\/span><\/div>\n<ul>\n<li>Anueva&#8217;l <a class=\"x1i10hfl xjbqb8w x6umtig x1b1mbwd xaqea5y xav7gou x9f619 x1ypdohk xt0psk2 xe8uvvx xdj266r x11i5rnm xat24cr x1mh8g0r xexx8yu x4uap5 x18d9i69 xkhd6sd x16tdsg8 x1hl2dhg xggy1nq x1a2a7pz xt0b8zv x1qq9wsj xo1l8bm\" role=\"link\" href=\"https:\/\/www.facebook.com\/hashtag\/certificadocovid?__eep__=6&amp;__cft__[0]=AZVJ3MvcM-LzmoZ93VTKGcekZAok3damngZQo8hjBK72AvW8E3HgV6cFy0A3oA4hXK9Ru4HRWWFNH4M5voa6UA57HJ5T_LM7CYC2CbCrmpMszTpattRgcy_IH9G7LecmnlGtkj5CzbFamSt8F24pPPQwL_NevngDfpUenoI17xlX1ycLzZgmTMyWary8p0kl4x58OMdRKzrPyc7MjPrkLxfC&amp;__tn__=*NK-y-R\">#CertificadoCovid<\/a> dixital UE de <a class=\"x1i10hfl xjbqb8w x6umtig x1b1mbwd xaqea5y xav7gou x9f619 x1ypdohk xt0psk2 xe8uvvx xdj266r x11i5rnm xat24cr x1mh8g0r xexx8yu x4uap5 x18d9i69 xkhd6sd x16tdsg8 x1hl2dhg xggy1nq x1a2a7pz xt0b8zv x1qq9wsj xo1l8bm\" role=\"link\" href=\"https:\/\/www.facebook.com\/hashtag\/vacunaci%C3%B3n?__eep__=6&amp;__cft__[0]=AZVJ3MvcM-LzmoZ93VTKGcekZAok3damngZQo8hjBK72AvW8E3HgV6cFy0A3oA4hXK9Ru4HRWWFNH4M5voa6UA57HJ5T_LM7CYC2CbCrmpMszTpattRgcy_IH9G7LecmnlGtkj5CzbFamSt8F24pPPQwL_NevngDfpUenoI17xlX1ycLzZgmTMyWary8p0kl4x58OMdRKzrPyc7MjPrkLxfC&amp;__tn__=*NK-y-R\">#vacunaci\u00f3n<\/a><\/li>\n<li>Los documentos emit\u00edos antes del 1 de setiembre de 2022 van dexar de ser v\u00e1lidos a partir del 24 de mayu<\/li>\n<li><span class=\"x3nfvp2 x1j61x8r x1fcty0u xdj266r xhhsvwb xat24cr xgzva0m xxymvpz xlup9mm x1kky2od\"><img loading=\"lazy\" decoding=\"async\" src=\"https:\/\/static.xx.fbcdn.net\/images\/emoji.php\/v9\/t15\/1.5\/16\/2139.png\" alt=\"\u2139\ufe0f\" width=\"16\" height=\"16\" \/><\/span> <a class=\"x1i10hfl xjbqb8w x6umtig x1b1mbwd xaqea5y xav7gou x9f619 x1ypdohk xt0psk2 xe8uvvx xdj266r x11i5rnm xat24cr x1mh8g0r xexx8yu x4uap5 x18d9i69 xkhd6sd x16tdsg8 x1hl2dhg xggy1nq x1a2a7pz xt0b8zv x1fey0fg\" role=\"link\" href=\"https:\/\/cutt.ly\/w0OCo5X?fbclid=IwAR0OBmZUxeClzKLwl0M-iiccrwZynsnFR4ojk8n5zcFXNWMXW2gz1fF45uA\" target=\"_blank\" rel=\"nofollow noopener\">https:\/\/cutt.ly\/w0OCo5X<\/a>v\/<a href=\"https:\/\/www.facebook.com\/photo\/?fbid=534726845497953&amp;set=a.229758265994814\">cartelo<\/a><\/li>\n<\/ul>\n<\/div>\n<div class=\"x11i5rnm xat24cr x1mh8g0r x1vvkbs xtlvy1s x126k92a\"><\/div>\n<div dir=\"auto\"><\/div>\n<\/div>\n<\/div>\n<\/div>\n<\/div>\n<\/div>\n","protected":false},"excerpt":{"rendered":"<p>Anueva&#8217;l #CertificadoCovid dixital UE de #vacunaci\u00f3n Los documentos emit\u00edos antes del 1 de setiembre de 2022 van dexar de ser v\u00e1lidos a partir del 24 de mayu https:\/\/cutt.ly\/w0OCo5Xv\/cartelo<\/p>\n","protected":false},"author":117,"featured_media":0,"comment_status":"open","ping_status":"open","sticky":false,"template":"","format":"standard","meta":{"footnotes":""},"categories":[140],"tags":[],"class_list":["post-17981","post","type-post","status-publish","format-standard","hentry","category-covid-19"],"_links":{"self":[{"href":"https:\/\/edublog.educastur.es\/ixuxu\/wp-json\/wp\/v2\/posts\/17981","targetHints":{"allow":["GET"]}}],"collection":[{"href":"https:\/\/edublog.educastur.es\/ixuxu\/wp-json\/wp\/v2\/posts"}],"about":[{"href":"https:\/\/edublog.educastur.es\/ixuxu\/wp-json\/wp\/v2\/types\/post"}],"author":[{"embeddable":true,"href":"https:\/\/edublog.educastur.es\/ixuxu\/wp-json\/wp\/v2\/users\/117"}],"replies":[{"embeddable":true,"href":"https:\/\/edublog.educastur.es\/ixuxu\/wp-json\/wp\/v2\/comments?post=17981"}],"version-history":[{"count":2,"href":"https:\/\/edublog.educastur.es\/ixuxu\/wp-json\/wp\/v2\/posts\/17981\/revisions"}],"predecessor-version":[{"id":17983,"href":"https:\/\/edublog.educastur.es\/ixuxu\/wp-json\/wp\/v2\/posts\/17981\/revisions\/17983"}],"wp:attachment":[{"href":"https:\/\/edublog.educastur.es\/ixuxu\/wp-json\/wp\/v2\/media?parent=17981"}],"wp:term":[{"taxonomy":"category","embeddable":true,"href":"https:\/\/edublog.educastur.es\/ixuxu\/wp-json\/wp\/v2\/categories?post=17981"},{"taxonomy":"post_tag","embeddable":true,"href":"https:\/\/edublog.educastur.es\/ixuxu\/wp-json\/wp\/v2\/tags?post=17981"}],"curies":[{"name":"wp","href":"https:\/\/api.w.org\/{rel}","templated":true}]}}