{"id":17994,"date":"2023-04-08T18:19:25","date_gmt":"2023-04-08T16:19:25","guid":{"rendered":"https:\/\/edublog.educastur.es\/ixuxu\/?p=17994"},"modified":"2023-04-08T18:44:17","modified_gmt":"2023-04-08T16:44:17","slug":"campamentos-romanos-de-bual","status":"publish","type":"post","link":"https:\/\/edublog.educastur.es\/ixuxu\/2023\/04\/campamentos-romanos-de-bual\/","title":{"rendered":"Campamentos romanos de Bual afayaos gracies a im\u00e1xenes de sat\u00e9lite"},"content":{"rendered":"<ul>\n<li class=\"font-size-xxl margin-b-5 font-weight-b color-b-050 letter-spacing--1\"><a href=\"https:\/\/www.rtpa.es\/noticias-sociedad-ast:-Dos-campamentos-romanos-de-Boal-ya-forman-parte-del-Inventario-de-Patrimonio_111680777249.html?fbclid=IwAR2hsk9T1PJTqk3Swkq-vPI53yHsRhjgLxptx6I5Zvgi4OtYsTURkArmS7E\">RTPA: Dos campamentos romanos de Bual y\u00e1 formen parte del Inventariu de Patrimoniu<\/a><\/li>\n<li>Fonte: <a href=\"https:\/\/astures.es\/dos-nuevos-campamentos-romanos-en-asturias-en-el-inventario-de-patrimonio-arqueologico\/#Chao_de_Carrugueiro\">Astures.es<\/a> \/ <strong>Inventariu de Patrimoniu Cultural d&#8217;Asturies<\/strong> \/<\/li>\n<\/ul>\n<h4 class=\"font-size-l padding-b-20\">Fueron afayaos en 2010 gracies a im\u00e1xenes de sat\u00e9lite.<\/h4>\n<p style=\"text-align: center\"><a href=\"https:\/\/astures.es\/wp-content\/webp-express\/webp-images\/uploads\/2022\/02\/pedra_dereta.jpg.webp\"><img loading=\"lazy\" decoding=\"async\" class=\"aligncenter size-full\" src=\"https:\/\/astures.es\/wp-content\/webp-express\/webp-images\/uploads\/2022\/02\/pedra_dereta.jpg.webp\" width=\"666\" height=\"492\" \/><\/a><em>Mapa de situaci\u00f3n de los campamentos. (Men\u00e9ndez Blanco et alii, 2013)<\/em><\/p>\n<p>L&#8217;<strong>I<a href=\"https:\/\/www.asturias.es\/detalle\/-\/categories\/572468?p_r_p_categoryId=572468&amp;_com_liferay_asset_categories_navigation_web_portlet_AssetCategoriesNavigationPortlet_articleId=2532881&amp;articleId=2532881&amp;title=Patrimoniu%20Cultural&amp;redirect=https%3A%2F%2Fwww.asturias.es%2Fast%2Fgeneral%2F-%2Fcategories%2F572465%3Fp_r_p_categoryId%3D572465\">nventariu de Patrimoniu Cultural d&#8217;Asturies<\/a><\/strong> tien dos nuevos xacimientos arqueol\u00f3xicos. Son los campamentos romanos de campa\u00f1a d&#8217;El <span style=\"color: #008080\"><strong>Chao de Carrubeiro<\/strong><\/span> y A Pedra Dereta, nel conceyu Bual. El BOE de g\u00fcei recueye&#8217;l resolvimientu final que va dexar protexer estos espacios, que fueron afayaos nel a\u00f1u 2010 gracies a les im\u00e1xenes sat\u00e9lites y a\u00e9rees y t\u00e1n allugaos na llinia de cumes del cordal de Penouta.<\/p>\n<p><!--more--><\/p>\n<ul>\n<li><a href=\"https:\/\/es.wikipedia.org\/wiki\/El_Chao_de_Carrugueiro\"><strong>Chao de Carrugueiro<\/strong>: web<\/a> \/<a href=\"https:\/\/astures.es\/wp-content\/webp-express\/webp-images\/uploads\/2022\/04\/2022-02438.0001-1920x1306.jpg.webp\"> imaxe<\/a> \/<\/li>\n<li><a href=\"https:\/\/es.wikipedia.org\/wiki\/A_Pedra_Dereta\"><strong>A Pedra Dereta: <\/strong>web<\/a> \/ imaxe \/<strong><br \/>\n<\/strong><\/li>\n<\/ul>\n<p>La Conseyer\u00eda de Cultura rexistr\u00f3 oficialmente la esistencia de dos campamentos romanos en Boal. Denominaos <strong><span style=\"color: #008080\">Chao de Carrugueiro<\/span><\/strong> y A Pedra Dereta, dambos van pasar a formar parte del Inventariu de Patrimoniu Cultural d&#8217;Asturies na categor\u00eda de Xacimientu Arqueol\u00f3xicu Inventari\u00e1u. El Bolet\u00edn Oficial del Princip\u00e1u d&#8217;Asturies (BOPA) sac\u00f3 a informaci\u00f3n p\u00fablica los espedientes na so edici\u00f3n de g\u00fcei.<br \/>\nDos nuevos campamentos romanos en Bual: el Chao de Carrugueiro.<\/p>\n<p style=\"text-align: left\"><a href=\"https:\/\/astures.es\/wp-content\/webp-express\/webp-images\/uploads\/2022\/04\/2022-02438.0001-1920x1306.jpg.webp\"><img loading=\"lazy\" decoding=\"async\" class=\"size-full alignleft\" src=\"https:\/\/astures.es\/wp-content\/webp-express\/webp-images\/uploads\/2022\/04\/2022-02438.0001-1920x1306.jpg.webp\" width=\"1920\" height=\"1306\" \/><\/a>Esti elementu arqueol\u00f3xicu identific\u00e1u por aciu l&#8217;anal\u00eds d&#8217;imaxes satelitales y a\u00e9rees na sierra de Penouta, al altor de la localid\u00e1 de Carrugueiro, a escasos kil\u00f3metros de la capital del conceyu occidental de Bual. De planta rectangular, ye probable que la infraestructura defensiva fuera precedida nel esterior por un foso. La cortil ocupa una superficie de 5 hect\u00e1rees, que ser\u00eden abondes nel so d\u00eda para agospiar una lex\u00f3n.<\/p>\n<p>En tola zona de la sierra de La Bobia, y siguiendo escontra Llugo (Lucus Augusti) calti\u00e9nense otros campamentos similares que respuenden a los mesmos patrones de castrametaci\u00f3n romana. Pol allugamientu, nuna paraxa d&#8217;alta sierra y poles sos caracter\u00edstiques constructives, el campamentu tuvo de tener un usu estacional, previsiblemente vencey\u00e1u colos movimientos de tropes mientres les guerres \u00e1stur-c\u00e1ntabres.<\/p>\n<p><strong>Campamentu d&#8217;A Pedra Dereta<\/strong><\/p>\n<p>Les muertes del campamentu militar romanu d&#8217;A Pedra Dereta at\u00f3pense tami\u00e9n n&#8217;altor, n&#8217;una llomba a 891 metros d&#8217;altit\u00fa, na sierra de La Bobia, barganal de la localid\u00e1 bualesa de Bra\u00f1avara, na llende con Castropol. Con una superficie d&#8217;unes 10 hect\u00e1rees, esti campamentu cunta con dos fueses y respuende a la tipolox\u00eda \u00abcapa aestiva\u00bb, campamentos temporales o de marcha del ex\u00e9rcitu romanu. Nesti casu, el campamentu tami\u00e9n tuvo de tener un usu estacional nel mesmu periodu de guerres y la siguiente ocupaci\u00f3n del Noroeste peninsular.<\/p>\n<p style=\"text-align: center\"><a href=\"https:\/\/astures.es\/wp-content\/webp-express\/webp-images\/uploads\/2022\/04\/2022-02439.0001-1920x1606.jpg.webp\"><img loading=\"lazy\" decoding=\"async\" class=\"aligncenter size-full\" src=\"https:\/\/astures.es\/wp-content\/webp-express\/webp-images\/uploads\/2022\/04\/2022-02439.0001-1920x1606.jpg.webp\" width=\"1920\" height=\"1606\" \/><\/a><\/p>\n","protected":false},"excerpt":{"rendered":"<p>RTPA: Dos campamentos romanos de Bual y\u00e1 formen parte del Inventariu de Patrimoniu Fonte: Astures.es \/ Inventariu de Patrimoniu Cultural d&#8217;Asturies \/ Fueron afayaos en 2010 gracies a im\u00e1xenes de sat\u00e9lite. Mapa de situaci\u00f3n de los campamentos. (Men\u00e9ndez Blanco et alii, 2013) L&#8217;Inventariu de Patrimoniu Cultural d&#8217;Asturies tien dos nuevos xacimientos arqueol\u00f3xicos. Son los campamentos [&hellip;]<\/p>\n","protected":false},"author":117,"featured_media":0,"comment_status":"open","ping_status":"open","sticky":false,"template":"","format":"standard","meta":{"footnotes":""},"categories":[288],"tags":[],"class_list":["post-17994","post","type-post","status-publish","format-standard","hentry","category-romanos"],"_links":{"self":[{"href":"https:\/\/edublog.educastur.es\/ixuxu\/wp-json\/wp\/v2\/posts\/17994","targetHints":{"allow":["GET"]}}],"collection":[{"href":"https:\/\/edublog.educastur.es\/ixuxu\/wp-json\/wp\/v2\/posts"}],"about":[{"href":"https:\/\/edublog.educastur.es\/ixuxu\/wp-json\/wp\/v2\/types\/post"}],"author":[{"embeddable":true,"href":"https:\/\/edublog.educastur.es\/ixuxu\/wp-json\/wp\/v2\/users\/117"}],"replies":[{"embeddable":true,"href":"https:\/\/edublog.educastur.es\/ixuxu\/wp-json\/wp\/v2\/comments?post=17994"}],"version-history":[{"count":6,"href":"https:\/\/edublog.educastur.es\/ixuxu\/wp-json\/wp\/v2\/posts\/17994\/revisions"}],"predecessor-version":[{"id":18000,"href":"https:\/\/edublog.educastur.es\/ixuxu\/wp-json\/wp\/v2\/posts\/17994\/revisions\/18000"}],"wp:attachment":[{"href":"https:\/\/edublog.educastur.es\/ixuxu\/wp-json\/wp\/v2\/media?parent=17994"}],"wp:term":[{"taxonomy":"category","embeddable":true,"href":"https:\/\/edublog.educastur.es\/ixuxu\/wp-json\/wp\/v2\/categories?post=17994"},{"taxonomy":"post_tag","embeddable":true,"href":"https:\/\/edublog.educastur.es\/ixuxu\/wp-json\/wp\/v2\/tags?post=17994"}],"curies":[{"name":"wp","href":"https:\/\/api.w.org\/{rel}","templated":true}]}}