{"id":18015,"date":"2023-04-08T19:16:50","date_gmt":"2023-04-08T17:16:50","guid":{"rendered":"https:\/\/edublog.educastur.es\/ixuxu\/?p=18015"},"modified":"2023-04-08T19:27:02","modified_gmt":"2023-04-08T17:27:02","slug":"18015","status":"publish","type":"post","link":"https:\/\/edublog.educastur.es\/ixuxu\/2023\/04\/18015\/","title":{"rendered":"La poes\u00eda&#8230;"},"content":{"rendered":"<blockquote><p><span style=\"color: #800080\"><span style=\"font-size: 16px\"><strong><em>\u00ab&#8230; La poes\u00eda como un pa\u00eds, el de la infancia. Y como un alcuentru, el del poeta colo que foi, el del llector cola marav\u00eda de ser ne\u00f1u de nuevu y tar convid\u00e1u al xuegu de lleer. Y el de toos con daqu\u00e9 m\u00e1s que nos escapa porque la poes\u00eda tami\u00e9n ye, afortunadamente, eso indefinible que nun se dexa prindar.\u00bb\u00a0 <\/em><\/strong><\/span><span style=\"font-size: 12px;color: #000000\">Pilar Mu\u00f1oz Lascano y Mar\u00eda Victoria Ramos (Revista Imaxinaria)<\/span><\/span><\/p><\/blockquote>\n<div class=\"x11i5rnm xat24cr x1mh8g0r x1vvkbs xtlvy1s x126k92a\">\n<div dir=\"auto\"><span style=\"font-size: 14px;color: #ffff99\"><span style=\"color: #800080\">@primlazos.psicopedagogia, <em>Ilustraci\u00f3n de Ana Sanfelippo<\/em><\/span><br \/>\n<\/span><\/div>\n<p style=\"text-align: center\">\n<!-- iframe plugin v.6.0 wordpress.org\/plugins\/iframe\/ -->\n<iframe loading=\"lazy\" src=\"https:\/\/www.facebook.com\/plugins\/post.php?href=https%3A%2F%2Fwww.facebook.com%2Fprimeroslazos.psicopedagogia%2Fposts%2Fpfbid0ybLAdz8kfB4bRkeme5n9ZCXrgjHSd1GR3hbbPvznAUS7TZNu6dPNi89Uv466gqjAl&#038;show_text=false&#038;width=500\" width=\"500\" height=\"711\" style=\"border:none;overflow:hidden\" scrolling=\"no\" frameborder=\"0\" allowfullscreen=\"true\" allow=\"autoplay; clipboard-write; encrypted-media; picture-in-picture; web-share\" 0=\"\/iframe\" class=\"iframe-class\"><\/iframe>\n<\/p>\n<\/div>\n","protected":false},"excerpt":{"rendered":"<p>\u00ab&#8230; La poes\u00eda como un pa\u00eds, el de la infancia. Y como un alcuentru, el del poeta colo que foi, el del llector cola marav\u00eda de ser ne\u00f1u de nuevu y tar convid\u00e1u al xuegu de lleer. Y el de toos con daqu\u00e9 m\u00e1s que nos escapa porque la poes\u00eda tami\u00e9n ye, afortunadamente, eso indefinible [&hellip;]<\/p>\n","protected":false},"author":117,"featured_media":0,"comment_status":"open","ping_status":"open","sticky":false,"template":"","format":"standard","meta":{"footnotes":""},"categories":[1],"tags":[],"class_list":["post-18015","post","type-post","status-publish","format-standard","hentry","category-sin-categoria"],"_links":{"self":[{"href":"https:\/\/edublog.educastur.es\/ixuxu\/wp-json\/wp\/v2\/posts\/18015","targetHints":{"allow":["GET"]}}],"collection":[{"href":"https:\/\/edublog.educastur.es\/ixuxu\/wp-json\/wp\/v2\/posts"}],"about":[{"href":"https:\/\/edublog.educastur.es\/ixuxu\/wp-json\/wp\/v2\/types\/post"}],"author":[{"embeddable":true,"href":"https:\/\/edublog.educastur.es\/ixuxu\/wp-json\/wp\/v2\/users\/117"}],"replies":[{"embeddable":true,"href":"https:\/\/edublog.educastur.es\/ixuxu\/wp-json\/wp\/v2\/comments?post=18015"}],"version-history":[{"count":10,"href":"https:\/\/edublog.educastur.es\/ixuxu\/wp-json\/wp\/v2\/posts\/18015\/revisions"}],"predecessor-version":[{"id":18025,"href":"https:\/\/edublog.educastur.es\/ixuxu\/wp-json\/wp\/v2\/posts\/18015\/revisions\/18025"}],"wp:attachment":[{"href":"https:\/\/edublog.educastur.es\/ixuxu\/wp-json\/wp\/v2\/media?parent=18015"}],"wp:term":[{"taxonomy":"category","embeddable":true,"href":"https:\/\/edublog.educastur.es\/ixuxu\/wp-json\/wp\/v2\/categories?post=18015"},{"taxonomy":"post_tag","embeddable":true,"href":"https:\/\/edublog.educastur.es\/ixuxu\/wp-json\/wp\/v2\/tags?post=18015"}],"curies":[{"name":"wp","href":"https:\/\/api.w.org\/{rel}","templated":true}]}}