{"id":18046,"date":"2023-04-08T19:59:45","date_gmt":"2023-04-08T17:59:45","guid":{"rendered":"https:\/\/edublog.educastur.es\/ixuxu\/?p=18046"},"modified":"2023-04-08T20:00:10","modified_gmt":"2023-04-08T18:00:10","slug":"18046","status":"publish","type":"post","link":"https:\/\/edublog.educastur.es\/ixuxu\/2023\/04\/18046\/","title":{"rendered":"Cuatro animales aut\u00f3ctonos d&#8217;Asturies"},"content":{"rendered":"<ul>\n<li><a href=\"https:\/\/verasturies.com\/4-animales-autoctonos-de-asturies\/\">Ver Asturies.com<\/a><\/li>\n<\/ul>\n<p style=\"text-align: center\"><a href=\"https:\/\/verasturies.com\/wp-content\/uploads\/2021\/12\/Animales-auto%CC%81ctonos.png\"><img loading=\"lazy\" decoding=\"async\" class=\"aligncenter \" src=\"https:\/\/verasturies.com\/wp-content\/uploads\/2021\/12\/Animales-auto%CC%81ctonos.png\" width=\"705\" height=\"491\" \/><\/a><\/p>\n<p><span style=\"color: #008080\"><!--more--><\/span><\/p>\n<p><span style=\"color: #008080\"><strong>La papalba\/comadreja<br \/>\n<\/strong><\/span><br \/>\nYe un animal mam\u00edferu y ye la especie m\u00e1s pequena dientro de los must\u00e9lidos, am\u00e1s de en los carn\u00edvoros. Ye un animal con una bona representaci\u00f3n na fauna asturiana y nun ta dientro de la llista de les especies amenaciaes. Anque la so apariencia d&#8217;animal pequenu pueda confundir, la papalba ye un bon animal cazador que puede matar preses ente cinco y diez vegaes el so propiu pesu.<\/p>\n<p><span style=\"color: #008080\"><strong>El Llobu ib\u00e9ricu<\/strong><\/span><br \/>\nYe un animal mam\u00edferu y carn\u00edvoru que s&#8217;alcuentra nos montes d&#8217;Asturies y qu&#8217;hasta el sieglu XVIII pens\u00e1base que yera familia del perru dom\u00e9sticu. Anque n&#8217;otros llugares nun ye xuna especie amenaciada, el llobu ib\u00e9ricu, del que tamos falando, nel norte d&#8217;Espa\u00f1a ye xuna de les especies amenaciaes y con una poblaci\u00f3n estazada. Ye un animal de tama\u00f1u mediu con llurdios escuros nel rabu, parte anterior y cruz.<\/p>\n<p><span style=\"color: #008080\"><strong>Osu pardu<\/strong><\/span><br \/>\nL&#8217;osu pardu ye l&#8217;animal terrestre n&#8217;est\u00e1u selvaxe m\u00e1s grande de la fauna ib\u00e9rica. La poblaci\u00f3n cant\u00e1brica estremase en dos n\u00facleos, l&#8217;oriental y l&#8217;occidental, con un censu que supera los 260 exemplares. L&#8217;olfatu, el so sent\u00edu m\u00e1s desenvueltu, ye desaxeradamente agudu. Gracies a \u00e9l pueden detectar a llarga distancia munches de les sos fontes d&#8217;alimentu, amenaces y hasta l&#8217;est\u00e1u sexual d&#8217;otros exemplares.<\/p>\n<p><span style=\"color: #008080\"><strong>Asturc\u00f3n<\/strong><\/span><br \/>\nYe unu de los caballos m\u00e1s antiguos y puros del mundu. Pertenez al denomin\u00e1u tueru celta, emparent\u00e1u con delles races del arcu atl\u00e1nticu. A partir del a\u00f1u 80 a.C. son abondosos les cites nes qu&#8217;historiadores romanos f\u00e1lennos del \u00abpequenu Asturc\u00f3n que cr\u00eda la naci\u00f3n \u00c1stur\u201d, siendo, ensin dulda, l&#8217;animal \u00e1stur de m\u00e1s fama, apreci\u00e1u tanto pola so durez y velocid\u00e1 como pol so pasu d&#8217;ambladura. Los asturcones viven en llibert\u00e1 tou l&#8217;a\u00f1u, paren nel campu, siendo d&#8217;una rusticid\u00e1 estelante. L&#8217;h\u00e1bitat natural del asturc\u00f3n son sierres serrapatoses, poco f\u00e9rtiles y espuestes a unes condiciones climatol\u00f3xiques bien dures. Ello favoreci\u00f3, a lo llargo de xeneraciones, la forxa d&#8217;un caballu r\u00fasticu, con llindaes necesidaes alimenticies y bien resistente a les enfermedaes.<\/p>\n<p style=\"text-align: center\">\n","protected":false},"excerpt":{"rendered":"<p>Ver Asturies.com<\/p>\n","protected":false},"author":117,"featured_media":0,"comment_status":"open","ping_status":"open","sticky":false,"template":"","format":"standard","meta":{"footnotes":""},"categories":[4],"tags":[],"class_list":["post-18046","post","type-post","status-publish","format-standard","hentry","category-natura"],"_links":{"self":[{"href":"https:\/\/edublog.educastur.es\/ixuxu\/wp-json\/wp\/v2\/posts\/18046","targetHints":{"allow":["GET"]}}],"collection":[{"href":"https:\/\/edublog.educastur.es\/ixuxu\/wp-json\/wp\/v2\/posts"}],"about":[{"href":"https:\/\/edublog.educastur.es\/ixuxu\/wp-json\/wp\/v2\/types\/post"}],"author":[{"embeddable":true,"href":"https:\/\/edublog.educastur.es\/ixuxu\/wp-json\/wp\/v2\/users\/117"}],"replies":[{"embeddable":true,"href":"https:\/\/edublog.educastur.es\/ixuxu\/wp-json\/wp\/v2\/comments?post=18046"}],"version-history":[{"count":2,"href":"https:\/\/edublog.educastur.es\/ixuxu\/wp-json\/wp\/v2\/posts\/18046\/revisions"}],"predecessor-version":[{"id":18048,"href":"https:\/\/edublog.educastur.es\/ixuxu\/wp-json\/wp\/v2\/posts\/18046\/revisions\/18048"}],"wp:attachment":[{"href":"https:\/\/edublog.educastur.es\/ixuxu\/wp-json\/wp\/v2\/media?parent=18046"}],"wp:term":[{"taxonomy":"category","embeddable":true,"href":"https:\/\/edublog.educastur.es\/ixuxu\/wp-json\/wp\/v2\/categories?post=18046"},{"taxonomy":"post_tag","embeddable":true,"href":"https:\/\/edublog.educastur.es\/ixuxu\/wp-json\/wp\/v2\/tags?post=18046"}],"curies":[{"name":"wp","href":"https:\/\/api.w.org\/{rel}","templated":true}]}}