{"id":18059,"date":"2023-04-08T12:00:07","date_gmt":"2023-04-08T10:00:07","guid":{"rendered":"https:\/\/edublog.educastur.es\/ixuxu\/?p=18059"},"modified":"2023-04-09T12:46:35","modified_gmt":"2023-04-09T10:46:35","slug":"18059","status":"publish","type":"post","link":"https:\/\/edublog.educastur.es\/ixuxu\/2023\/04\/18059\/","title":{"rendered":"Cuarenta y cinco primaveres alendando la nuestra llingua"},"content":{"rendered":"<ul>\n<li><span class=\"x193iq5w xeuugli x13faqbe x1vvkbs x1xmvt09 x1lliihq x1s928wv xhkezso x1gmr53x x1cpjm7i x1fgarty x1943h6x xudqn12 x3x7a5m x1f6kntn xvq8zen xo1l8bm xzsf02u\" dir=\"auto\"><a href=\"https:\/\/www.facebook.com\/hashtag\/efem%C3%A9ridesasturianu\">#Efem\u00e9rides n&#8217;asturianu \/ Inaciu Gal\u00e1n<\/a><br \/>\n<\/span><\/li>\n<li><span class=\"x193iq5w xeuugli x13faqbe x1vvkbs x1xmvt09 x1lliihq x1s928wv xhkezso x1gmr53x x1cpjm7i x1fgarty x1943h6x xudqn12 x3x7a5m x1f6kntn xvq8zen xo1l8bm xzsf02u\" dir=\"auto\"><a href=\"https:\/\/www.elcomercio.es\/sociedad\/alitar-asturies\/\"><span style=\"color: #008080\"><strong>Alitar Asturies<\/strong><\/span><\/a>, secci\u00f3n n&#8217;<a class=\"x1i10hfl xjbqb8w x6umtig x1b1mbwd xaqea5y xav7gou x9f619 x1ypdohk xt0psk2 xe8uvvx xdj266r x11i5rnm xat24cr x1mh8g0r xexx8yu x4uap5 x18d9i69 xkhd6sd x16tdsg8 x1hl2dhg xggy1nq x1a2a7pz xt0b8zv xzsf02u x1s688f\" role=\"link\" href=\"https:\/\/www.facebook.com\/hashtag\/asturianu?__eep__=6&amp;__cft__[0]=AZVgtUaYjnBUp4lNWq-Y7iY8HMay2_VWpTKN6Dgw-PyjC_UJfc047WlwWUFsnLjU9cIdSP2FJB2KbDJJgpGBxFRMCa-4-xpeRFRhPskg2YEPbuBupq6C4KewPlc9NcHQnH6T9yJMKWAMUTtV-A794pRwnCIp8u9N4TnQ_APYGJp6LDkiSe6VGfDZbAnlonXR8wNiPl5Iuxqh4YoZjL-WGvC5&amp;__tn__=*NK*F\">#asturianu<\/a> d&#8217;<a class=\"x1i10hfl xjbqb8w x6umtig x1b1mbwd xaqea5y xav7gou x9f619 x1ypdohk xt0psk2 xe8uvvx xdj266r x11i5rnm xat24cr x1mh8g0r xexx8yu x4uap5 x18d9i69 xkhd6sd x16tdsg8 x1hl2dhg xggy1nq x1a2a7pz xt0b8zv xzsf02u x1s688f\" role=\"link\" href=\"https:\/\/www.facebook.com\/elcomercio\/?__cft__[0]=AZVgtUaYjnBUp4lNWq-Y7iY8HMay2_VWpTKN6Dgw-PyjC_UJfc047WlwWUFsnLjU9cIdSP2FJB2KbDJJgpGBxFRMCa-4-xpeRFRhPskg2YEPbuBupq6C4KewPlc9NcHQnH6T9yJMKWAMUTtV-A794pRwnCIp8u9N4TnQ_APYGJp6LDkiSe6VGfDZbAnlonXR8wNiPl5Iuxqh4YoZjL-WGvC5&amp;__tn__=kK*F\"><span class=\"xt0psk2\">El Comercio (Diario de Asturias)<\/span><\/a>qu&#8217;ent\u00e1 sigue angua\u00f1o.<br \/>\n<\/span><\/li>\n<\/ul>\n<p style=\"text-align: center\">\n<!-- iframe plugin v.6.0 wordpress.org\/plugins\/iframe\/ -->\n<iframe loading=\"lazy\" src=\"https:\/\/www.facebook.com\/plugins\/post.php?href=https%3A%2F%2Fwww.facebook.com%2Finaciu%2Fposts%2Fpfbid034pVqGc24DkRMbmwALA3VsfSomJiU3MuTvAUz8NeaZEaRYTPKUBPVTkoPp5feySGHl&#038;show_text=true&#038;width=500\" width=\"500\" height=\"712\" style=\"border:none;overflow:hidden\" scrolling=\"no\" frameborder=\"0\" allowfullscreen=\"true\" allow=\"autoplay; clipboard-write; encrypted-media; picture-in-picture; web-share\" 0=\"\/iframe\" class=\"iframe-class\"><\/iframe>\n<\/p>\n<p><!--more--><\/p>\n<p><span class=\"x193iq5w xeuugli x13faqbe x1vvkbs x1xmvt09 x1lliihq x1s928wv xhkezso x1gmr53x x1cpjm7i x1fgarty x1943h6x xudqn12 x3x7a5m x1f6kntn xvq8zen xo1l8bm xzsf02u\" dir=\"auto\">Entam\u00f3 baxo la coordinaci\u00f3n <a class=\"x1i10hfl xjbqb8w x6umtig x1b1mbwd xaqea5y xav7gou x9f619 x1ypdohk xt0psk2 xe8uvvx xdj266r x11i5rnm xat24cr x1mh8g0r xexx8yu x4uap5 x18d9i69 xkhd6sd x16tdsg8 x1hl2dhg xggy1nq x1a2a7pz xt0b8zv xzsf02u x1s688f\" role=\"link\" href=\"https:\/\/www.facebook.com\/ramonde.andresdiaz?__cft__[0]=AZVgtUaYjnBUp4lNWq-Y7iY8HMay2_VWpTKN6Dgw-PyjC_UJfc047WlwWUFsnLjU9cIdSP2FJB2KbDJJgpGBxFRMCa-4-xpeRFRhPskg2YEPbuBupq6C4KewPlc9NcHQnH6T9yJMKWAMUTtV-A794pRwnCIp8u9N4TnQ_APYGJp6LDkiSe6VGfDZbAnlonXR8wNiPl5Iuxqh4YoZjL-WGvC5&amp;__tn__=-]K*F\"><span class=\"xt0psk2\">Ram\u00f3n d&#8217;Andr\u00e9s D\u00edaz<\/span><\/a>, dende 1981 M\u00e1nfer de la Llera y en 1981 torna Ram\u00f3n d\u2019Andr\u00e9s, y en 2002 g\u00e1rrala <a class=\"x1i10hfl xjbqb8w x6umtig x1b1mbwd xaqea5y xav7gou x9f619 x1ypdohk xt0psk2 xe8uvvx xdj266r x11i5rnm xat24cr x1mh8g0r xexx8yu x4uap5 x18d9i69 xkhd6sd x16tdsg8 x1hl2dhg xggy1nq x1a2a7pz xt0b8zv xzsf02u x1s688f\" role=\"link\" href=\"https:\/\/www.facebook.com\/fxurde?__cft__[0]=AZVgtUaYjnBUp4lNWq-Y7iY8HMay2_VWpTKN6Dgw-PyjC_UJfc047WlwWUFsnLjU9cIdSP2FJB2KbDJJgpGBxFRMCa-4-xpeRFRhPskg2YEPbuBupq6C4KewPlc9NcHQnH6T9yJMKWAMUTtV-A794pRwnCIp8u9N4TnQ_APYGJp6LDkiSe6VGfDZbAnlonXR8wNiPl5Iuxqh4YoZjL-WGvC5&amp;__tn__=-]K*F\"><span class=\"xt0psk2\">Xurde Fernandez Fernandez<\/span><\/a>, depu\u00e9s, igual pueden danos m\u00e1s datos ellos, <a class=\"x1i10hfl xjbqb8w x6umtig x1b1mbwd xaqea5y xav7gou x9f619 x1ypdohk xt0psk2 xe8uvvx xdj266r x11i5rnm xat24cr x1mh8g0r xexx8yu x4uap5 x18d9i69 xkhd6sd x16tdsg8 x1hl2dhg xggy1nq x1a2a7pz xt0b8zv xzsf02u x1s688f\" role=\"link\" href=\"https:\/\/www.facebook.com\/ondaceroinfiesto.uniprex?__cft__[0]=AZVgtUaYjnBUp4lNWq-Y7iY8HMay2_VWpTKN6Dgw-PyjC_UJfc047WlwWUFsnLjU9cIdSP2FJB2KbDJJgpGBxFRMCa-4-xpeRFRhPskg2YEPbuBupq6C4KewPlc9NcHQnH6T9yJMKWAMUTtV-A794pRwnCIp8u9N4TnQ_APYGJp6LDkiSe6VGfDZbAnlonXR8wNiPl5Iuxqh4YoZjL-WGvC5&amp;__tn__=-]K*F\"><span class=\"xt0psk2\">Enrique Carballeira Melendi<\/span><\/a>, <a class=\"x1i10hfl xjbqb8w x6umtig x1b1mbwd xaqea5y xav7gou x9f619 x1ypdohk xt0psk2 xe8uvvx xdj266r x11i5rnm xat24cr x1mh8g0r xexx8yu x4uap5 x18d9i69 xkhd6sd x16tdsg8 x1hl2dhg xggy1nq x1a2a7pz xt0b8zv xzsf02u x1s688f\" role=\"link\" href=\"https:\/\/www.facebook.com\/paul.sailor.18?__cft__[0]=AZVgtUaYjnBUp4lNWq-Y7iY8HMay2_VWpTKN6Dgw-PyjC_UJfc047WlwWUFsnLjU9cIdSP2FJB2KbDJJgpGBxFRMCa-4-xpeRFRhPskg2YEPbuBupq6C4KewPlc9NcHQnH6T9yJMKWAMUTtV-A794pRwnCIp8u9N4TnQ_APYGJp6LDkiSe6VGfDZbAnlonXR8wNiPl5Iuxqh4YoZjL-WGvC5&amp;__tn__=-]K*F\"><span class=\"xt0psk2\">Pablo Ant\u00f3n Mar\u00edn Estrada<\/span><\/a>, <a class=\"x1i10hfl xjbqb8w x6umtig x1b1mbwd xaqea5y xav7gou x9f619 x1ypdohk xt0psk2 xe8uvvx xdj266r x11i5rnm xat24cr x1mh8g0r xexx8yu x4uap5 x18d9i69 xkhd6sd x16tdsg8 x1hl2dhg xggy1nq x1a2a7pz xt0b8zv xzsf02u x1s688f\" role=\"link\" href=\"https:\/\/www.facebook.com\/Miguel.Rambaldi?__cft__[0]=AZVgtUaYjnBUp4lNWq-Y7iY8HMay2_VWpTKN6Dgw-PyjC_UJfc047WlwWUFsnLjU9cIdSP2FJB2KbDJJgpGBxFRMCa-4-xpeRFRhPskg2YEPbuBupq6C4KewPlc9NcHQnH6T9yJMKWAMUTtV-A794pRwnCIp8u9N4TnQ_APYGJp6LDkiSe6VGfDZbAnlonXR8wNiPl5Iuxqh4YoZjL-WGvC5&amp;__tn__=-]K*F\"><span class=\"xt0psk2\">Miguel Rojo<\/span><\/a>\u2026<\/span><\/p>\n<p>&nbsp;<\/p>\n<p style=\"text-align: center\"><a href=\"https:\/\/s2.ppllstatics.com\/elcomercio\/www\/multimedia\/2023\/04\/06\/82425593--758x531.jpg\"><img loading=\"lazy\" decoding=\"async\" class=\"aligncenter size-full\" src=\"https:\/\/s2.ppllstatics.com\/elcomercio\/www\/multimedia\/2023\/04\/06\/82425593--758x531.jpg\" width=\"758\" height=\"531\" \/><\/a><em><span style=\"font-size: 16px\">Cuarenta y cinco primaveres alendando la nuestra llingua<\/span><\/em><\/p>\n<div class=\"v-a-info-c \">\n<h2 class=\"v-a-sub-t\" style=\"text-align: center\"><em><span style=\"font-size: 14px\">&#8216;Alitar Asturies&#8217;. Remembramos la historia de la secci\u00f3n puxada<br \/>\npol a\u00f1or\u00e1u director de EL COMERCIO Francisco Caranto\u00f1a n&#8217;abril de 1978<\/span><\/em><\/h2>\n<\/div>\n","protected":false},"excerpt":{"rendered":"<p>#Efem\u00e9rides n&#8217;asturianu \/ Inaciu Gal\u00e1n Alitar Asturies, secci\u00f3n n&#8217;#asturianu d&#8217;El Comercio (Diario de Asturias)qu&#8217;ent\u00e1 sigue angua\u00f1o.<\/p>\n","protected":false},"author":117,"featured_media":0,"comment_status":"open","ping_status":"open","sticky":false,"template":"","format":"standard","meta":{"footnotes":""},"categories":[264],"tags":[],"class_list":["post-18059","post","type-post","status-publish","format-standard","hentry","category-efemerides"],"_links":{"self":[{"href":"https:\/\/edublog.educastur.es\/ixuxu\/wp-json\/wp\/v2\/posts\/18059","targetHints":{"allow":["GET"]}}],"collection":[{"href":"https:\/\/edublog.educastur.es\/ixuxu\/wp-json\/wp\/v2\/posts"}],"about":[{"href":"https:\/\/edublog.educastur.es\/ixuxu\/wp-json\/wp\/v2\/types\/post"}],"author":[{"embeddable":true,"href":"https:\/\/edublog.educastur.es\/ixuxu\/wp-json\/wp\/v2\/users\/117"}],"replies":[{"embeddable":true,"href":"https:\/\/edublog.educastur.es\/ixuxu\/wp-json\/wp\/v2\/comments?post=18059"}],"version-history":[{"count":8,"href":"https:\/\/edublog.educastur.es\/ixuxu\/wp-json\/wp\/v2\/posts\/18059\/revisions"}],"predecessor-version":[{"id":18067,"href":"https:\/\/edublog.educastur.es\/ixuxu\/wp-json\/wp\/v2\/posts\/18059\/revisions\/18067"}],"wp:attachment":[{"href":"https:\/\/edublog.educastur.es\/ixuxu\/wp-json\/wp\/v2\/media?parent=18059"}],"wp:term":[{"taxonomy":"category","embeddable":true,"href":"https:\/\/edublog.educastur.es\/ixuxu\/wp-json\/wp\/v2\/categories?post=18059"},{"taxonomy":"post_tag","embeddable":true,"href":"https:\/\/edublog.educastur.es\/ixuxu\/wp-json\/wp\/v2\/tags?post=18059"}],"curies":[{"name":"wp","href":"https:\/\/api.w.org\/{rel}","templated":true}]}}