{"id":18070,"date":"2023-04-09T12:51:20","date_gmt":"2023-04-09T10:51:20","guid":{"rendered":"https:\/\/edublog.educastur.es\/ixuxu\/?p=18070"},"modified":"2023-04-09T12:56:30","modified_gmt":"2023-04-09T10:56:30","slug":"ix-certame-dacebacheria","status":"publish","type":"post","link":"https:\/\/edublog.educastur.es\/ixuxu\/2023\/04\/ix-certame-dacebacheria\/","title":{"rendered":"IX Certame d\u2019Acebacher\u00eda"},"content":{"rendered":"<div class=\"\" dir=\"auto\">\n<div class=\"\" dir=\"auto\">\n<div class=\"x1iorvi4 x1pi30zi x1swvt13 x1l90r2v\" data-ad-comet-preview=\"message\" data-ad-preview=\"message\">\n<div class=\"x78zum5 xdt5ytf xz62fqu x16ldp7u\">\n<div class=\"xu06os2 x1ok221b\">\n<div class=\"x11i5rnm xat24cr x1mh8g0r x1vvkbs xdj266r x126k92a\">\n<ul>\n<li><a href=\"https:\/\/www.facebook.com\/photo\/?fbid=9125028414238335&amp;set=a.287363801338218\">Fonte: Amadeu Benavente<\/a><\/li>\n<li>CERTAME D&#8217;ACEBACHER\u00cdA \u00abELISEO NICOL\u00c1S\u00bb, A\u00f1u IX P<a href=\"https:\/\/drive.google.com\/file\/d\/1_n7zYfZxnYYUjDeH2sbwtMev5CWMaBnm\/view?fbclid=IwAR2hnq3SNMbXpHnxHqEDsM6CUy3TkRPWzlkNlWQVXm1HJF4_RgLJHJaHyD8\">rograma<\/a><\/li>\n<li><a href=\"http:\/\/www.azabachejurasico.com\/\">AzabacheJur\u00e1sico.com\u00a0 Asociaci\u00f3n<\/a> \/<a href=\"http:\/\/www.azabachejurasico.com\/el-azabache.html\"> Qu\u00e9 es el acebache<\/a> \/<\/li>\n<\/ul>\n<p style=\"text-align: center\">\n<!-- iframe plugin v.6.0 wordpress.org\/plugins\/iframe\/ -->\n<iframe loading=\"lazy\" src=\"https:\/\/www.facebook.com\/plugins\/post.php?href=https%3A%2F%2Fwww.facebook.com%2Famadeu.benaventerodriguez.3%2Fposts%2Fpfbid02FPpi1F9dDNqn9VPS6VGazP9dkkNEPA9ZFFcvGBWKLZ1vEJxvQLmhbhThfda3FJNXl&#038;show_text=false&#038;width=500\" width=\"500\" height=\"361\" style=\"border:none;overflow:hidden\" scrolling=\"no\" frameborder=\"0\" allowfullscreen=\"true\" allow=\"autoplay; clipboard-write; encrypted-media; picture-in-picture; web-share\" 0=\"\/iframe\" class=\"iframe-class\"><\/iframe>\n<\/p>\n<p style=\"text-align: center\"><em>\u00a9 Na semeya d\u2019Amad\u00e9u Benavente, Mar\u00eda P\u00e9rez, <\/em><br \/>\n<em>presidenta de la \u00abUni\u00f3n Azabachera de Villaviciosa\u00bb<\/em><\/p>\n<div dir=\"auto\"><\/div>\n<\/div>\n<div class=\"x11i5rnm xat24cr x1mh8g0r x1vvkbs xtlvy1s x126k92a\">\n<div dir=\"auto\">Un a\u00f1u m\u00e1s present\u00f3se na Villa l\u2019\u00fanicu <strong><span style=\"color: #008080\">Certame d\u2019Acebacher\u00eda<\/span><\/strong>que se fae n\u2019Espa\u00f1a, baxo la direici\u00f3n de Mar\u00eda P\u00e9rez, maestra acebachera comprometida dafechu cola profesi\u00f3n, col material y col so posicionamientu como f\u00f3sil xur\u00e1sicu con carauter\u00edstiques \u00faniques nel mundu, asemeyaes \u2013pero estremaes\u2013 de los acebaches de Whitby y del sur de Turqu\u00eda.<\/div>\n<div dir=\"auto\"><!--more--><\/div>\n<div dir=\"auto\"><\/div>\n<div dir=\"auto\">La visita a Mar\u00eda ye una constante pa los que tamos esmolec\u00edos pol futuru d\u2019esti sector d\u2019activid\u00e1 artesanal tradicional d\u2019un valor cultural ya econ\u00f3micu incalculable, pero, por ser de nuestro, desdex\u00e1u poles Alministraciones del Princip\u00e1u. Les \u00faltimes noticies anuncien un ciertu enfotu na firma \u2013por parte d\u2019un cient\u00edficu renom\u00e1u\u2013 de los estudios fechos hasta agora p\u2019algamar un validamientu afayadizu de los mesmos y, en segundu llugar, consiguir una norma axeitada pa la reapertura d\u2019una de les mines zarraes cuantay\u00e1 pa un suministru curiosu del material. Dase por seguro que l\u2019argayu del cantil na redolada del faru Tazones fizo despe\u00f1ase al empar material f\u00f3sil de perbona calid\u00e1, pero sacalo d\u2019ell\u00ed paez enforma peligroso.<\/div>\n<\/div>\n<\/div>\n<div dir=\"auto\" style=\"text-align: center\"><a href=\"http:\/\/www.azabachejurasico.com\/uploads\/1\/1\/8\/0\/118002483\/editor\/cartel-recorte-turismo.jpg?1648920688\"><img loading=\"lazy\" decoding=\"async\" class=\"aligncenter size-full\" src=\"http:\/\/www.azabachejurasico.com\/uploads\/1\/1\/8\/0\/118002483\/editor\/cartel-recorte-turismo.jpg?1648920688\" width=\"433\" height=\"437\" \/><\/a><\/div>\n<div class=\"xu06os2 x1ok221b\">\n<div dir=\"auto\" style=\"text-align: center\">\n<!-- iframe plugin v.6.0 wordpress.org\/plugins\/iframe\/ -->\n<iframe loading=\"lazy\" width=\"100%\" height=\"395\" src=\"https:\/\/www.youtube.com\/embed\/E24UnwiN7Ww\" title=\"Oficios - Azabache. Versi\u00f3n subtitulada\" frameborder=\"0\" allow=\"accelerometer; autoplay; clipboard-write; encrypted-media; gyroscope; picture-in-picture; web-share\" 0=\"allowfullscreen\" 1=\"\/iframe\" scrolling=\"yes\" class=\"iframe-class\"><\/iframe>\n<\/div>\n<div dir=\"auto\"><\/div>\n<div dir=\"auto\" style=\"text-align: center\"><a href=\"http:\/\/www.azabachejurasico.com\/el-azabache.html\"><em><span style=\"color: #008080;font-size: 24px\"><strong>\u00bfQu\u00e9 ye l&#8217;Acebache?<\/strong><\/span><\/em><\/a><\/div>\n<div dir=\"auto\" style=\"text-align: center\">\n<!-- iframe plugin v.6.0 wordpress.org\/plugins\/iframe\/ -->\n<iframe loading=\"lazy\" width=\"100%\" height=\"395\" src=\"https:\/\/www.youtube.com\/embed\/q5qFaY_TjRc\" title=\"Azabache Jur\u00e1sico, &amp;quot;el valor de lo aut\u00e9ntico&amp;quot;\" frameborder=\"0\" allow=\"accelerometer; autoplay; clipboard-write; encrypted-media; gyroscope; picture-in-picture; web-share\" 0=\"allowfullscreen\" 1=\"\/iframe\" scrolling=\"yes\" class=\"iframe-class\"><\/iframe>\n<\/div>\n<div dir=\"auto\"><\/div>\n<\/div>\n<\/div>\n<\/div>\n<\/div>\n<\/div>\n<p>&nbsp;<\/p>\n","protected":false},"excerpt":{"rendered":"<p>Fonte: Amadeu Benavente CERTAME D&#8217;ACEBACHER\u00cdA \u00abELISEO NICOL\u00c1S\u00bb, A\u00f1u IX Programa AzabacheJur\u00e1sico.com\u00a0 Asociaci\u00f3n \/ Qu\u00e9 es el acebache \/ \u00a9 Na semeya d\u2019Amad\u00e9u Benavente, Mar\u00eda P\u00e9rez, presidenta de la \u00abUni\u00f3n Azabachera de Villaviciosa\u00bb Un a\u00f1u m\u00e1s present\u00f3se na Villa l\u2019\u00fanicu Certame d\u2019Acebacher\u00edaque se fae n\u2019Espa\u00f1a, baxo la direici\u00f3n de Mar\u00eda P\u00e9rez, maestra acebachera comprometida dafechu cola [&hellip;]<\/p>\n","protected":false},"author":117,"featured_media":0,"comment_status":"open","ping_status":"open","sticky":false,"template":"","format":"standard","meta":{"footnotes":""},"categories":[89],"tags":[],"class_list":["post-18070","post","type-post","status-publish","format-standard","hentry","category-arte"],"_links":{"self":[{"href":"https:\/\/edublog.educastur.es\/ixuxu\/wp-json\/wp\/v2\/posts\/18070","targetHints":{"allow":["GET"]}}],"collection":[{"href":"https:\/\/edublog.educastur.es\/ixuxu\/wp-json\/wp\/v2\/posts"}],"about":[{"href":"https:\/\/edublog.educastur.es\/ixuxu\/wp-json\/wp\/v2\/types\/post"}],"author":[{"embeddable":true,"href":"https:\/\/edublog.educastur.es\/ixuxu\/wp-json\/wp\/v2\/users\/117"}],"replies":[{"embeddable":true,"href":"https:\/\/edublog.educastur.es\/ixuxu\/wp-json\/wp\/v2\/comments?post=18070"}],"version-history":[{"count":4,"href":"https:\/\/edublog.educastur.es\/ixuxu\/wp-json\/wp\/v2\/posts\/18070\/revisions"}],"predecessor-version":[{"id":18074,"href":"https:\/\/edublog.educastur.es\/ixuxu\/wp-json\/wp\/v2\/posts\/18070\/revisions\/18074"}],"wp:attachment":[{"href":"https:\/\/edublog.educastur.es\/ixuxu\/wp-json\/wp\/v2\/media?parent=18070"}],"wp:term":[{"taxonomy":"category","embeddable":true,"href":"https:\/\/edublog.educastur.es\/ixuxu\/wp-json\/wp\/v2\/categories?post=18070"},{"taxonomy":"post_tag","embeddable":true,"href":"https:\/\/edublog.educastur.es\/ixuxu\/wp-json\/wp\/v2\/tags?post=18070"}],"curies":[{"name":"wp","href":"https:\/\/api.w.org\/{rel}","templated":true}]}}