{"id":1808,"date":"2020-12-12T17:24:46","date_gmt":"2020-12-12T15:24:46","guid":{"rendered":"https:\/\/edublog.educastur.es\/ixuxu\/?p=1808"},"modified":"2020-12-12T17:25:12","modified_gmt":"2020-12-12T15:25:12","slug":"el-proximu-14-davientu-la-mayoria-de-los-habitantes-del-hemisferiu-sur-van-ser-testigos-dun-eclis-solar-total","status":"publish","type":"post","link":"https:\/\/edublog.educastur.es\/ixuxu\/2020\/12\/el-proximu-14-davientu-la-mayoria-de-los-habitantes-del-hemisferiu-sur-van-ser-testigos-dun-eclis-solar-total\/","title":{"rendered":"El pr\u00f3ximu 14 d&#8217;avientu la mayor\u00eda de los habitantes del hemisferiu sur van ser testigos d&#8217;un ecl\u00eds solar total"},"content":{"rendered":"<p><img loading=\"lazy\" decoding=\"async\" class=\"alignleft size-full\" src=\"https:\/\/ichef.bbci.co.uk\/news\/800\/cpsprodpb\/C5CF\/production\/_115993605_gettyimages-836325012.jpg\" width=\"800\" height=\"450\" \/><\/p>\n<p>&nbsp;<\/p>\n<p>El pr\u00f3ximu llunes 14 d&#8217;avientu de 2020 va asoceder un<strong> ecl\u00eds solar total<\/strong>. Recordemos qu&#8217;un ecl\u00eds solar asocede cuando la lluna pasa ente la Tierra y el sol. Esti ecl\u00eds va ser total, lo que significa que, n&#8217;apariencia, el di\u00e1metru de la lluna ver\u00e1 mayor que&#8217;l di\u00e1metru del sol. Lo qu&#8217;asocede ye que la lluna bloquia tola lluz solar, convirtiendo&#8217;l d\u00eda n&#8217;escurid\u00e1.<\/p>\n<p><!--more--><\/p>\n<p>L&#8217;ecl\u00eds del pr\u00f3ximu 14 va ser visible en bona parte d&#8217;Am\u00e9rica del Sur, particularmente n&#8217;Ecuador, Per\u00fa, Bolivia, Paraguay, Chile, Arxentina, Uruguai y delles partes de Brasil. Coles mesmes, va poder reparase en delles isles d&#8217;Ocean\u00eda (Polinesia Francesa y les isles Pitcairn), na Ant\u00e1rtida y en dellos pa\u00edses del sur d&#8217;\u00c1frica como Namibia, Angola y la rex\u00f3n sudeste de Sur\u00e1frica.<\/p>\n<p><strong>El fen\u00f3menu va tener xuna duraci\u00f3n d&#8217;alredor de dos minutos y diez segundos, con pequenes variaciones dependiendo del allugamientu esactu.<\/strong><\/p>\n<p>Ensin dulda, tr\u00e1tase d&#8217;un espect\u00e1culu que val la pena reparar (o siguir, en casu de nun morar nuna zona onde pueda vese lo). Mientres munchos a\u00f1os populariz\u00f3se&#8217;l turismu astron\u00f3micu, que consta de viaxar a los pa\u00edses onde los fen\u00f3menos astron\u00f3micos m\u00e1s singulares son visibles (como ye&#8217;l casu, por casu, de les aurores boreales y los eclises).<\/p>\n<p>Chile ye unu de los pa\u00edses m\u00e1s curiosos pa esti tipu de turismu, por cuenta de los sos cielos estenos y el so allugamientu nel globu. Tami\u00e9n por esta raz\u00f3n, esti pa\u00eds suramericanu ye unu de los llugares con m\u00e1s observatorios cient\u00edficos y tur\u00edsticos del mundu. Nel casu del ecl\u00eds del pr\u00f3ximu 14 d\u00b4avientu Chile va ser, de nuevu, unu de los pa\u00edses m\u00e1s privilexaos pa la observaci\u00f3n d&#8217;esti fen\u00f3menu.<\/p>\n<p>Pal pueblu orixinariu mapuche, nativu de la rex\u00f3n andina, un ecl\u00eds solar total recibe&#8217;l nome de \u00ablay ant\u00fc\u00bb o \u00ablan ant\u00fc\u00bb, que significa \u00abmuerte del sol\u00bb. Esti ecl\u00eds ye un sucesu de suma importancia na cosmovisi\u00f3n mapuche. Tal como&#8217;l so nome indica, la muerte del sol\u00bb marca la suspensi\u00f3n del tiempu por que un nuevu ciclu empiece.<\/p>\n<ul>\n<li>Fonte: <a href=\"https:\/\/pijamasurf.com\/2020\/12\/eclipse_total_de_sol_14_diciembre_2020_donde_verlo_como_verlo_hora_argentina_chile_uruguay\/?fbclid=IwAR3Qd3YAzxjCKfojIm7SPXY334yyb1Wc7lAw8aWSKgS3MJFdO55pzzODOro\">Pijama Surf<\/a><\/li>\n<li><a href=\"https:\/\/www.bbc.com\/mundo\/noticias-55240802\">Eclipse solar<\/a><\/li>\n<\/ul>\n","protected":false},"excerpt":{"rendered":"<p>&nbsp; El pr\u00f3ximu llunes 14 d&#8217;avientu de 2020 va asoceder un ecl\u00eds solar total. Recordemos qu&#8217;un ecl\u00eds solar asocede cuando la lluna pasa ente la Tierra y el sol. Esti ecl\u00eds va ser total, lo que significa que, n&#8217;apariencia, el di\u00e1metru de la lluna ver\u00e1 mayor que&#8217;l di\u00e1metru del sol. Lo qu&#8217;asocede ye que la [&hellip;]<\/p>\n","protected":false},"author":117,"featured_media":0,"comment_status":"closed","ping_status":"open","sticky":false,"template":"","format":"standard","meta":{"footnotes":""},"categories":[4],"tags":[],"class_list":["post-1808","post","type-post","status-publish","format-standard","hentry","category-natura"],"_links":{"self":[{"href":"https:\/\/edublog.educastur.es\/ixuxu\/wp-json\/wp\/v2\/posts\/1808","targetHints":{"allow":["GET"]}}],"collection":[{"href":"https:\/\/edublog.educastur.es\/ixuxu\/wp-json\/wp\/v2\/posts"}],"about":[{"href":"https:\/\/edublog.educastur.es\/ixuxu\/wp-json\/wp\/v2\/types\/post"}],"author":[{"embeddable":true,"href":"https:\/\/edublog.educastur.es\/ixuxu\/wp-json\/wp\/v2\/users\/117"}],"replies":[{"embeddable":true,"href":"https:\/\/edublog.educastur.es\/ixuxu\/wp-json\/wp\/v2\/comments?post=1808"}],"version-history":[{"count":3,"href":"https:\/\/edublog.educastur.es\/ixuxu\/wp-json\/wp\/v2\/posts\/1808\/revisions"}],"predecessor-version":[{"id":1810,"href":"https:\/\/edublog.educastur.es\/ixuxu\/wp-json\/wp\/v2\/posts\/1808\/revisions\/1810"}],"wp:attachment":[{"href":"https:\/\/edublog.educastur.es\/ixuxu\/wp-json\/wp\/v2\/media?parent=1808"}],"wp:term":[{"taxonomy":"category","embeddable":true,"href":"https:\/\/edublog.educastur.es\/ixuxu\/wp-json\/wp\/v2\/categories?post=1808"},{"taxonomy":"post_tag","embeddable":true,"href":"https:\/\/edublog.educastur.es\/ixuxu\/wp-json\/wp\/v2\/tags?post=1808"}],"curies":[{"name":"wp","href":"https:\/\/api.w.org\/{rel}","templated":true}]}}