{"id":1813,"date":"2020-12-09T11:11:54","date_gmt":"2020-12-09T09:11:54","guid":{"rendered":"https:\/\/edublog.educastur.es\/ixuxu\/?p=1813"},"modified":"2020-12-20T15:06:24","modified_gmt":"2020-12-20T13:06:24","slug":"puru-remangu-edita-gueli-un-llibru-onde-los-nietos-cuenten-la-vida-de-les-sos-gueles-pa-nun-escaecer-donde-venimos","status":"publish","type":"post","link":"https:\/\/edublog.educastur.es\/ixuxu\/2020\/12\/puru-remangu-edita-gueli-un-llibru-onde-los-nietos-cuenten-la-vida-de-les-sos-gueles-pa-nun-escaecer-donde-venimos\/","title":{"rendered":"Puru Remangu edita &#8216;Gueli&#8217;, un llibru onde los nietos cuenten la vida de les sos g\u00fceles \u00abpa nun escaecer d&#8217;onde venimos\u00bb"},"content":{"rendered":"<p><img loading=\"lazy\" decoding=\"async\" class=\"alignleft size-full\" src=\"https:\/\/img.europapress.es\/fotoweb\/fotonoticia_20201209181154_420.jpg\" width=\"420\" height=\"420\" \/><\/p>\n<p><img loading=\"lazy\" decoding=\"async\" class=\"alignleft \" src=\"https:\/\/pururemangu.com\/wp-content\/uploads\/2020\/07\/cropped-puru-remangu-1.png\" width=\"105\" height=\"105\" \/><\/p>\n<p><em><span style=\"font-size: 20px\">La marca <a href=\"https:\/\/pururemangu.com\/\"><span style=\"color: #008080\"><strong>Puru Remangu<\/strong><\/span><\/a> acaba d&#8217;editar el llibru <span style=\"color: #008080\"><strong>&#8216;G\u00fceli&#8217;<\/strong><\/span>, que recueye delles histories \u00abd&#8217;hero\u00ednes an\u00f3nimes\u00bb, de muyeres <span style=\"text-decoration: underline\">\u00abqu&#8217;hasta agora nun sal\u00eden nos llibros\u00bb<\/span>. Histories escrites polos nietos pa <span style=\"text-decoration: underline\">\u00abnun escaecer d&#8217;\u00f3nde venimos\u00bb <\/span>y \u00abconocenos meyor y valorar el remangu de les muyeres asturianes\u00bb, indiquen dende Puru Remangu.<\/span><\/em><\/p>\n<p><!--more--><\/p>\n<p><span style=\"font-size: 20px\">La obra naz de la iniciativa <span style=\"color: #008080\"><strong>#30D\u00edesConRemangu<\/strong><\/span>, un proyectu, abiertu y participativu a tolos siguidores d&#8217;Instagram, que public\u00f3 a lo llargo del mes de marzu la historia d&#8217;una &#8216;g\u00fcelita&#8217;. Agora, con &#8216;G\u00fceli, histories d&#8217;amor y remangu&#8217; eses vides pasen al papel al travi\u00e9s de 35 histories, dalgunes y\u00e1 conocies y otres in\u00e9dites que nun salieron na iniciativa #30D\u00edesConRemangu. <a href=\"https:\/\/pururemangu.com\/categoria\/llibru\/\">Preciu: 13 \u20ac<\/a><br \/>\n<\/span><\/p>\n<p><span style=\"font-size: 20px\">\u00abLes histories de toes estes muyeres merec\u00eden pasar al papel y d&#8217;esta forma poder llegar a muncha m\u00e1s xente que nun ta nes redes sociales\u00bb, afirmen dende Puru Remangu, p&#8217;a\u00f1adir que tamos \u00e9nte un llibru \u00abd&#8217;aventures emocionantes, d&#8217;hero\u00ednes an\u00f3nimes, histories de superaci\u00f3n, romances, dalg\u00fan qu&#8217;otru drama y munchu remangu\u00bb.<\/span><\/p>\n<ul>\n<li><a href=\"https:\/\/pururemangu.com\/\">Puru Remangu<\/a><\/li>\n<li><a href=\"https:\/\/m.europapress.es\/asturianu\/noticia-puru-remangu-edita-gueli-llibru-onde-nietos-cuenten-vida-les-sos-gueles-pa-nun-escaecer-donde-venimos-20201209181154.html\">Noticia orixinal Europa Press<\/a><\/li>\n<\/ul>\n<hr \/>\n<p><a href=\"https:\/\/www.rtpa.es\/noticias-sociedad-ast:La-firma-'Puru-Remangu'-publica-una-treintena-de-historias-de-'Guelis'-asturianas_111608379219.html\"><em><span style=\"color: #008080;font-size: 20px\">Noticia en la TPA<\/span><\/em><\/a><\/p>\n<div class=\"cover-intro-detalle-noticia cover-padding-resp padding-b-0\">\n<h1 class=\"font-size-xxl margin-b-5 font-weight-b color-b-050 letter-spacing--1\"><span style=\"font-size: 24px\"><em><span style=\"color: #008080\">&#8216;G\u00fceli&#8217;, un llibru dedic\u00e1u a les g\u00fceles asturianes<\/span><\/em><\/span><\/h1>\n<\/div>\n<div id=\"noticiacompleta\" class=\"contenido-padding-resp parragraph-padding font-c-conent\"><span style=\"font-size: 20px\"><em>Hestories de vida, resiliencia y superaci\u00f3n narraes polos sos nietos.Enar Areces, la creadora de la marca de ropa &#8216;Puru Remangu&#8217;, fala nel llibru &#8216;G\u00fceli&#8217; de muyeres como Carmina, \u00c1ngeles, Esther, Olvido o Melita.<\/em><\/span><span style=\"font-size: 20px\"><em>G\u00fceles asturianes con hestories que s&#8217;entamaron a axuntar en marzu y que g\u00fcei ig\u00fcen esti testu qu&#8217;acaba de salir d&#8217;imprenta. Hestories con &#8216;remangu&#8217;, un t\u00e9rminu al que, como esplica la impulsora de la iniciativa, non siempres se dio&#8217;l signific\u00e1u que merez.<\/em><\/span><\/p>\n<p><span style=\"font-size: 20px\"><em>El testu recueye 35 nomes de muyeres valientes y decid\u00edes. Vides marcaes en munchos casos pola Guerra Civil. Identid\u00e1, feminismu y normalizaci\u00f3n lling\u00fc\u00edstica son dalgunes de les pilastres qu&#8217;encontaron la iniciativa y que trescalen les p\u00e1xines del llibru.<\/em><\/span><\/p>\n<\/div>\n","protected":false},"excerpt":{"rendered":"<p>La marca Puru Remangu acaba d&#8217;editar el llibru &#8216;G\u00fceli&#8217;, que recueye delles histories \u00abd&#8217;hero\u00ednes an\u00f3nimes\u00bb, de muyeres \u00abqu&#8217;hasta agora nun sal\u00eden nos llibros\u00bb. Histories escrites polos nietos pa \u00abnun escaecer d&#8217;\u00f3nde venimos\u00bb y \u00abconocenos meyor y valorar el remangu de les muyeres asturianes\u00bb, indiquen dende Puru Remangu.<\/p>\n","protected":false},"author":117,"featured_media":0,"comment_status":"closed","ping_status":"open","sticky":false,"template":"","format":"standard","meta":{"footnotes":""},"categories":[9,10],"tags":[],"class_list":["post-1813","post","type-post","status-publish","format-standard","hentry","category-libros-adultos","category-llibros-reciella"],"_links":{"self":[{"href":"https:\/\/edublog.educastur.es\/ixuxu\/wp-json\/wp\/v2\/posts\/1813","targetHints":{"allow":["GET"]}}],"collection":[{"href":"https:\/\/edublog.educastur.es\/ixuxu\/wp-json\/wp\/v2\/posts"}],"about":[{"href":"https:\/\/edublog.educastur.es\/ixuxu\/wp-json\/wp\/v2\/types\/post"}],"author":[{"embeddable":true,"href":"https:\/\/edublog.educastur.es\/ixuxu\/wp-json\/wp\/v2\/users\/117"}],"replies":[{"embeddable":true,"href":"https:\/\/edublog.educastur.es\/ixuxu\/wp-json\/wp\/v2\/comments?post=1813"}],"version-history":[{"count":6,"href":"https:\/\/edublog.educastur.es\/ixuxu\/wp-json\/wp\/v2\/posts\/1813\/revisions"}],"predecessor-version":[{"id":1815,"href":"https:\/\/edublog.educastur.es\/ixuxu\/wp-json\/wp\/v2\/posts\/1813\/revisions\/1815"}],"wp:attachment":[{"href":"https:\/\/edublog.educastur.es\/ixuxu\/wp-json\/wp\/v2\/media?parent=1813"}],"wp:term":[{"taxonomy":"category","embeddable":true,"href":"https:\/\/edublog.educastur.es\/ixuxu\/wp-json\/wp\/v2\/categories?post=1813"},{"taxonomy":"post_tag","embeddable":true,"href":"https:\/\/edublog.educastur.es\/ixuxu\/wp-json\/wp\/v2\/tags?post=1813"}],"curies":[{"name":"wp","href":"https:\/\/api.w.org\/{rel}","templated":true}]}}